{"id":236813,"date":"2025-11-15T05:08:10","date_gmt":"2025-11-15T05:08:10","guid":{"rendered":"https:\/\/www.europesays.com\/es\/236813\/"},"modified":"2025-11-15T05:08:10","modified_gmt":"2025-11-15T05:08:10","slug":"chega-retratado-por-chega-culto-al-lider-grabaciones-ilegales-y-financiacion-turbia-internacional","status":"publish","type":"post","link":"https:\/\/www.europesays.com\/es\/236813\/","title":{"rendered":"Chega retratado por Chega: culto al l\u00edder, grabaciones ilegales y financiaci\u00f3n turbia | Internacional"},"content":{"rendered":"<p class=\"\">Chega es una religi\u00f3n y Andr\u00e9 Ventura, su profeta. Por dentro do Chega, el libro que el periodista Miguel Carvalho ha publicado en Portugal (750 p\u00e1ginas, centenar largo de entrevistados, cinco a\u00f1os de investigaci\u00f3n) en la editorial Objectiva, es un exhaustivo retrato del proyecto pol\u00edtico extremista m\u00e1s poderoso de la historia de la democracia portuguesa. <a href=\"https:\/\/elpais.com\/noticias\/chega\/\" target=\"_self\" rel=\"nofollow noopener\" title=\"https:\/\/elpais.com\/noticias\/chega\/\">Chega naci\u00f3 en 2019<\/a> de la mano de Andr\u00e9 Ventura, un pol\u00edtico decepcionado de su vida en el moderado Partido Social Dem\u00f3crata (PSD), y varios amigos que ya no le acompa\u00f1an. En dos meses se han lanzado siete ediciones y 30.000 ejemplares, seis veces del considerado best-seller en Portugal.<\/p>\n<p class=\"\">Fundadores como Nuno Afonso o la jurista Fernanda Marques Lopes (carn\u00e9s n\u00famero 2 y 3) se han quedado por el camino tras perder alguna de las cruentas guerras internas con otras facciones que deseaban el control sobre el l\u00edder y el partido. Tambi\u00e9n porque Ventura no quiere sombras alargadas sobre \u00e9l. En esas escaramuzas se han empleado amenazas, grabaciones ilegales, cuentas falsas en redes y otras lindezas. Lo m\u00e1s perturbador es constatar que la informaci\u00f3n sobre los trapos sucios no procede de adversarios pol\u00edticos. \u201cEl 90% del libro es Chega hablando de Chega, un retrato del partido hecho por los que est\u00e1n o estuvieron dentro y la mayor\u00eda lo hace en on [aceptando ser citados]\u201d, destaca Carvalho (Oporto, 54 a\u00f1os), que logra entrevistar a militantes que le detestan y le atacan en redes.<\/p>\n<p class=\"\">En apenas siete a\u00f1os, la formaci\u00f3n se ha convertido en seria aspirante a la gobernaci\u00f3n con una receta que podr\u00eda resumirse as\u00ed: programa pol\u00edtico fluctuante, presencia televisiva desproporcionada, hiperactividad digital y gui\u00f1os a los resentidos con el sistema. En ese tiempo pas\u00f3 de un solo diputado en la Asamblea de la Rep\u00fablica a los 60 de las elecciones de mayo. Es el principal grupo de la oposici\u00f3n y, por tanto, su sue\u00f1o de sustituir en el futuro a la coalici\u00f3n AD en el Gobierno ya no es ninguna quimera. <\/p>\n<p class=\"\">Antes de afrontar esa prueba, Ventura medir\u00e1 su respaldo social en <a href=\"https:\/\/elpais.com\/internacional\/2025-09-16\/el-ultra-andre-ventura-presenta-su-candidatura-antisistema-a-la-presidencia-de-portugal.html\" target=\"_self\" rel=\"nofollow noopener\" title=\"https:\/\/elpais.com\/internacional\/2025-09-16\/el-ultra-andre-ventura-presenta-su-candidatura-antisistema-a-la-presidencia-de-portugal.html\">las elecciones presidenciales que se celebran el 18 de enero<\/a>. Ser\u00e1 su segundo intento de hacerse con la Jefatura del Estado. En el primero, en 2021, recibi\u00f3 casi medio mill\u00f3n de votos, pese a que Chega daba sus primeros pasos. Ahora ha encadenado varias conquistas hist\u00f3ricas \u2014la principal es haber desbancado al Partido Socialista como principal fuerza de oposici\u00f3n en la Asamblea\u2014 y el antiguo comentarista televisivo del Benfica tiene opciones de pasar a una segunda vuelta. \u201cEs el pol\u00edtico que mejor fija a sus electores y enfrente tiene una izquierda dividida\u201d, observa el periodista durante una entrevista en Lisboa. <\/p>\n<p class=\"\">El libro de Carvalho no trata de adivinar el futuro, sino de iluminar el pasado reciente y comprender las ra\u00edces del fulgor que vive la extrema derecha en un pa\u00eds que hace medio siglo impresion\u00f3 al mundo con la Revoluci\u00f3n de los Claveles. \u201cExiste <a href=\"https:\/\/elpais.com\/internacional\/2025-05-25\/el-alentejo-feudo-de-la-izquierda-desde-la-revolucion-de-los-claveles-abraza-a-la-ultraderecha.html\" target=\"_self\" rel=\"nofollow noopener\" title=\"https:\/\/elpais.com\/internacional\/2025-05-25\/el-alentejo-feudo-de-la-izquierda-desde-la-revolucion-de-los-claveles-abraza-a-la-ultraderecha.html\">el pa\u00eds de Ventura, personas que sienten que el Estado les abandon\u00f3<\/a> y que carecen de servicios. Sienten que por vez primera tienen una voz que protesta en su nombre y grita por ellos\u201d, reflexiona el periodista. Marine Le Pen lo resumi\u00f3 en un acto en Lisboa: \u201cChega es un grito que viene del coraz\u00f3n\u201d. La conexi\u00f3n emocional explica que personas modestas se sacrifiquen para financiar un proyecto que aspira a fundar la IV Rep\u00fablica, \u201cla de los portugueses de bien\u201d, aunque algunos de sus representantes tengan asuntos pendientes con la justicia o protagonicen esc\u00e1ndalos como <a href=\"https:\/\/elpais.com\/internacional\/2025-01-24\/un-diputado-del-partido-ultra-chega-imputado-por-robar-maletas-en-el-aeropuerto-de-lisboa.html\" target=\"_self\" rel=\"nofollow noopener\" title=\"https:\/\/elpais.com\/internacional\/2025-01-24\/un-diputado-del-partido-ultra-chega-imputado-por-robar-maletas-en-el-aeropuerto-de-lisboa.html\">el robo de maletas en el aeropuerto<\/a> o <a href=\"https:\/\/elpais.com\/internacional\/2025-02-07\/acusado-de-prostitucion-de-menores-un-dirigente-ultra-de-portugal-que-defendia-la-castracion-de-pederastas.html\" target=\"_self\" rel=\"nofollow noopener\" title=\"https:\/\/elpais.com\/internacional\/2025-02-07\/acusado-de-prostitucion-de-menores-un-dirigente-ultra-de-portugal-que-defendia-la-castracion-de-pederastas.html\">la incitaci\u00f3n a la prostituci\u00f3n de menores<\/a>. <\/p>\n<p class=\"\">La financiaci\u00f3n es una de las turbiedades de Chega, junto a su incapacidad para convertirse en una organizaci\u00f3n dotada de reglas internas dentro de la ley. El Tribunal Constitucional ha tumbado en cuatro ocasiones los estatutos de la formaci\u00f3n. \u201cEn cierto sentido, est\u00e1 funcionando con \u00f3rganos ilegales. El TC ha alertado sobre la falta de democracia interna, es un partido que se ha transformado en un culto al l\u00edder y en un proyecto de poder personal\u201d, explica el reportero, amenazado por su investigaci\u00f3n.<\/p>\n<p class=\"\">Carvalho ilumina zonas oscuras tras los dineros, desde la evaporaci\u00f3n de fondos para campa\u00f1as a las aportaciones de la oligarqu\u00eda tradicional, como miembros de los Mello o Champalimaud, sagas beneficiadas durante el Estado Novo y perseguidas durante el fervor revolucionario posterior a <a href=\"https:\/\/elpais.com\/internacional\/2024-04-24\/memorias-de-la-revolucion-de-los-claveles-el-cabo-que-no-disparo-el-sargento-que-custodio-a-marcelo-caetano-y-el-capitan-que-asalto-la-radio.html\" target=\"_self\" rel=\"nofollow noopener\" title=\"https:\/\/elpais.com\/internacional\/2024-04-24\/memorias-de-la-revolucion-de-los-claveles-el-cabo-que-no-disparo-el-sargento-que-custodio-a-marcelo-caetano-y-el-capitan-que-asalto-la-radio.html\">la ca\u00edda de la dictadura<\/a> el 25 de abril de 1974. Su animadversi\u00f3n hacia el esp\u00edritu de abril es compartida con Andr\u00e9 Ventura, que ataca con frecuencia la fecha de la llegada de la libertad al pa\u00eds, aunque se proclama dem\u00f3crata. \u201cVentura hace un discurso anti \u00e9lites, pero algunas \u00e9lites lo financian y <a href=\"https:\/\/elpais.com\/internacional\/2022-01-27\/andre-ventura-el-antisistema-que-quiere-ser-ministro-en-portugal.html\" target=\"_self\" rel=\"nofollow noopener\" title=\"https:\/\/elpais.com\/internacional\/2022-01-27\/andre-ventura-el-antisistema-que-quiere-ser-ministro-en-portugal.html\">hace un discurso antisistema, pero el sistema est\u00e1 en su financiaci\u00f3n<\/a>. Es una contradicci\u00f3n casi esquizofr\u00e9nica\u201d, se\u00f1ala el periodista.<\/p>\n<p>M\u00e1s informaci\u00f3n<\/p>\n<p class=\"\"><a href=\"https:\/\/elpais.com\/internacional\/2024-03-03\/chega-el-universo-de-los-desencantados-que-abrazan-a-la-ultraderecha-en-portugal.html\" target=\"_self\" rel=\"nofollow noopener\" title=\"https:\/\/elpais.com\/internacional\/2024-03-03\/chega-el-universo-de-los-desencantados-que-abrazan-a-la-ultraderecha-en-portugal.html\">A su electorado no parecen importarle ni las contradicciones <\/a>ni las mentiras del fundador, que altera promesas conforme a las necesidades y que defiende incluso lo que no cree para hacer ruido. \u201cAndr\u00e9 se revel\u00f3 un Sa\u00fal y no un David. Es un gran actor\u201d, afirma en el libro Lucinda Ribeiro, una inform\u00e1tica evang\u00e9lica responsable en gran medida de la veloz expansi\u00f3n digital del partido en sus primeros tiempos. \u201cEl Chega se le subi\u00f3 a la cabeza. Era humilde, divertido y de repente ten\u00eda himnos, gente a aplaudirle de pie, escoltas\u201d, compar\u00f3 la militante Patr\u00edcia Sousa Uva. Nuno Afonso, ex amigo y ex jefe de gabinete de Ventura, asegura que le dijo esto: \u201cQuiero que las personas se duerman pensando en m\u00ed y se despierten pensando en m\u00ed\u201d.<\/p>\n<p class=\"\">Nuno Afonso fue alguien tan cercano a Ventura que conoci\u00f3 sus sue\u00f1os anteriores de ser escritor o presidente del Benfica. \u201cAntes dec\u00eda que Eusebio le hablaba al o\u00eddo, ahora dice que es Dios para mantener esa idea de que es un enviado. Cada vez es m\u00e1s acentuado su mesianismo\u201d, indica Miguel Carvalho. Gran parte del \u00e9xito del partido ha dependido de la personalidad de su l\u00edder. Ventura, que se licenci\u00f3 en Derecho y fue inspector fiscal, descubri\u00f3 una veta histri\u00f3nica cuando se hizo comentarista televisivo. Fue la escuela perfecta para el estilo que ha desplegado desde 2019 con una oratoria pugil\u00edstica siempre al ataque. <a href=\"https:\/\/elpais.com\/internacional\/2025-05-16\/portugal-cierra-una-campana-electoral-marcada-por-la-agenda-ultra-de-chega-y-los-incidentes-de-su-lider.html\" target=\"_self\" rel=\"nofollow noopener\" title=\"https:\/\/elpais.com\/internacional\/2025-05-16\/portugal-cierra-una-campana-electoral-marcada-por-la-agenda-ultra-de-chega-y-los-incidentes-de-su-lider.html\">\u00c9l ha impuesto su agenda pol\u00edtica<\/a> (la inmigraci\u00f3n y la inseguridad ciudadana est\u00e1n ahora en la l\u00ednea de frente del Gobierno) y su mensaje victimista en relaci\u00f3n con los medios, a los que recrimina la hostilidad hacia Chega. Hace pocos d\u00edas abandon\u00f3 los estudios de CNN Portugal, irritado por las preguntas. <\/p>\n<p class=\"\">Lo cierto es que las televisiones privadas portuguesas han contribuido a la expansi\u00f3n de su figura tanto como el dinamismo en redes. Si las segundas le han permitido atraer a los j\u00f3venes, las primeras le han introducido en los hogares m\u00e1s humildes, donde hac\u00eda tiempo que hab\u00eda dejado de creerse en los pol\u00edticos. Entre 2019 y 2024, Ventura fue entrevistado casi el doble de veces que los l\u00edderes de la oposici\u00f3n y el primer ministro, Lu\u00eds Montenegro (56 frente a 32). El colmo del paroxismo se dio en la \u00faltima campa\u00f1a, cuando las unidades m\u00f3viles retransmitieron en directo la persecuci\u00f3n del coche que trasladaba a Ventura al hospital tras sufrir dos leves <a href=\"https:\/\/elpais.com\/internacional\/2025-05-15\/andre-ventura-lider-de-chega-sufre-una-segunda-indisposicion-en-un-acto-electoral-en-48-horas.html\" target=\"_self\" rel=\"nofollow noopener\" title=\"https:\/\/elpais.com\/internacional\/2025-05-15\/andre-ventura-lider-de-chega-sufre-una-segunda-indisposicion-en-un-acto-electoral-en-48-horas.html\">indisposiciones<\/a>. <\/p>\n<p><img decoding=\"auto\" class=\"_re lazyload a_m-h\" height=\"276\"  width=\"414\"  src=\"https:\/\/www.europesays.com\/es\/wp-content\/uploads\/2025\/11\/3BN4TX4TTJCS7J3QUZRHMZMTBE.jpg\" loading=\"lazy\"\/>Andr\u00e9 Ventura y Santiago Abascal, l\u00edder de VOX, durante un mitin de Patriotas por Europa en Madrid el 14 de septiembre.Pablo Blazquez Dominguez (Getty Images)<\/p>\n<p class=\"\">Chega responde a la t\u00e1ctica del \u201ccaballo de Troya\u201d que se infiltra para dinamitar la democracia, como est\u00e1 mostrando la presidencia de Donald Trump en EE UU. Pero Miguel Carvalho considera que en la ultraderecha portuguesa, que pertenece a la familia de Patriotas por Europa, influyen m\u00e1s los modelos de Hungr\u00eda o Brasil: \u201cDe EE UU imitan el matonismo, pero est\u00e1n m\u00e1s pr\u00f3ximos de Viktor Orb\u00e1n\u201d.<\/p>\n","protected":false},"excerpt":{"rendered":"Chega es una religi\u00f3n y Andr\u00e9 Ventura, su profeta. Por dentro do Chega, el libro que el periodista&hellip;\n","protected":false},"author":2,"featured_media":236814,"comment_status":"","ping_status":"","sticky":false,"template":"","format":"standard","meta":{"footnotes":""},"categories":[42],"tags":[38683,17,18,49810,13,14,11,61,62,63,64,19,20,9,10,15,16,957,29232,1462,12,21,22,4247,65,66,67],"class_list":{"0":"post-236813","1":"post","2":"type-post","3":"status-publish","4":"format-standard","5":"has-post-thumbnail","7":"category-internacional","8":"tag-andre-ventura","9":"tag-breaking-news","10":"tag-breakingnews","11":"tag-chega","12":"tag-featured-news","13":"tag-featurednews","14":"tag-headlines","15":"tag-internacional","16":"tag-international","17":"tag-international-news","18":"tag-internationalnews","19":"tag-latest-news","20":"tag-latestnews","21":"tag-news","22":"tag-noticias","23":"tag-noticias-destacadas","24":"tag-noticiasdestacadas","25":"tag-partidos-politicos","26":"tag-populismo","27":"tag-portugal","28":"tag-titulares","29":"tag-ultimas-noticias","30":"tag-ultimasnoticias","31":"tag-ultraderecha","32":"tag-world","33":"tag-world-news","34":"tag-worldnews"},"share_on_mastodon":{"url":"https:\/\/pubeurope.com\/@es\/115551987864713677","error":""},"_links":{"self":[{"href":"https:\/\/www.europesays.com\/es\/wp-json\/wp\/v2\/posts\/236813","targetHints":{"allow":["GET"]}}],"collection":[{"href":"https:\/\/www.europesays.com\/es\/wp-json\/wp\/v2\/posts"}],"about":[{"href":"https:\/\/www.europesays.com\/es\/wp-json\/wp\/v2\/types\/post"}],"author":[{"embeddable":true,"href":"https:\/\/www.europesays.com\/es\/wp-json\/wp\/v2\/users\/2"}],"replies":[{"embeddable":true,"href":"https:\/\/www.europesays.com\/es\/wp-json\/wp\/v2\/comments?post=236813"}],"version-history":[{"count":0,"href":"https:\/\/www.europesays.com\/es\/wp-json\/wp\/v2\/posts\/236813\/revisions"}],"wp:featuredmedia":[{"embeddable":true,"href":"https:\/\/www.europesays.com\/es\/wp-json\/wp\/v2\/media\/236814"}],"wp:attachment":[{"href":"https:\/\/www.europesays.com\/es\/wp-json\/wp\/v2\/media?parent=236813"}],"wp:term":[{"taxonomy":"category","embeddable":true,"href":"https:\/\/www.europesays.com\/es\/wp-json\/wp\/v2\/categories?post=236813"},{"taxonomy":"post_tag","embeddable":true,"href":"https:\/\/www.europesays.com\/es\/wp-json\/wp\/v2\/tags?post=236813"}],"curies":[{"name":"wp","href":"https:\/\/api.w.org\/{rel}","templated":true}]}}