{"id":236815,"date":"2025-11-15T05:09:11","date_gmt":"2025-11-15T05:09:11","guid":{"rendered":"https:\/\/www.europesays.com\/es\/236815\/"},"modified":"2025-11-15T05:09:11","modified_gmt":"2025-11-15T05:09:11","slug":"la-tropa-sin-capitan-de-los-descolgados-de-vox-espana","status":"publish","type":"post","link":"https:\/\/www.europesays.com\/es\/236815\/","title":{"rendered":"La tropa sin capit\u00e1n de los descolgados de Vox | Espa\u00f1a"},"content":{"rendered":"<p class=\"\">La historia de Vox desde su <a href=\"https:\/\/elpais.com\/politica\/2018\/12\/02\/actualidad\/1543765846_278055.html\" rel=\"nofollow noopener\" target=\"_blank\">irrupci\u00f3n en Andaluc\u00eda en 2018<\/a> es una historia de crecimiento. Pero tambi\u00e9n de <a href=\"https:\/\/elpais.com\/espana\/2024-04-15\/nueva-crisis-en-vox-baleares-tras-dimitir-en-bloque-la-direccion-del-grupo-parlamentario.html\" rel=\"nofollow noopener\" target=\"_blank\">crisis internas<\/a>, descontentos y figuras descolgadas. Con el partido <a href=\"https:\/\/elpais.com\/espana\/2025-11-03\/vox-capitaliza-el-desgaste-del-gobierno-el-pp-se-estanca-y-el-psoe-vuelve-a-caer.html\" rel=\"nofollow noopener\" target=\"_blank\">al alza en las encuestas<\/a>, no ha cristalizado en Vox ni en sus m\u00e1rgenes ninguna alternativa a Santiago Abascal, pero un grupo de decepcionados con su rumbo s\u00ed mantienen una continua actividad desde posiciones cr\u00edticas. Aunque no conforman una corriente organizada, hay v\u00ednculos entre ellos. \u00bfQui\u00e9nes son? Entre otros, los exportavoces en el Congreso <a href=\"https:\/\/elpais.com\/espana\/2025-09-25\/espinosa-de-los-monteros-reune-a-todas-las-derechas-en-la-presentacion-de-su-laboratorio-de-ideas-neocon.html\" rel=\"nofollow noopener\" target=\"_blank\">Iv\u00e1n Espinosa de los Monteros<\/a> y Macarena Olona; la expresidenta del partido en Madrid <a href=\"https:\/\/elpais.com\/espana\/2024-10-10\/monasterio-renuncia-a-su-escano-en-la-asamblea-de-madrid-tras-ser-destituida-como-lider-regional-de-vox.html\" rel=\"nofollow noopener\" target=\"_blank\">Roc\u00edo Monasterio<\/a>; los exparlamentarios <a href=\"https:\/\/elpais.com\/espana\/elecciones-generales\/2023-08-09\/el-auge-del-sector-mas-integrista-de-vox-lamina-a-los-ultraliberales-que-fundaron-el-partido.html\" rel=\"nofollow noopener\" target=\"_blank\">V\u00edctor S\u00e1nchez del Real, Rub\u00e9n Manso<\/a>, Juan Luis Steegmann, Francisco Contreras y Mazaly Aguilar. <\/p>\n<p class=\"\">El que mayor relieve tiene es Espinosa de los Monteros. Desde su renuncia a recoger el acta tras las elecciones generales de 2023 \u2014aislado <a href=\"https:\/\/elpais.com\/espana\/2023-08-08\/ivan-espinosa-de-los-monteros-abandona-la-cupula-de-vox.html\" target=\"_self\" rel=\"nofollow noopener\" title=\"https:\/\/elpais.com\/espana\/2023-08-08\/ivan-espinosa-de-los-monteros-abandona-la-cupula-de-vox.html\">ante el ascenso del sector m\u00e1s integrista del partido<\/a>, que personifica Jorge Buxad\u00e9\u2014, ha protagonizado diversos actos junto a otros cr\u00edticos, como hace un a\u00f1o la proyecci\u00f3n de una pel\u00edcula que permiti\u00f3 exaltar las virtudes de <a href=\"https:\/\/elpais.com\/diario\/2004\/06\/06\/internacional\/1086472819_850215.html\" rel=\"nofollow noopener\" target=\"_blank\">Ronald Reagan<\/a> como el tipo de l\u00edder que necesita Espa\u00f1a o en septiembre la <a href=\"https:\/\/elpais.com\/espana\/2025-09-25\/espinosa-de-los-monteros-reune-a-todas-las-derechas-en-la-presentacion-de-su-laboratorio-de-ideas-neocon.html\" rel=\"nofollow noopener\" target=\"_blank\">presentaci\u00f3n del laboratorio de ideas Atenea<\/a>, del que es presidente y en el que tiene como dirigente el exdiputado Francisco Contreras. Desde Atenea, Espinosa propone a Vox un cambio de rumbo que <a href=\"https:\/\/elpais.com\/espana\/2025-10-11\/la-creciente-red-de-grupos-derechistas-que-ya-junta-a-pp-y-vox-mientras-sus-lideres-discuten.html\" rel=\"nofollow noopener\" target=\"_blank\">facilite los pactos con el PP<\/a>, al tiempo que teje complicidades con figuras emergentes de la ultraderecha como el <a href=\"https:\/\/elpais.com\/educacion\/2025-11-02\/el-show-de-vito-quiles-tensiona-a-la-universidad.html?ssm=TW_CM&amp;utm_source=tw&amp;utm_medium=social\" rel=\"nofollow noopener\" target=\"_blank\">agitador Vito Quiles<\/a>. <\/p>\n<p class=\"\">A la presentaci\u00f3n del think tank de Espinosa acudieron Roc\u00edo Monasterio, su esposa; los exparlamentarios S\u00e1nchez del Real, Rub\u00e9n Manso y Mazaly Aguilar; y el diputado Javier Ortega Smith, que la semana pasada fue <a href=\"https:\/\/elpais.com\/espana\/2025-11-03\/vox-aparta-a-ortega-smith-de-la-portavocia-adjunta-del-congreso.html\" rel=\"nofollow noopener\" target=\"_blank\">apartado de la portavoc\u00eda adjunta de Vox<\/a> en el Congreso, una decisi\u00f3n que culmina el proceso de distanciamiento entre \u00e9l y Abascal. Si Espinosa es el m\u00e1s prominente de los cr\u00edticos sin cargo \u2014aunque sigue siendo afiliado\u2014, el abogado Ortega Smith lo es de los cr\u00edticos que siguen en primera fila del partido ultraderechista, ya que es diputado, portavoz en el Ayuntamiento de Madrid y dirigente. <\/p>\n<p><img decoding=\"auto\" class=\"_re lazyload a_m-h\" height=\"276\"  width=\"414\"  src=\"https:\/\/www.europesays.com\/es\/wp-content\/uploads\/2025\/11\/OJIQ2BS33PXEUY25M3V5AZ2YD4.jpg\" loading=\"lazy\"\/>V\u00edctor S\u00e1nchez del Real, durante su etapa como diputado en el Congreso, en una imagen de 2022.Jes\u00fas Hell\u00edn    (Europa Press)<\/p>\n<p class=\"\">El entorno de Ortega Smith recalca que \u00e9l no lidera ninguna corriente ni grupo cr\u00edtico. \u201cLas opiniones de Javier son a t\u00edtulo personal, no representa a nadie ni encabeza nada\u201d, se\u00f1ala una fuente pr\u00f3xima al diputado. En efecto, ni Espinosa ni Ortega son reconocidos como referentes o l\u00edderes de los descontentos. Ni ellos, ni ning\u00fan otro. Si fueran una tropa, ser\u00eda una tropa sin capit\u00e1n. Lo cual no significa que se ahorren elogios al ahora exportavoz adjunto. \u201cEs un enorme trabajador, un pilar de Vox\u201d, afirma por tel\u00e9fono sobre Ortega Smith el exdiputado por Badajoz S\u00e1nchez del Real, exvicesecretario de Comunicaci\u00f3n de Vox, que tras no ir en las listas de las \u00faltimas generales ha vuelto a su trabajo de profesor y consultor. <\/p>\n<p class=\"\">En S\u00e1nchez del Real se da un rasgo extendido en este sector: el rechazo a lo que consideran un funcionamiento interno que premia la adhesi\u00f3n al l\u00edder en detrimento de la aportaci\u00f3n cr\u00edtica hecha desde el conocimiento. Afirma que los ya citados exdirigentes y exparlamentarios tienen algo en com\u00fan: una \u201ctrayectoria profesional previa\u201d que les aporta un trabajo al que regresar y una cultura de la profesionalidad. <\/p>\n<p class=\"\">Receloso ante la influencia en el partido del <a href=\"https:\/\/elpais.com\/espana\/2023-11-03\/un-juez-condena-a-julio-ariza-patron-mediatico-de-vox-a-pagar-45-millones-por-su-gestion-de-intereconomia-television.html\" rel=\"nofollow noopener\" target=\"_blank\">empresario medi\u00e1tico Julio Ariza<\/a> y del descuido del ideario \u201cliberal-conservador\u201d, S\u00e1nchez del Real es comedido en sus reproches al partido en el que sigue militando, pero s\u00ed recalca que jam\u00e1s nadie le dijo por qu\u00e9 no repiti\u00f3 como candidato y que a ra\u00edz de su salida ha sufrido la \u201cataques\u201d provenientes de sus propias filas. El exdirigente afirma que solo busca defender las ideas que ya defend\u00eda en 2013, cuando se implic\u00f3 en los movimientos que forjaron Vox. Eso tambi\u00e9n es muy extendido en todo el sector cr\u00edtico: nadie declara intenci\u00f3n de dar ninguna batalla interna. <\/p>\n<p class=\"\">Vox no respondi\u00f3 a las preguntas de EL PA\u00cdS.<\/p>\n<p>\u201cIdeas nuevas\u201d<\/p>\n<p class=\"\">Otro exdiputado distanciado del actual Vox es Francisco Contreras, que tuvo esca\u00f1o por Sevilla hasta 2023. Exponente del <a href=\"https:\/\/elpais.com\/clima-y-medio-ambiente\/2021-08-11\/vox-alimenta-el-negacionismo-para-pescar-votos-entre-los-perdedores-de-la-transicion-energetica.html\" rel=\"nofollow noopener\" target=\"_blank\">negacionismo clim\u00e1tico durante su etapa en el Congreso<\/a>, este catedr\u00e1tico de Filosof\u00eda del Derecho es ahora dirigente tanto de Atenea como de NEOS, la fundaci\u00f3n liderada por el exministro del PP Jaime Mayor Oreja, que al igual que Espinosa aspira a cambiar el rumbo de Vox para facilitar la colaboraci\u00f3n con los populares. A diferencia de S\u00e1nchez del Real, Contreras, que en julio manten\u00eda la afiliaci\u00f3n a Vox, no fue apartado de las listas. Fue en la papeleta como n\u00famero dos, pero no sali\u00f3. En sus mensajes p\u00fablicos, combina el apoyo a Vox con cr\u00edticas diplom\u00e1ticas a un partido para el que propone \u201cideas nuevas\u201d y que se peg\u00f3 \u2014dice\u2014 \u201cun tiro en el pie\u201d al excluir de las listas a Rub\u00e9n Manso.<\/p>\n<p class=\"\">Inspector del Banco de Espa\u00f1a en excedencia, consultor al frente de un despacho de servicios financieros, Manso es otro de los integrantes de este sector con galones en el <a href=\"https:\/\/elpais.com\/espana\/2024-08-04\/los-soldados-espanoles-de-la-batalla-cultural.html\" rel=\"nofollow noopener\" target=\"_blank\">mundo asociativo<\/a>, en su caso como presidente del Centro Diego de Covarrubias, un laboratorio de ideas \u201cen defensa del liberalismo cristiano\u201d. Suele ser agrupado junto a Espinosa y S\u00e1nchez del Real en el ala liberal \u2014o ultraliberal\u2014 de Vox, partido del que ya no es militante, explica por tel\u00e9fono. No se siente parte de ning\u00fan grupo o corriente, ni tiene planes \u201cen principio\u201d de regresar a la arena partidista, pero s\u00ed afirma compartir con el resto de cr\u00edticos un \u201calto inter\u00e9s por la pol\u00edtica\u201d a pesar de la \u201cdecepci\u00f3n\u201d con un partido en \u201cevidente deriva\u201d ideol\u00f3gica. \u201cSeguimos opinando, participando, apareciendo, pero desde la barrera\u201d, se\u00f1ala el exdiputado por M\u00e1laga, que reivindica la val\u00eda profesional de los orillados por Abascal con una carga de profundidad: \u201cTener un modo de vida es un h\u00e1ndicap en pol\u00edtica, donde lo que se quiere es gente cuya vida dependa del l\u00edder\u201d.<\/p>\n<p><img decoding=\"auto\" class=\"_re lazyload a_m-h\" height=\"276\"  width=\"414\"  src=\"https:\/\/www.europesays.com\/es\/wp-content\/uploads\/2025\/11\/TW356A6H5NDK7CD45LLFZ3FM2I.jpg\" loading=\"lazy\"\/>Juan Luis Steegmann, durante un encuentro informativo en 2023.Jes\u00fas Hell\u00edn (Europa Press)<\/p>\n<p class=\"\">Manso es pr\u00f3ximo a S\u00e1nchez Real y al m\u00e9dico jubilado Juan Luis Steegmann, exdiputado por Madrid y exdirigente. El caso de este es diferente: fue Steegmann quien dio un <a href=\"https:\/\/elpais.com\/espana\/elecciones-generales\/2023-08-10\/la-renuncia-del-sustituto-de-espinosa-a-ocupar-su-escano-agrava-la-crisis-de-vox.html\" rel=\"nofollow noopener\" target=\"_blank\">portazo en agosto de 2023<\/a> al renunciar al esca\u00f1o que le correspond\u00eda tras la dimisi\u00f3n de Espinosa de los Monteros y abandonar tambi\u00e9n la direcci\u00f3n nacional, todo ello antes de darse de baja del partido en 2024 por su l\u00ednea \u201cantiliberal\u201d, \u201canticient\u00edfica\u201d y pr\u00f3xima al \u201cneofalangismo\u201d. Cr\u00edtico a tiempo completo con un Vox que ya no reconoce, incisivo contra el peso en el partido de Julio Ariza y de Kiko M\u00e9ndez-Monasterio \u2014asesor y amigo de Abascal\u2014, Steegmann es blanco de ataques de parte de la ultraderecha, dentro y fuera de Vox, por su posici\u00f3n favorable a las vacunas durante la <a href=\"https:\/\/elpais.com\/eps\/2025-03-13\/han-pasado-cinco-anos-desde-la-pandemia-de-la-covid-por-que-seguimos-sin-ser-capaces-de-hablar-de-ella.html\" target=\"_self\" rel=\"nofollow noopener\" title=\"https:\/\/elpais.com\/eps\/2025-03-13\/han-pasado-cinco-anos-desde-la-pandemia-de-la-covid-por-que-seguimos-sin-ser-capaces-de-hablar-de-ella.html\">pandemia de covid<\/a>. <\/p>\n<p>Salidas y ca\u00eddas<\/p>\n<p class=\"\">La que cay\u00f3 desde m\u00e1s alto fue Mazaly Aguilar, cuya exclusi\u00f3n de la lista de las europeas de 2024 supuso la purga del cargo de mayor importancia de Vox en la UE, ya que era <a href=\"https:\/\/elpais.com\/espana\/2024-03-28\/vox-purga-a-su-cargo-mas-importante-en-las-instituciones-europeas.html\" target=\"_self\" rel=\"nofollow noopener\" title=\"https:\/\/elpais.com\/espana\/2024-03-28\/vox-purga-a-su-cargo-mas-importante-en-las-instituciones-europeas.html\">vicepresidenta de la Comisi\u00f3n de Agricultura de la Euroc\u00e1mara<\/a>. Enfrentada a Buxad\u00e9, jefe de la delegaci\u00f3n europea del partido, Aguilar es abiertamente cr\u00edtica con el rumbo del partido. \u201cEl Vox que yo conoc\u00ed no naci\u00f3 para esto\u201d, afirm\u00f3 cuando el partido plant\u00f3 al grupo de Conservadores y Reformistas de Giorgia Meloni y se sum\u00f3 a los Patriotas por Europa de <a href=\"https:\/\/elpais.com\/internacional\/2025-11-07\/trump-abre-la-puerta-a-permitir-a-orban-que-hungria-siga-comprando-petroleo-ruso.html\" rel=\"nofollow noopener\" target=\"_blank\">Viktor Orb\u00e1n<\/a>.<\/p>\n<p><img decoding=\"auto\" class=\"_re lazyload a_m-h\" height=\"276\"  width=\"414\"  src=\"https:\/\/www.europesays.com\/es\/wp-content\/uploads\/2025\/11\/PW5KP5FWGZHRLKTFF3ACG5WTJU.jpg\" loading=\"lazy\"\/>Mazaly Aguilar en 2024, cuando a\u00fan era eurodiputada de Vox.Mercedes Salas (EFE)<\/p>\n<p class=\"\">Antes que todos ellos protagoniz\u00f3 una traum\u00e1tica salida Macarena Olona, que tras <a href=\"https:\/\/elpais.com\/espana\/elecciones-andalucia\/2022-06-19\/moreno-logra-la-mayoria-absoluta-y-frena-en-seco-a-vox.html\" target=\"_self\" rel=\"nofollow noopener\" title=\"https:\/\/elpais.com\/espana\/elecciones-andalucia\/2022-06-19\/moreno-logra-la-mayoria-absoluta-y-frena-en-seco-a-vox.html\">un resultado por debajo de las expectativas de su candidatura en Andaluc\u00eda en 2022<\/a> anunci\u00f3 su <a href=\"https:\/\/elpais.com\/espana\/2022-07-29\/macarena-olona-deja-la-politica-por-razones-medicas.html\" rel=\"nofollow noopener\" target=\"_blank\">abandono de la pol\u00edtica<\/a> en plena tensi\u00f3n con la direcci\u00f3n nacional. Desde entonces, su discurso ha sido muy duro con Abascal, llegando a acusar al partido de ser una \u201cagencia de colocaci\u00f3n\u201d. De Ortega Smith a Espinosa de los Monteros, pasando por S\u00e1nchez del Real, Rub\u00e9n Manso, Steegmann o Mazaly Aguilar, es frecuente que quienes entran en conflicto con la direcci\u00f3n nacional reciban el respaldo p\u00fablico de Olona.<\/p>\n<p class=\"\">Tampoco se ha quedado corta en la cr\u00edtica Idoia Ribas, que fue portavoz parlamentaria de Vox en el Parlament balear y tras abandonar el grupo en julio, con el partido en la comunidad instalado en la crisis, ha afirmado que su antigua formaci\u00f3n es \u201cuna estafa piramidal\u201d. Ribas es ahora presidenta de la asociaci\u00f3n Avanza en Libertad, que aspira a implantar en toda Espa\u00f1a. <\/p>\n<p><img alt=\"Macarena Olona\" decoding=\"auto\" class=\"_re lazyload a_m-h\" height=\"233\"  width=\"414\"  src=\"https:\/\/www.europesays.com\/es\/wp-content\/uploads\/2025\/11\/FFGGJYUA7ZCULDGI6A5JN4FPZE.jpg\" loading=\"lazy\"\/>La exportavoz de Vox en el Congerso Macarena Olona, en 2023.J.P.GANDUL (EFE)<\/p>\n<p class=\"\">M\u00e1s discreta es la posici\u00f3n de dos militares retirados a los que Vox fich\u00f3 y que no acabaron bien. Tras ser diputado por C\u00e1diz hasta 2023 y no repetir en las listas aquel a\u00f1o, Agust\u00edn Rosety abandon\u00f3 Vox en febrero de este a\u00f1o por el \u201cseguidismo\u201d de Abascal a Donald Trump. \u201cEn Vox han crecido el autoritarismo y el dogmatismo\u201d, declar\u00f3. Antonio Budi\u00f1o, cabeza de lista del partido por Pontevedra en las dos generales de 2019, <a href=\"https:\/\/elpais.com\/espana\/2025-08-04\/el-general-expedientado-por-vox-estalla-los-que-eramos-leales-cercenados-y-los-que-eran-serviles-premiados.html\" rel=\"nofollow noopener\" target=\"_blank\">estall\u00f3 por ser expedientado <\/a><a href=\"https:\/\/elpais.com\/espana\/2025-08-04\/el-general-expedientado-por-vox-estalla-los-que-eramos-leales-cercenados-y-los-que-eran-serviles-premiados.html\" rel=\"nofollow noopener\" target=\"_blank\">tras pedir rendici\u00f3n de cuentas a Abascal este a\u00f1o<\/a>. \u201cLos que \u00e9ramos leales, cercenados; los que eran serviles, premiados\u201d, denunci\u00f3.<\/p>\n<p class=\"\">El polit\u00f3logo Eli Gallardo, autor de <a href=\"https:\/\/www.rapitbook.com\/product-page\/honoris-causa\" rel=\"nofollow noopener\" target=\"_blank\">El a\u00f1o que votamos peligrosamente<\/a> (Rapitbook, 2024) y atento observador de los cambios introducidos en la pol\u00edtica espa\u00f1ola por los nuevos partidos, subraya el hecho de que haya un pu\u00f1ado de cr\u00edticos con Abascal que mantienen visibilidad pol\u00edtica y atenci\u00f3n en las redes sociales pese a m\u00faltiples factores en contra: no solo no constituyen formalmente una corriente, sino que carecen de un l\u00edder reconocido como tal, y adem\u00e1s se oponen a la l\u00ednea de un partido pujante en las encuestas. A su juicio, que a pesar de todo ello disfruten de un espacio es sintom\u00e1tico del \u201ccrecimiento del terreno de la ultraderecha, en el que caben cada vez m\u00e1s actores\u201d. <\/p>\n<p class=\"\">El consultor cree que quienes hoy se esmeran en identificarse como cr\u00edticos, estableciendo lazos entre s\u00ed, hacen una apuesta de futuro. \u201cAunque ahora no sea su momento porque las perspectivas de Vox son buenas, es importante mantenerse vivos y bien situados para una posible reconfiguraci\u00f3n del espacio en el futuro, cuando podr\u00edan surgir opciones tanto para cambios en Vox que lleven a recuperar a antiguos dirigentes y diputados como para nuevos partidos\u201d, sostiene<\/p>\n<p class=\"\">Hasta la fecha han cuajado despu\u00e9s de Vox dos nuevos partidos en la ultraderecha, <a href=\"https:\/\/elpais.com\/espana\/2024-06-10\/el-auge-de-alvise-perez-y-por-que-ha-logrado-tres-eurodiputados-y-casi-800000-votos.html\" rel=\"nofollow noopener\" target=\"_blank\">Se Acab\u00f3 La Fiesta<\/a> (SALF) y <a href=\"https:\/\/elpais.com\/espana\/2024-05-19\/los-disfraces-de-alianca-catalana-el-partido-ultra-que-imita-a-la-izquierda.html\" rel=\"nofollow noopener\" target=\"_blank\">Alian\u00e7a Catalana<\/a>, que han logrado representaci\u00f3n en la Euroc\u00e1mara y el Parlament, respectivamente. Pero de momento no han conseguido despegar los montados por antiguos miembros de Vox decepcionados con su rumbo. Y eso que no han sido pocos intentos. Hay al menos seis casos: <a href=\"https:\/\/elpais.com\/espana\/elecciones-generales\/2023-06-10\/el-partido-de-macarena-olona-trata-de-recoger-mas-de-22000-firmas-para-presentarse-a-las-generales.html\" rel=\"nofollow noopener\" target=\"_blank\">Caminando Juntos<\/a> \u2014el de Macarena Olona\u2014, T\u00faPatria, Espa\u00f1a Suma, Valores, Juntos por Espa\u00f1a y Libres. Ninguno supone una amenaza para Abascal, cuyos cr\u00edticos a\u00fan tendr\u00e1n que esperar.<\/p>\n","protected":false},"excerpt":{"rendered":"La historia de Vox desde su irrupci\u00f3n en Andaluc\u00eda en 2018 es una historia de crecimiento. Pero tambi\u00e9n&hellip;\n","protected":false},"author":2,"featured_media":236816,"comment_status":"","ping_status":"","sticky":false,"template":"","format":"standard","meta":{"footnotes":""},"categories":[8],"tags":[17,18,25,24,2287,13,14,11,43570,19,20,9,10,15,16,957,61382,6914,23,12,21,22,4247,624],"class_list":{"0":"post-236815","1":"post","2":"type-post","3":"status-publish","4":"format-standard","5":"has-post-thumbnail","7":"category-espana","8":"tag-breaking-news","9":"tag-breakingnews","10":"tag-es","11":"tag-espana","12":"tag-extrema-derecha","13":"tag-featured-news","14":"tag-featurednews","15":"tag-headlines","16":"tag-ivan-espinosa-de-los-monteros","17":"tag-latest-news","18":"tag-latestnews","19":"tag-news","20":"tag-noticias","21":"tag-noticias-destacadas","22":"tag-noticiasdestacadas","23":"tag-partidos-politicos","24":"tag-rocio-monasterio","25":"tag-santiago-abascal","26":"tag-spain","27":"tag-titulares","28":"tag-ultimas-noticias","29":"tag-ultimasnoticias","30":"tag-ultraderecha","31":"tag-vox"},"share_on_mastodon":{"url":"","error":""},"_links":{"self":[{"href":"https:\/\/www.europesays.com\/es\/wp-json\/wp\/v2\/posts\/236815","targetHints":{"allow":["GET"]}}],"collection":[{"href":"https:\/\/www.europesays.com\/es\/wp-json\/wp\/v2\/posts"}],"about":[{"href":"https:\/\/www.europesays.com\/es\/wp-json\/wp\/v2\/types\/post"}],"author":[{"embeddable":true,"href":"https:\/\/www.europesays.com\/es\/wp-json\/wp\/v2\/users\/2"}],"replies":[{"embeddable":true,"href":"https:\/\/www.europesays.com\/es\/wp-json\/wp\/v2\/comments?post=236815"}],"version-history":[{"count":0,"href":"https:\/\/www.europesays.com\/es\/wp-json\/wp\/v2\/posts\/236815\/revisions"}],"wp:featuredmedia":[{"embeddable":true,"href":"https:\/\/www.europesays.com\/es\/wp-json\/wp\/v2\/media\/236816"}],"wp:attachment":[{"href":"https:\/\/www.europesays.com\/es\/wp-json\/wp\/v2\/media?parent=236815"}],"wp:term":[{"taxonomy":"category","embeddable":true,"href":"https:\/\/www.europesays.com\/es\/wp-json\/wp\/v2\/categories?post=236815"},{"taxonomy":"post_tag","embeddable":true,"href":"https:\/\/www.europesays.com\/es\/wp-json\/wp\/v2\/tags?post=236815"}],"curies":[{"name":"wp","href":"https:\/\/api.w.org\/{rel}","templated":true}]}}