{"id":236841,"date":"2025-11-15T05:44:27","date_gmt":"2025-11-15T05:44:27","guid":{"rendered":"https:\/\/www.europesays.com\/es\/236841\/"},"modified":"2025-11-15T05:44:27","modified_gmt":"2025-11-15T05:44:27","slug":"sus-planes-y-el-motivo-de-su-viaje","status":"publish","type":"post","link":"https:\/\/www.europesays.com\/es\/236841\/","title":{"rendered":"sus planes y el motivo de su viaje"},"content":{"rendered":"<p id=\"e3GYWQbLel\" data-wc=\"98\"><strong>Victoria de Marichalar<\/strong> ha vivido una jornada realmente especial en un destino excepcional. <a class=\"hm-link ho-link\" href=\"https:\/\/www.hola.com\/actualidad\/20251111866875\/la-sorpresa-de-miguel-torres-que-ha-emocionado-a-victoria-de-marichalar\/\" data-mrf-recirculation=\"article-body-link\" rel=\"nofollow noopener\" target=\"_blank\">La hija de la infanta Elena hizo las maletas y vol\u00f3 a Miami,\u00a0<\/a>donde est\u00e1 disfrutando de unos d\u00edas llenos de experiencias inolvidables. \u00bfEl motivo de su viaje? La sexta edici\u00f3n del Rastrillo 305, que se celebrar\u00e1 en Key Biscayne. Un festival ben\u00e9fico que combina cultura, m\u00fasica y solidaridad, con el objetivo de recaudar fondos para que j\u00f3venes de bajos recursos puedan cumplir el sue\u00f1o de realizar el emblem\u00e1tico Camino de Santiago en Espa\u00f1a, en el que la sobrina de Felipe VI ejercer\u00e1 como madrina.<\/p>\n<p> <img src=\"https:\/\/www.europesays.com\/es\/wp-content\/uploads\/2025\/11\/c00cb2c70386-alfonsomariavictoriaconsul.jpg\"   width=\"1024\" height=\"850\" loading=\"lazy\" decoding=\"async\" alt=\"Victoria Federica\" fetchpriority=\"auto\" class=\"image ho-image\"\/>\u00a9 Cedidas<\/p>\n<p id=\"eMDjKE4ssto\" data-wc=\"95\">En el marco de este evento solidario, que se celebrar\u00e1 el s\u00e1bado 15 de noviembre, el Consulado General de Espa\u00f1a en Miami y la International Studies Foundation (ISF) organizaron un exclusivo c\u00f3ctel previo el 13 de noviembre. La cita cont\u00f3 con la presencia de la nieta del rey em\u00e9rito y reuni\u00f3 a destacadas figuras del \u00e1mbito empresarial, pol\u00edtico, cultural y social tanto de Estados Unidos como de Espa\u00f1a. Durante la recepci\u00f3n, ofrecida por la C\u00f3nsul Vel\u00e9n Alfaro, Victoria de Marichalar fue recibida calurosamente por la Dra. Mar\u00eda D\u00edaz de la Cebosa en la Residencia Consular.<\/p>\n<p> <img src=\"https:\/\/www.europesays.com\/es\/wp-content\/uploads\/2025\/11\/c6b82e7bba9b-photo-2025-11-14-16-43-18.jpg\"   width=\"1024\" height=\"568\" loading=\"lazy\" decoding=\"async\" alt=\"Victoria Federica\" fetchpriority=\"auto\" class=\"image ho-image\"\/>\u00a9 Cedidas<\/p>\n<p> <img src=\"https:\/\/www.europesays.com\/es\/wp-content\/uploads\/2025\/11\/88de353d3237-photo-2025-11-14-16-43-19-1.jpg\"   width=\"1024\" height=\"682\" loading=\"lazy\" decoding=\"async\" alt=\"Victoria Federica\" fetchpriority=\"auto\" class=\"image ho-image\"\/>\u00a9 Cedidas<\/p>\n<p class=\"\" id=\"eP87-Fh0ba6\" data-wc=\"77\">Para la ocasi\u00f3n, una de las citas m\u00e1s esperadas por la comunidad hispana en Florida<a class=\"hm-link ho-link\" href=\"https:\/\/www.hola.com\/fashion\/20251020862214\/victoria-federica-looks-atrevidos-estilo\/\" data-mrf-recirculation=\"article-body-link\" rel=\"nofollow noopener\" target=\"_blank\">, Victoria de Marichalar eligi\u00f3 un elegante y sobrio conjunto negro,<\/a> jugando con diferentes texturas. El look destaca por un pantal\u00f3n de tiro alto con corte globo, combinado con un top de cuello halter confeccionado en terciopelo negro y rematado con una delicada lazada. Como toque final, complet\u00f3 el conjunto con unos sofisticados stilettos negros, que aportan elegancia y armon\u00eda a su estilismo.<\/p>\n<p> <img src=\"https:\/\/www.europesays.com\/es\/wp-content\/uploads\/2025\/11\/85d87a1018f9-photo-2025-11-14-16-43-19.jpg\"   width=\"1024\" height=\"682\" loading=\"lazy\" decoding=\"async\" alt=\"Victoria Federica\" fetchpriority=\"auto\" class=\"image ho-image\"\/>\u00a9 Cedidas<\/p>\n<p> <img src=\"https:\/\/www.europesays.com\/es\/wp-content\/uploads\/2025\/11\/6528c1fefb15-cocktail2.jpg\"   width=\"1024\" height=\"682\" loading=\"lazy\" decoding=\"async\" alt=\"Victoria Federica\" fetchpriority=\"auto\" class=\"image ho-image\"\/>\u00a9 Cedidas<\/p>\n<p id=\"eKCjZo9t_v\" data-wc=\"70\">Entre los asistentes al c\u00f3ctel se encontraban diferentes miembros de la organizaci\u00f3n como el Director de International Studies Foundation, Alfonso Barral; \u00a0 representantes de la vida pol\u00edtica de Miami, como la comisionada del Distrito 7 del Condado de Miami-Dade, D\u00f1a. Raquel Regalado, la presidenta de Miami Dade College, D\u00f1a. Madeleine Pumariega y Juli\u00e1n Linares. Tambi\u00e9n asistieron destacadas figuras de la vida cultural y social de Miami, como Nicol\u00e1s Vallejo-N\u00e1jera, entre otros.<\/p>\n<p> <img src=\"https:\/\/www.europesays.com\/es\/wp-content\/uploads\/2025\/11\/7a26d7669cf3-snapinstato581680938185419011670221167914379052253872859n.jpg\"   width=\"1024\" height=\"682\" loading=\"lazy\" decoding=\"async\" alt=\"Media Image\" fetchpriority=\"auto\" class=\"image ho-image\"\/>\u00a9 colatenicolas<\/p>\n<p> <img src=\"https:\/\/www.europesays.com\/es\/wp-content\/uploads\/2025\/11\/758b78a03f2f-snapinstato58136950818541901119022116445859915976257124n.jpg\"   width=\"1024\" height=\"682\" loading=\"lazy\" decoding=\"async\" alt=\"Media Image\" fetchpriority=\"auto\" class=\"image ho-image\"\/>\u00a9 colatenicolas<\/p>\n<p> <img src=\"https:\/\/www.europesays.com\/es\/wp-content\/uploads\/2025\/11\/6b2d90f38905-snapinstato581900560185419011370221168466929944194266505n.jpg\"   width=\"1024\" height=\"682\" loading=\"lazy\" decoding=\"async\" alt=\"Media Image\" fetchpriority=\"auto\" class=\"image ho-image\"\/>\u00a9 colatenicolas<\/p>\n<p> <img src=\"https:\/\/www.europesays.com\/es\/wp-content\/uploads\/2025\/11\/80c37a523110-snapinstato582331474185419011100221162232300290406350685n.jpg\"   width=\"1024\" height=\"682\" loading=\"lazy\" decoding=\"async\" alt=\"Media Image\" fetchpriority=\"auto\" class=\"image ho-image\"\/>\u00a9 colatenicolas<\/p>\n<p> <img src=\"https:\/\/www.europesays.com\/es\/wp-content\/uploads\/2025\/11\/ed79f181b8b1-snapinstato581491799185419010680221166980706920298730264n.jpg\"   width=\"1024\" height=\"682\" loading=\"lazy\" decoding=\"async\" alt=\"Media Image\" fetchpriority=\"auto\" class=\"image ho-image\"\/>\u00a9 colatenicolas<\/p>\n<p id=\"eiyMleiwvL5\" data-wc=\"72\">El Rastrillo 305 se llevar\u00e1 a cabo este s\u00e1bado 15 de noviembre y entre los protagonistas espa\u00f1oles destaca la presencia de Guitarricadelafuente y Arde Bogot\u00e1. Un evento, producido en colaboraci\u00f3n con Marina Martin Events y presentado por Roc\u00edo Sa\u00f1udo Lim\u00f3n y Beni Pla, que reafirma el compromiso de International Studies Foundation con la creaci\u00f3n de oportunidades educativas para j\u00f3venes en situaci\u00f3n de vulnerabilidad, fortaleciendo los lazos culturales entre Estados Unidos y Espa\u00f1a.\u00a0<\/p>\n<p> <img src=\"https:\/\/www.europesays.com\/es\/wp-content\/uploads\/2025\/11\/6592f7d26202-photo-2025-11-14-16-43-19-2.jpg\"   width=\"1024\" height=\"682\" loading=\"lazy\" decoding=\"async\" alt=\"Victoria Federica\" fetchpriority=\"auto\" class=\"image ho-image\"\/>\u00a9 Cedidas<\/p>\n<p> <img src=\"https:\/\/www.europesays.com\/es\/wp-content\/uploads\/2025\/11\/230ef4f3a16a-alfonsovictoria2.jpg\"   width=\"1024\" height=\"682\" loading=\"lazy\" decoding=\"async\" alt=\"Victoria Federica\" fetchpriority=\"auto\" class=\"image ho-image\"\/>\u00a9 Cedidas<\/p>\n<p> <img src=\"https:\/\/www.europesays.com\/es\/wp-content\/uploads\/2025\/11\/0fcb750396e0-cocktail.jpg\"   width=\"1024\" height=\"682\" loading=\"lazy\" decoding=\"async\" alt=\"Victoria Federica\" fetchpriority=\"auto\" class=\"image ho-image\"\/>\u00a9 Cedidas<br \/>\nSus planes en Miami<\/p>\n<p id=\"eEJjhqCnx2\" data-wc=\"95\">Durante estos d\u00edas, <a class=\"hm-link ho-link\" href=\"https:\/\/www.hola.com\/actualidad\/20251111866770\/victoria-de-marichalar-masterchef-un-poco-de-miedo-si-me-da\/\" data-mrf-recirculation=\"article-body-link\" rel=\"nofollow noopener\" target=\"_blank\">Victoria de Marichalar est\u00e1 disfrutando de cada momento en Miami<\/a>. Tal y como ha compartido en sus redes sociales, est\u00e1 aprovechando los rayos de sol, muy lejos de las lluvias que azotan Espa\u00f1a en estos d\u00edas. \u00abMe quiero despertar as\u00ed siempre, gracias\u00bb, ha escrito en su perfil p\u00fablico junto a una instant\u00e1nea con la vista desde su habitaci\u00f3n. Entre sus planes, ha destacado que la sobrina de Felipe VI acudi\u00f3 a comer a un conocido restaurante, <strong data-end=\"607\" data-start=\"583\">Omakai Hand Roll Bar<\/strong>, donde pudo deleitarse con uno de los mejores sushis de la zona.<\/p>\n<p> <img src=\"https:\/\/www.europesays.com\/es\/wp-content\/uploads\/2025\/11\/3d3c0faa0ef7-581375489185460357160546082935274164171202316n.jpg\"   width=\"576\" height=\"1024\" loading=\"lazy\" decoding=\"async\" alt=\"Victoria Federica\" fetchpriority=\"auto\" class=\"image ho-image\"\/>\u00a9 vicmabor<\/p>\n<p> <img src=\"https:\/\/www.europesays.com\/es\/wp-content\/uploads\/2025\/11\/995ac683dff1-582469120185460466330546083069686995258774308n.jpg\"   width=\"576\" height=\"1024\" loading=\"lazy\" decoding=\"async\" alt=\"Victoria Federica\" fetchpriority=\"auto\" class=\"image ho-image\"\/>\u00a9 vicmabor<\/p>\n<p> <img src=\"https:\/\/www.europesays.com\/es\/wp-content\/uploads\/2025\/11\/f161d416eaa0-581214211185460568300546086342983400793113274n.jpg\"   width=\"576\" height=\"1024\" loading=\"lazy\" decoding=\"async\" alt=\"Victoria Federica\" fetchpriority=\"auto\" class=\"image ho-image\"\/>\u00a9 vicmabor<\/p>\n<p> <img src=\"https:\/\/www.europesays.com\/es\/wp-content\/uploads\/2025\/11\/ca2113e79175-581946010185460569320546082102651605753887313n.jpg\"   width=\"576\" height=\"1024\" loading=\"lazy\" decoding=\"async\" alt=\"Victoria Federica\" fetchpriority=\"auto\" class=\"image ho-image\"\/>\u00a9 vicmabor<\/p>\n","protected":false},"excerpt":{"rendered":"Victoria de Marichalar ha vivido una jornada realmente especial en un destino excepcional. La hija de la infanta&hellip;\n","protected":false},"author":2,"featured_media":236842,"comment_status":"","ping_status":"","sticky":false,"template":"","format":"standard","meta":{"footnotes":""},"categories":[174],"tags":[517,255,146,147,25,24,256,23,29371],"class_list":{"0":"post-236841","1":"post","2":"type-post","3":"status-publish","4":"format-standard","5":"has-post-thumbnail","7":"category-famosos","8":"tag-actualidad","9":"tag-celebrities","10":"tag-entertainment","11":"tag-entretenimiento","12":"tag-es","13":"tag-espana","14":"tag-famosos","15":"tag-spain","16":"tag-victoria-de-marichalar"},"share_on_mastodon":{"url":"https:\/\/pubeurope.com\/@es\/115552129795143751","error":""},"_links":{"self":[{"href":"https:\/\/www.europesays.com\/es\/wp-json\/wp\/v2\/posts\/236841","targetHints":{"allow":["GET"]}}],"collection":[{"href":"https:\/\/www.europesays.com\/es\/wp-json\/wp\/v2\/posts"}],"about":[{"href":"https:\/\/www.europesays.com\/es\/wp-json\/wp\/v2\/types\/post"}],"author":[{"embeddable":true,"href":"https:\/\/www.europesays.com\/es\/wp-json\/wp\/v2\/users\/2"}],"replies":[{"embeddable":true,"href":"https:\/\/www.europesays.com\/es\/wp-json\/wp\/v2\/comments?post=236841"}],"version-history":[{"count":0,"href":"https:\/\/www.europesays.com\/es\/wp-json\/wp\/v2\/posts\/236841\/revisions"}],"wp:featuredmedia":[{"embeddable":true,"href":"https:\/\/www.europesays.com\/es\/wp-json\/wp\/v2\/media\/236842"}],"wp:attachment":[{"href":"https:\/\/www.europesays.com\/es\/wp-json\/wp\/v2\/media?parent=236841"}],"wp:term":[{"taxonomy":"category","embeddable":true,"href":"https:\/\/www.europesays.com\/es\/wp-json\/wp\/v2\/categories?post=236841"},{"taxonomy":"post_tag","embeddable":true,"href":"https:\/\/www.europesays.com\/es\/wp-json\/wp\/v2\/tags?post=236841"}],"curies":[{"name":"wp","href":"https:\/\/api.w.org\/{rel}","templated":true}]}}