{"id":236843,"date":"2025-11-15T05:47:12","date_gmt":"2025-11-15T05:47:12","guid":{"rendered":"https:\/\/www.europesays.com\/es\/236843\/"},"modified":"2025-11-15T05:47:12","modified_gmt":"2025-11-15T05:47:12","slug":"belen-esteban-se-sincera-sobre-top-chef-y-carlota-corredera-desvela-que-se-quedo-a-las-puertas-de-ser-concursante","status":"publish","type":"post","link":"https:\/\/www.europesays.com\/es\/236843\/","title":{"rendered":"Bel\u00e9n Esteban se sincera sobre &#8216;Top Chef&#8217; y Carlota Corredera desvela que se qued\u00f3 \u00aba las puertas\u00bb de ser concursante"},"content":{"rendered":"<p class=\"article-text\">\n        El talent culinario <strong>Top Chef: Dulces y Famosos<\/strong> est\u00e1 a punto de arrancar sus grabaciones, con <strong>Bel\u00e9n Esteban<\/strong> encabezando la <a href=\"https:\/\/www.eldiario.es\/vertele\/noticias\/belen-esteban-fichaje-bomba-rtve-top-chef-pastelero-anuncia-12-concursantes_1_12762461.html\" target=\"_blank\" data-mrf-recirculation=\"links-noticia\" class=\"link\" rel=\"nofollow noopener\">lista de concursantes<\/a> confirmados. Este encargo impide que la colaboradora acuda de manera habitual al plat\u00f3 de <strong>No somos nadie<\/strong>, donde ha confirmado como se siente antes de enfrentarse al reto. Asimismo, <strong>Carlota Corredera<\/strong> ha aprovechado este viernes, 14 de noviembre, para desvelar que <strong>RTVE la tante\u00f3<\/strong> para el casting.\n    <\/p>\n<p>    <a href=\"https:\/\/www.eldiario.es\/vertele\/noticias\/belen-esteban-fichaje-bomba-rtve-top-chef-pastelero-anuncia-12-concursantes_1_12762461.html\" data-mrf-recirculation=\"saber-mas\" data-dl-event=\"saber-mas\" rel=\"nofollow noopener\" target=\"_blank\"><\/p>\n<p class=\"know-more__title\">Bel\u00e9n Esteban es el fichaje bomba de RTVE para su &#8216;Top Chef&#8217; pastelero, que anuncia sus 12 concursantes<\/p>\n<p>            <img decoding=\"async\" class=\"lazy\" loading=\"lazy\" data-src=\"https:\/\/static.eldiario.es\/clip\/0df94016-0649-4de0-9e6d-187c5c6b8996_16-9-aspect-ratio_default_0.jpg\" src=\"data:image\/svg+xml,%3Csvg xmlns=\" http:=\"\" viewbox=\"0 0 880 495\" alt=\"Bel\u00e9n Esteban es el fichaje bomba de RTVE para su 'Top Chef' pastelero, que anuncia sus 12 concursantes\"\/><\/p>\n<p>                        <\/a><\/p>\n<p class=\"article-text\">\n        Antes de centrarse exclusivamente en el Top Chef pastelero de <strong>La 1<\/strong>, Esteban ha compartido impresiones con sus compa\u00f1eros: \u201c<strong>Estoy nerviosa y con muchas ganas. Tengo ilusi\u00f3n<\/strong>\u201d. La colaboradora ha querido dejar claro en todo momento que las secciones de recetas en No somos nadie o el predecesor Ni que fu\u00e9ramos Shhh nada tienen que ver con la exigencia del talent show: \u201c<strong>Aunque yo haya cocinado aqu\u00ed, no es lo mismo un concurso<\/strong>\u201d.\n    <\/p>\n<p class=\"article-text\">\n        En este sentido, Bel\u00e9n Esteban se ha dirigido a la audiencia para comunicar un h\u00e1ndicap: \u201cLo m\u00e1s fuerte es que yo s\u00e9 cocinar comida casera, pero <strong>nunca he hecho dulces al ser diab\u00e9tica<\/strong>\u201d. Sin embargo, la tertuliana ha insistido en que \u201c<strong>es un reto<\/strong>\u201d dar el salto a Top Chef: competir\u00e1 frontalmente con Marina Casta\u00f1o, Antonio Resines, Mariano Pe\u00f1a, Ivana Rodr\u00edguez, Samantha Ballentines, Eva Isanta, Roi M\u00e9ndez, Natalia Rodr\u00edguez, Alejandro Vergara, Desir\u00e9e Vila y Tote Fern\u00e1ndez.\n    <\/p>\n<p class=\"article-text\">\n        Los 12 concursantes demostrar\u00e1n sus habilidades en el complicado mundo de la reposter\u00eda, enfrent\u00e1ndose a retos y presentando distintas elaboraciones que ser\u00e1n valoradas por un <strong>jurado profesional<\/strong>. La competici\u00f3n culinaria comenzar\u00e1 a grabarse de manera inminente, con la previsi\u00f3n de que la edici\u00f3n comience a emitirse durante el primer trimestre de 2026 en el prime time de La 1.\n    <\/p>\n<blockquote class=\"twitter-tweet\" data-lang=\"es\"><p><a href=\"https:\/\/twitter.com\/X\/status\/1989354132709540114?ref_src=twsrc%5Etfw\" rel=\"nofollow noopener\" target=\"_blank\"><\/p><\/blockquote>\n<p>    Carlota Corredera, a Bel\u00e9n Esteban sobre &#8216;Top Chef&#8217;: \u201c\u00bfNo me habr\u00e1s vetado?\u201d<\/p>\n<p class=\"article-text\">\n        Durante la emisi\u00f3n de No somos nadie que nos ocupa, <strong>Carlota Corredera<\/strong> ha confirmado que pudo formar parte del casting: \u201cMe son\u00f3 el tel\u00e9fono y me llamaron para preguntarme algo\u201d. La llamada fue para tantear la predisposici\u00f3n de la periodista para<strong> ser una de las concursantes<\/strong>, sin embargo, parece que las negociaciones no llegaron a buen puerto. \u201c<strong>\u00bfNo me habr\u00e1s vetado, Bel\u00e9n?<\/strong>\u201d, ha comentado a continuaci\u00f3n, en clave de humor.\n    <\/p>\n<p>    <a href=\"https:\/\/www.eldiario.es\/vertele\/analisis\/el-cuco-de-cristal-netflix-serie-adaptacion-reconocible-despista-decisiones-guion-javier-castillo_1_12758765.html\" data-mrf-recirculation=\"saber-mas-abajo\" data-dl-event=\"saber-mas-abajo\" rel=\"nofollow noopener\" target=\"_blank\"><\/p>\n<p class=\"know-more__title\">&#8216;El cuco de cristal&#8217; de Netflix, una adaptaci\u00f3n poco reconocible que despista con sus decisiones de guion<\/p>\n<p>            <img decoding=\"async\" class=\"lazy\" loading=\"lazy\" data-src=\"https:\/\/static.eldiario.es\/clip\/42e9a54a-5bd3-4582-bab0-c14bc4d140e1_16-9-aspect-ratio_default_0.jpg\" src=\"data:image\/svg+xml,%3Csvg xmlns=\" http:=\"\" viewbox=\"0 0 880 495\" alt=\"'El cuco de cristal' de Netflix, una adaptaci\u00f3n poco reconocible que despista con sus decisiones de guion\"\/><\/p>\n<p>                        <\/a><\/p>\n<p class=\"article-text\">\n        La colaboradora ha respondido asegurando que nunca hab\u00eda vetado a nadie: \u201cPrefiero no ir yo a que no vaya la persona\u201d. En ese momento, Corredera ha zanjado la cuesti\u00f3n: \u201cMe llamaron para preguntarme si quer\u00eda participar, pero <strong>me he quedado a las puertas<\/strong>\u201d. En este sentido, <strong>Ten <\/strong>ha bromeado con la situaci\u00f3n planteando una hip\u00f3tesis: \u201c\u00bfHa vetado La Patrona a Carlota? Solucionado, cocinas en el pisito\u201d.\n    <\/p>\n<blockquote class=\"twitter-tweet\" data-lang=\"es\"><p><a href=\"https:\/\/twitter.com\/X\/status\/1989351021060018386?ref_src=twsrc%5Etfw\" rel=\"nofollow noopener\" target=\"_blank\"><\/p><\/blockquote>\n<p>                                    <script async src=\"https:\/\/platform.twitter.com\/widgets.js\" charset=\"utf-8\"><\/script><\/p>\n","protected":false},"excerpt":{"rendered":"El talent culinario Top Chef: Dulces y Famosos est\u00e1 a punto de arrancar sus grabaciones, con Bel\u00e9n Esteban&hellip;\n","protected":false},"author":2,"featured_media":236844,"comment_status":"","ping_status":"","sticky":false,"template":"","format":"standard","meta":{"footnotes":""},"categories":[171],"tags":[3848,45416,6437,2884,48308,4083,146,147,25,24,16142,5748,5584,9474,23,1720,214],"class_list":{"0":"post-236843","1":"post","2":"type-post","3":"status-publish","4":"format-standard","5":"has-post-thumbnail","7":"category-tv","8":"tag-belen","9":"tag-carlota","10":"tag-chef","11":"tag-concursante","12":"tag-corredera","13":"tag-desvela","14":"tag-entertainment","15":"tag-entretenimiento","16":"tag-es","17":"tag-espana","18":"tag-esteban","19":"tag-puertas","20":"tag-quedo","21":"tag-sincera","22":"tag-spain","23":"tag-top","24":"tag-tv"},"share_on_mastodon":{"url":"https:\/\/pubeurope.com\/@es\/115552140912521665","error":""},"_links":{"self":[{"href":"https:\/\/www.europesays.com\/es\/wp-json\/wp\/v2\/posts\/236843","targetHints":{"allow":["GET"]}}],"collection":[{"href":"https:\/\/www.europesays.com\/es\/wp-json\/wp\/v2\/posts"}],"about":[{"href":"https:\/\/www.europesays.com\/es\/wp-json\/wp\/v2\/types\/post"}],"author":[{"embeddable":true,"href":"https:\/\/www.europesays.com\/es\/wp-json\/wp\/v2\/users\/2"}],"replies":[{"embeddable":true,"href":"https:\/\/www.europesays.com\/es\/wp-json\/wp\/v2\/comments?post=236843"}],"version-history":[{"count":0,"href":"https:\/\/www.europesays.com\/es\/wp-json\/wp\/v2\/posts\/236843\/revisions"}],"wp:featuredmedia":[{"embeddable":true,"href":"https:\/\/www.europesays.com\/es\/wp-json\/wp\/v2\/media\/236844"}],"wp:attachment":[{"href":"https:\/\/www.europesays.com\/es\/wp-json\/wp\/v2\/media?parent=236843"}],"wp:term":[{"taxonomy":"category","embeddable":true,"href":"https:\/\/www.europesays.com\/es\/wp-json\/wp\/v2\/categories?post=236843"},{"taxonomy":"post_tag","embeddable":true,"href":"https:\/\/www.europesays.com\/es\/wp-json\/wp\/v2\/tags?post=236843"}],"curies":[{"name":"wp","href":"https:\/\/api.w.org\/{rel}","templated":true}]}}