{"id":236849,"date":"2025-11-15T05:51:15","date_gmt":"2025-11-15T05:51:15","guid":{"rendered":"https:\/\/www.europesays.com\/es\/236849\/"},"modified":"2025-11-15T05:51:15","modified_gmt":"2025-11-15T05:51:15","slug":"se-esta-enterrando-gente-de-noche-como-en-la-pandemia","status":"publish","type":"post","link":"https:\/\/www.europesays.com\/es\/236849\/","title":{"rendered":"\u00abSe est\u00e1 enterrando gente de noche, como en la pandemia\u00bb"},"content":{"rendered":"<p>\t\t\t \t\t \t\t\t\t\t\t\t <strong class=\"pd-l\">Ernesto Mastrascusa | EFE  <\/strong><\/p>\n<p>\t\t\t\t\t\tLas condiciones insalubres de vida de la poblaci\u00f3n han provocado una explosi\u00f3n de dengue, chikungu\u00f1a, oropuche y zika en un contexto en el que no hay ning\u00fan tipo de medicamento<br \/>\n\t\t\t\t\t\t\t\t\t\t\t\t<strong>14 nov 2025<\/strong> . Actualizado a las 13:01 h.\t\t\t\t\t\t<\/p>\n<p class=\"first-paragraph txt\">Cuba, que durante d\u00e9cadas mostr\u00f3 la sanidad como la joya de su sistema, atraviesa una de las peores crisis sanitarias de su historia. A las carencias acumuladas y al <a class=\"link-txt\" href=\"https:\/\/www.lavozdegalicia.es\/noticia\/sociedad\/2025\/10\/27\/huracan-melissa-historia-mar-caribe\/00031761583706734813272.htm\" rel=\"nofollow noopener\" target=\"_blank\">paso del hurac\u00e1n Melissa, que hizo estragos<\/a> en varias provincias del oriente del pa\u00eds, se suma una emergencia por arbovirosis (enfermedades virales transmitidas principalmente por mosquitos, como el <a href=\"https:\/\/www.lavozdegalicia.es\/temas\/dengue\" rel=\"nofollow noopener\" target=\"_blank\">dengue<\/a>, el chikungu\u00f1a, el oropouche y el <a href=\"https:\/\/www.lavozdegalicia.es\/temas\/zika\" rel=\"nofollow noopener\" target=\"_blank\">zika<\/a>), adem\u00e1s de distintos virus respiratorios.<\/p>\n<p class=\"txt\">La poblaci\u00f3n, agotada y enferma, denuncia lo que las autoridades intentan minimizar: una epidemia que <strong>avanza sin control<\/strong> y con resultados tr\u00e1gicos en muchos casos. Los testimonios a pie de calle y en redes sociales la comparan ya con los peores momentos de la pandemia, e indican que no son pocos los fallecidos, entre ellos muchos ni\u00f1os y personas muy j\u00f3venes, aunque no siempre sean los virus la causa que aparece en el certificado de defunci\u00f3n.<\/p>\n<p class=\"txt\">La pastora y activista social Elaine Saralegui relata en sus redes su experiencia, tras contagiarse junto a su madre, de 80 a\u00f1os. \u00abLa fiebre constante, el dolor de cabeza, la fatiga\u2026 te doblegan\u00bb. Sin agua, sin luz, sin medicinas, sobrevivir se vuelve un lujo, cuenta. \u00abPor m\u00e1s que una se cuide, no hay escapatoria cuando<strong> te obligan a vivir en condiciones indignas<\/strong>\u00bb.<\/p>\n<p class=\"txt\">Desde Matanzas, punto de inicio y epicentro de la crisis epidemiol\u00f3gica, y otras provincias como Cienfuegos, Ciego de \u00c1vila o <a href=\"https:\/\/www.lavozdegalicia.es\/temas\/la-habana\" rel=\"nofollow noopener\" target=\"_blank\">La Habana<\/a>, han proliferado las denuncias de hospitales abarrotados y cientos de miles de enfermos sin diagn\u00f3stico ni tratamiento. Fiebres de m\u00e1s de 40 grados, complicaciones y secuelas que duran meses, son ya parte del d\u00eda a d\u00eda, mientras la respuesta oficial se limita a pedir unidad. Las historias reflejan el estado del pa\u00eds:<strong> \u00abUn pueblo enfermo, demacrado, sin fuerzas, sin risas, sin esperanzas\u00bb,<\/strong> sostiene Elaine.<\/p>\n<p class=\"txt\">\n<p>\t\t\t\t\t\t\t\t\t\t\t\t&#13;<br \/>\n\t\t\t\t\t\t\t\t&#13;<br \/>\n&#13;<br \/>\n&#13;<\/p>\n<p>\t\t\t&#13;<br \/>\n\t&#13;<\/p>\n<p>\t\t\t<a href=\"https:\/\/www.lavozdegalicia.es\/noticia\/sociedad\/2025\/11\/11\/ana-fernandez-sesma-preparados-nueva-pandemia\/00031762870676564465383.htm\" data-analytics=\"link-embed\" rel=\"nofollow noopener\" target=\"_blank\">Ana Fern\u00e1ndez Sesma: \u00abNo estamos preparados para una nueva pandemia\u00bb<\/a><\/p>\n<p class=\"a-min-author\">\n<p>\t\t\t\t\t\t\t\t\t\t\t<a href=\"https:\/\/www.lavozdegalicia.es\/firmas\/raul-romar-garcia\" rel=\"nofollow noopener\" target=\"_blank\"> \tR. Romar<\/a><\/p>\n<p>\t&#13;<br \/>\n\t&#13;<br \/>\n&#13;<\/p>\n<p class=\"txt\">La intelectual Alina B\u00e1rbara L\u00f3pez, residente en Matanzas, explica as\u00ed la situaci\u00f3n: \u00abLos \u00faltimos cinco a\u00f1os han sido terribles en todo sentido. Estas enfermedades<strong> no son esencialmente mortales,<\/strong> pero en un pa\u00eds con altos niveles de desnutrici\u00f3n y estr\u00e9s, con enfermos cr\u00f3nicos sin medicamentos y hospitales sin recursos, se convierten en una amenaza letal\u00bb.<\/p>\n<p class=\"txt\">\u00abNo hay pastillas para el dolor ni para bajar la fiebre, ni term\u00f3metros\u00bb, refiere. Por dem\u00e1s, los antihipertensivos, los diur\u00e9ticos y los medicamentos para la diabetes desaparecieron hace a\u00f1os. Ahora, las farmacias vac\u00edas reparten apenas sobres simb\u00f3licos de sales de rehidrataci\u00f3n, mientras los servicios funerarios se ven superados por el aumento de muertes. \u00ab<strong>Se est\u00e1 enterrando gente de noche en los cementerios, como en la pandemia,<\/strong> porque no dan abasto\u00bb, asegura.<\/p>\n<p class=\"txt\">La epidemia se volvi\u00f3 incontrolable por la insalubridad p\u00fablica, con \u00ablas calles llenas de basura, baches con agua estancada, fosas rebosadas y tuber\u00edas rotas\u00bb\u201d, que se han convertido en criaderos de mosquitos, afirma. Seg\u00fan L\u00f3pez, \u00abestamos ante un sistema de salud colapsado, sin insumos ni recursos humanos\u00bb. El \u00e9xodo y las conocidas como misiones gubernamentales han mermado el personal, mientras los que quedan est\u00e1n agotados y sin las condiciones m\u00ednimas para trabajar.<\/p>\n<p class=\"txt\">A las epidemias se suma una situaci\u00f3n social cr\u00edtica: <strong>apagones constantes de m\u00e1s de 24 horas<\/strong>, falta de agua potable y escasez cr\u00f3nica de alimentos, lo que ha creado el caldo de cultivo perfecto para la expansi\u00f3n de los virus y el agravamiento de las consecuencias.<\/p>\n<p class=\"txt\">Tras semanas de alarma, finalmente las autoridades se vieron obligadas a reconocer parcialmente la gravedad de la situaci\u00f3n. La viceministra del Salud admiti\u00f3 a inicios de noviembre que calcula alrededor de<strong> 20 000 infectados con chikungu\u00f1a <\/strong>en la isla. Pero todos saben que son much\u00edsimos m\u00e1s, con pueblos y ciudades enteras donde ha enfermado la mayor parte de la poblaci\u00f3n. Mientras tanto, las acciones para controlar la epidemia no se notan, y se limitan a pocos intentos por reactivar la recogida de residuos y algo de fumigaci\u00f3n contra los insectos.<\/p>\n<p class=\"txt\">Las redes sociales se han convertido en el principal canal informativo y de coordinaci\u00f3n ciudadana. En ellas se documentan casos, se denuncian muertes, se exige al gobierno transparencia y que declare emergencia nacional, y se organizan canales de ayuda.<\/p>\n<p class=\"txt\">En Madrid, la Red de Ayuda para Cuba<strong> coordina la recogida y env\u00edo de medicamentos desde toda Espa\u00f1a<\/strong>. \u00abEsta iniciativa, que surgi\u00f3 en los momentos m\u00e1s cr\u00edticos de la pandemia, ha vuelto a reactivarse ahora ante la gravedad de la situaci\u00f3n\u00bb, asegura Katherine T. Gavil\u00e1n, una de sus promotoras. \u00abEstamos intentando coordinar diversos esfuerzos, muchas personas han colaborado para hacer llegar a los enfermos medicamentos vitales y para aliviar los s\u00edntomas, pero a\u00fan es insuficiente\u00bb.<\/p>\n<p class=\"txt\">\u00abEsto no es una \u2018situaci\u00f3n compleja&#8217;, ni un \u2018brote&#8217; \u2014dice Alina B\u00e1rbara L\u00f3pez\u2014, esto se llama epidemia, y no se revertir\u00e1 pronto, porque las causas siguen intactas. Y la estamos pagando con la vida de nuestro pueblo\u00bb.<\/p>\n<p>&#13;<br \/>\n\tArchivado en:&#13;<br \/>\n\t\t\t\t\t<a href=\"https:\/\/www.lavozdegalicia.es\/temas\/dengue\/\" target=\"_blank\" class=\"mg-l\" rel=\"nofollow noopener\">Dengue<\/a>&#13;<br \/>\n\t\t\t\t\t<a href=\"https:\/\/www.lavozdegalicia.es\/temas\/zika\/\" target=\"_blank\" class=\"mg-l\" rel=\"nofollow noopener\">Zika<\/a>&#13;<br \/>\n\t\t\t\t\t<a href=\"https:\/\/www.lavozdegalicia.es\/temas\/la-habana\/\" target=\"_blank\" class=\"mg-l\" rel=\"nofollow noopener\">La Habana<\/a>&#13;<br \/>\n\t&#13;<\/p>\n","protected":false},"excerpt":{"rendered":"Ernesto Mastrascusa | EFE Las condiciones insalubres de vida de la poblaci\u00f3n han provocado una explosi\u00f3n de dengue,&hellip;\n","protected":false},"author":2,"featured_media":236850,"comment_status":"","ping_status":"","sticky":false,"template":"","format":"standard","meta":{"footnotes":""},"categories":[92],"tags":[2216,25,24,165,39673,166,23,4368],"class_list":{"0":"post-236849","1":"post","2":"type-post","3":"status-publish","4":"format-standard","5":"has-post-thumbnail","7":"category-salud","8":"tag-dengue","9":"tag-es","10":"tag-espana","11":"tag-health","12":"tag-la-habana","13":"tag-salud","14":"tag-spain","15":"tag-zika"},"share_on_mastodon":{"url":"https:\/\/pubeurope.com\/@es\/115552156604550655","error":""},"_links":{"self":[{"href":"https:\/\/www.europesays.com\/es\/wp-json\/wp\/v2\/posts\/236849","targetHints":{"allow":["GET"]}}],"collection":[{"href":"https:\/\/www.europesays.com\/es\/wp-json\/wp\/v2\/posts"}],"about":[{"href":"https:\/\/www.europesays.com\/es\/wp-json\/wp\/v2\/types\/post"}],"author":[{"embeddable":true,"href":"https:\/\/www.europesays.com\/es\/wp-json\/wp\/v2\/users\/2"}],"replies":[{"embeddable":true,"href":"https:\/\/www.europesays.com\/es\/wp-json\/wp\/v2\/comments?post=236849"}],"version-history":[{"count":0,"href":"https:\/\/www.europesays.com\/es\/wp-json\/wp\/v2\/posts\/236849\/revisions"}],"wp:featuredmedia":[{"embeddable":true,"href":"https:\/\/www.europesays.com\/es\/wp-json\/wp\/v2\/media\/236850"}],"wp:attachment":[{"href":"https:\/\/www.europesays.com\/es\/wp-json\/wp\/v2\/media?parent=236849"}],"wp:term":[{"taxonomy":"category","embeddable":true,"href":"https:\/\/www.europesays.com\/es\/wp-json\/wp\/v2\/categories?post=236849"},{"taxonomy":"post_tag","embeddable":true,"href":"https:\/\/www.europesays.com\/es\/wp-json\/wp\/v2\/tags?post=236849"}],"curies":[{"name":"wp","href":"https:\/\/api.w.org\/{rel}","templated":true}]}}