{"id":236851,"date":"2025-11-15T05:54:09","date_gmt":"2025-11-15T05:54:09","guid":{"rendered":"https:\/\/www.europesays.com\/es\/236851\/"},"modified":"2025-11-15T05:54:09","modified_gmt":"2025-11-15T05:54:09","slug":"la-salida-a-bolsa-de-digi-deja-a-vodafone-como-unica-opcion-de-fusion-para-telefonica","status":"publish","type":"post","link":"https:\/\/www.europesays.com\/es\/236851\/","title":{"rendered":"La salida a Bolsa de Digi deja a Vodafone como \u00fanica opci\u00f3n de fusi\u00f3n para Telef\u00f3nica"},"content":{"rendered":"<p style=\"\">A <a href=\"https:\/\/www.abc.es\/economia\/telefonica-recorta-dividendo-2026-mitad-murtra-tomara-20251104075849-nt.html\" target=\"_self\" data-voc-vtm-id=\"in-text-traffic\" title=\"Telef\u00f3nica\" data-mrf-link=\"www.abc.es\" rel=\"nofollow noopener\">Telef\u00f3nica<\/a> se le van esfumando las opciones de fusiones en Espa\u00f1a. Si bien hasta hace unos d\u00edas los rumores de mercado apuntaban a una posible integraci\u00f3n con Vodafone o Digi, ahora las quinielas se han reducido solo a la primera de esas compa\u00f1\u00edas  &#8230; ya que la segunda, la teleco rumana, descarta cualquier opci\u00f3n que implique perder el control de su filial espa\u00f1ola. <\/p>\n<p class=\"voc-p\" style=\"\">Digi, al tiempo que anunciaba ayer haber alcanzado ya los 10,2 millones de clientes en nuestro pa\u00eds, confirmaba que su intenci\u00f3n es <a href=\"https:\/\/www.abc.es\/economia\/digi-anuncia-intencion-salir-bolsa-espana-descarta-20251114122957-nt.html\" target=\"_self\" data-voc-vtm-id=\"in-text-traffic\" title=\"sacar a Bolsa su filial en Espa\u00f1a\" rel=\"nofollow noopener\">sacar a Bolsa su filial en Espa\u00f1a<\/a>, pero siempre sin perder el control desde Ruman\u00eda. \u00abEn l\u00ednea con su estrategia de seguir mejorando la estructura de capital y la posici\u00f3n de financiaci\u00f3n a largo plazo de sus filiales\u00bb, el grupo afirm\u00f3 estar explorando el salto al parqu\u00e9 para \u00abuna participaci\u00f3n minoritaria\u00bb. Es decir, que en cualquier escenario, la matriz rumana seguir\u00eda controlando m\u00e1s del 50%. El objetivo es dar entrada a inversores institucionales para apoyar la estrategia de crecimiento en nuestro pa\u00eds: seguir con el despliegue de fibra y desarrollar su red m\u00f3vil. Fuentes del sector confirman que la teleco rumana empez\u00f3 a sopesar esta posibilidad antes del verano. Ah\u00ed empez\u00f3 a sondear al mercado, lo que da cuenta de que no quieren una colocaci\u00f3n de acciones acelerada sino que se lo toman con calma, de cara a 2026.<\/p>\n<p class=\"voc-p\" style=\"\">Al mismo tiempo, Digi dio portazo a cualquier rumor de operaci\u00f3n con Telef\u00f3nica ya que no contempla \u00abninguna operaci\u00f3n\u00bb que suponga perder el control de la compa\u00f1\u00eda. La posibilidad de que la teleco dirigida por Marc Murtra hiciera un acercamiento sobre la rumana era algo que se comentaba en los corrillos del mercado, entre bancos de inversi\u00f3n e internamente en el grupo, aunque lo que llevaba sonando con m\u00e1s fuerza era una operaci\u00f3n con Vodafone. <\/p>\n<p class=\"voc-p\" style=\"\">Y precisamente, tras el pronunciamiento de Digi, <strong>Vodafone<\/strong> es la \u00fanica alternativa. Telef\u00f3nica present\u00f3 hace d\u00edas su plan estrat\u00e9gico y destac\u00f3 que promover\u00e1 operaciones en los mercados en los que est\u00e1 presente, ya que est\u00e1 \u00abpreparada para las posibles oportunidades que se presenten\u00bb.<\/p>\n<p class=\"voc-p\" style=\"\">\u00abEstamos manteniendo conversaciones continuas en cada uno de nuestros mercados principales\u00bb, desvel\u00f3 su presidente Marc Murtra, que a\u00f1adi\u00f3 que cualquier operaci\u00f3n pasar\u00e1 por tres condiciones: \u00absinergias de costes y redes, precio apropiado y &#8216;remedies&#8217; apropiados con los reguladores\u00bb. <\/p>\n<p class=\"voc-p\" style=\"\">Estas condiciones que se autoimpone Telef\u00f3nica le dificultan de por s\u00ed las operaciones corporativas de cierto tama\u00f1o, en especial en lo que tiene que ver con los &#8216;remedies&#8217;, que son las condiciones que fijan las autoridades para dar el visto bueno a una integraci\u00f3n. Por ejemplo, si la compa\u00f1\u00eda acordara una fusi\u00f3n con Vodafone pero las autoridades de competencia le obligaran a desgajar parte de los negocios para crear otro operador independiente, eso truncar\u00eda la consolidaci\u00f3n. Esto es algo que el propio Murtra ha se\u00f1alado recientemente ya que no tendr\u00eda sentido integrar otra gran compa\u00f1\u00eda y que al mismo tiempo te obliguen a vender parte de sus activos. <\/p>\n<p class=\"voc-p\" style=\"\">En ese problema podr\u00eda entrar la operaci\u00f3n con Vodafone, que tendr\u00eda que ser revisada por las autoridades de competencia. Fuentes del sector de las telecomunicaciones se muestran convencidas de que la consolidaci\u00f3n en Espa\u00f1a pasa por realizar operaciones sobre el operador rojo, que este desaparezca y pueda engordar a alguno de los otros tres jugadores del mercado&#8230; o a los tres a la vez.<\/p>\n<p class=\"voc-title\">La teleco de bandera espa\u00f1ola indic\u00f3 en su plan estrat\u00e9gico que promover\u00e1 la consolidaci\u00f3n del sector en sus mercados<\/p>\n<p class=\"voc-p\" style=\"\">En el mercado empieza a surgir la posibilidad de que se realice una operaci\u00f3n a cuatro: que Vodafone Espa\u00f1a desaparezca y sus activos\/negocios se los repartan entre los otros tres, que son <strong>Telef\u00f3nica, Masorange y Digi<\/strong>. Sin embargo, en el sector de momento todo son inc\u00f3gnitas y hay quienes no tienen realmente claro que el grupo dirigido por Marc Murtra vaya a poder impulsar la consolidaci\u00f3n real en Espa\u00f1a. <\/p>\n<p class=\"voc-p\" style=\"\">Esas dudas sobre las fusiones surgen tambi\u00e9n de los propios pronunciamientos de Telef\u00f3nica, que en el plan estrat\u00e9gico vino a decir que hay diferentes maneras de llevar a cabo la consolidaci\u00f3n del sector. Por una parte est\u00e1n las fusiones y adquisiciones tradicionales y, por otra, la \u00abcompartici\u00f3n de infraestructuras\u00bb. Ejemplo claro de esta \u00faltima pata es la sociedad conjunta de fibra que han creado con Vodafone, o los rumores que existen de otra sociedad conjunta de fibra con Masorange. <\/p>\n<p class=\"voc-p\" style=\"\">Aparte, adem\u00e1s, estar\u00eda el c\u00f3mo se financiar\u00eda una fusi\u00f3n teniendo en cuenta la deuda de la operadora azul; ah\u00ed surge una posible ampliaci\u00f3n de capital, que la considerar\u00edan en Telef\u00f3nica, pero habr\u00eda que ver c\u00f3mo se lo tomar\u00edan sus accionistas.<\/p>\n","protected":false},"excerpt":{"rendered":"A Telef\u00f3nica se le van esfumando las opciones de fusiones en Espa\u00f1a. Si bien hasta hace unos d\u00edas&hellip;\n","protected":false},"author":2,"featured_media":236852,"comment_status":"","ping_status":"","sticky":false,"template":"","format":"standard","meta":{"footnotes":""},"categories":[80],"tags":[2300,82,51,34205,95,94,25,24,21700,2538,1965,23,1826,3001,11863],"class_list":{"0":"post-236851","1":"post","2":"type-post","3":"status-publish","4":"format-standard","5":"has-post-thumbnail","7":"category-economia","8":"tag-bolsa","9":"tag-business","10":"tag-deja","11":"tag-digi","12":"tag-economia","13":"tag-economy","14":"tag-es","15":"tag-espana","16":"tag-fusion","17":"tag-opcion","18":"tag-salida","19":"tag-spain","20":"tag-telefonica","21":"tag-unica","22":"tag-vodafone"},"share_on_mastodon":{"url":"https:\/\/pubeurope.com\/@es\/115552168536497912","error":""},"_links":{"self":[{"href":"https:\/\/www.europesays.com\/es\/wp-json\/wp\/v2\/posts\/236851","targetHints":{"allow":["GET"]}}],"collection":[{"href":"https:\/\/www.europesays.com\/es\/wp-json\/wp\/v2\/posts"}],"about":[{"href":"https:\/\/www.europesays.com\/es\/wp-json\/wp\/v2\/types\/post"}],"author":[{"embeddable":true,"href":"https:\/\/www.europesays.com\/es\/wp-json\/wp\/v2\/users\/2"}],"replies":[{"embeddable":true,"href":"https:\/\/www.europesays.com\/es\/wp-json\/wp\/v2\/comments?post=236851"}],"version-history":[{"count":0,"href":"https:\/\/www.europesays.com\/es\/wp-json\/wp\/v2\/posts\/236851\/revisions"}],"wp:featuredmedia":[{"embeddable":true,"href":"https:\/\/www.europesays.com\/es\/wp-json\/wp\/v2\/media\/236852"}],"wp:attachment":[{"href":"https:\/\/www.europesays.com\/es\/wp-json\/wp\/v2\/media?parent=236851"}],"wp:term":[{"taxonomy":"category","embeddable":true,"href":"https:\/\/www.europesays.com\/es\/wp-json\/wp\/v2\/categories?post=236851"},{"taxonomy":"post_tag","embeddable":true,"href":"https:\/\/www.europesays.com\/es\/wp-json\/wp\/v2\/tags?post=236851"}],"curies":[{"name":"wp","href":"https:\/\/api.w.org\/{rel}","templated":true}]}}