{"id":236881,"date":"2025-11-15T06:30:23","date_gmt":"2025-11-15T06:30:23","guid":{"rendered":"https:\/\/www.europesays.com\/es\/236881\/"},"modified":"2025-11-15T06:30:23","modified_gmt":"2025-11-15T06:30:23","slug":"mastantuono-mantiene-la-fe-as-com","status":"publish","type":"post","link":"https:\/\/www.europesays.com\/es\/236881\/","title":{"rendered":"Mastantuono mantiene la fe &#8211; AS.com"},"content":{"rendered":"<p class=\"\">El <b>Mundial <\/b>como impulso motivacional extra para comenzar a ser en el <b>Real Madrid<\/b> el <b>Franco Mastantuono<\/b> de River Plate. No s\u00f3lo un buen futbolista, ser uno <b>diferencial<\/b>. El joven talento blanco est\u00e1 m\u00e1s que convencido de ello. Por eso <b>Mastan <\/b><b>sorprendi\u00f3 a Scaloni y el resto de internacionales argentinos present\u00e1ndose en la concentraci\u00f3n de la selecci\u00f3n sudamericana en Alicante<\/b>. No entr\u00f3 en la convocatoria de la Albiceleste <a href=\"\" rel=\"\" title=\"\">por la pubalgia que le tiene de baja desde el partido con el Liverpool<\/a>, pero quiere mostrarse presente. <b>Ser uno m\u00e1s, mostrar compromiso.<\/b> Para cuando pueda ser citado de nuevo, ya en marzo de 2026&#8230;<\/p>\n<p class=\"\">La ilusi\u00f3n del primerizo est\u00e1 guiando a Mastantuono en sus primeros pasos en el Madrid y tambi\u00e9n con la absoluta argentina. Por eso acudi\u00f3 a la llamada de Scaloni estando seriamente tocado en el par\u00f3n internacional de octubre, aunque <a href=\"https:\/\/as.com\/futbol\/internacional\/mastantuono-se-vuelve-para-espana-por-una-sobrecarga-f202510-n\/\" target=\"_self\" rel=\"nofollow noopener\" title=\"https:\/\/as.com\/futbol\/internacional\/mastantuono-se-vuelve-para-espana-por-una-sobrecarga-f202510-n\/\">finalmente tuvo que echar el freno y volver a Espa\u00f1a<\/a>. <b>Quiso pero no pudo<\/b>. <\/p>\n<p><img decoding=\"async\" src=\"https:\/\/www.europesays.com\/es\/wp-content\/uploads\/2025\/11\/N64YRFRBRFOXDFHYQW2Q3DCSNM.jpg\" alt=\"Mastantuono mantiene la fe\" height=\"3793\" width=\"5690\"   loading=\"lazy\"\/>31\/10\/25&#13;<br \/>\nENTREGA BOTA DE ORO 2024-2025 KILIAN MBAPPE&#13;<br \/>\nREAL MADRID &#13;<br \/>\n&#13;<br \/>\nMASTANTUONO AITOR MARTIN<\/p>\n<p class=\"\">Es lo que le ha pasado en el Real Madrid por culpa de esta pubalgia. Tras ser titular y jugar su primer partido completo de blanco en el 4-0 al Valencia, frenazo. El club <b>no quiere que la dolencia termine en procedimiento quir\u00fargico<\/b>, por lo que <b>no hay fecha estimada de regreso <\/b>del 30 a los terrenos de juego. <\/p>\n<p><img decoding=\"async\" src=\"https:\/\/www.europesays.com\/es\/wp-content\/uploads\/2025\/11\/1763188221_362_default.png\" alt=\"Mastantuono mantiene la fe\" height=\"80\" width=\"80\"  loading=\"lazy\" data-error-image=\"https:\/\/static.as.com\/dist\/resources\/images\/placeholder-player.png\"\/><\/p>\n<p class=\"\">Este par\u00f3n tiene como objetivo desembocar en el de Azul pisando el c\u00e9sped para enfilar poco despu\u00e9s el retorno a la competici\u00f3n. Por ahora <b>la receta es el fortalecimiento del tren inferior como cierto remedio natural <\/b>a un problema, la pubalgia, muy molesto en cuanto a dolor para el futbolista. <a href=\"https:\/\/as.com\/futbol\/primera\/plan-mastantuono-f202511-n\/\" target=\"_self\" rel=\"nofollow noopener\" title=\"https:\/\/as.com\/futbol\/primera\/plan-mastantuono-f202511-n\/\">Hay un plan muy espec\u00edfico para \u00e9l<\/a>. Lo ha retomado en su regreso a la capital, este mi\u00e9rcoles.<\/p>\n<p>Sin presi\u00f3nNoticias relacionadas<a href=\"https:\/\/as.com\/futbol\/primera\/el-dos-pone-en-jaque-a-xabi-f202511-n\/\" class=\"s_m_w _rt-16x9\" title=\"Sigue sin fiarse de Trent como titular... y Valverde se fue tocado de Vallecas. El charr\u00faa estar\u00e1 10 d\u00edas de baja y utilizar\u00e1 el par\u00f3n para ponerse a punto y descansar.  \" data-tb-link=\"\" rel=\"nofollow noopener\" target=\"_blank\"><img decoding=\"async\" src=\"https:\/\/www.europesays.com\/es\/wp-content\/uploads\/2025\/11\/RDN2EMFY6NMVDHQQACJMOU3UQ4.jpg\" alt=\"El \u2018dos\u2019 pone en jaque a Xabi\" class=\"\" height=\"9\" width=\"16\"   loading=\"lazy\" data-tb-thumbnail=\"\"\/><\/a><a href=\"https:\/\/as.com\/futbol\/primera\/valverde-pide-el-cambio-f202511-n\/\" class=\"s_m_w _rt-16x9\" title=\"El uruguayo se marcha de Vallecas con la parte posterior del muslo dolorida y tiene molestias en el aductor. Ma\u00f1ana, pruebas. Y Courtois, con molestias en el muslo derecho.\" data-tb-link=\"\" rel=\"nofollow noopener\" target=\"_blank\"><img decoding=\"async\" src=\"https:\/\/www.europesays.com\/es\/wp-content\/uploads\/2025\/11\/AQNQR2CQRRI35BNB74LQNFZSJE.jpg\" alt=\"Valverde y Courtois, sobrecargados\" class=\"\" height=\"9\" width=\"16\"   loading=\"lazy\" data-tb-thumbnail=\"\"\/><\/a><\/p>\n<p class=\"\">Para el Madrid no hay la menor prisa. Pese al potente desembolso por Mastantuono (63,2M\u20ac) siempre se ha considerado que esta primera temporada tiene <b>m\u00e1s de adaptaci\u00f3n que de impacto inmediato<\/b>. Por su edad, por venir de un f\u00fatbol tan distinto como el argentino y porque el equipo no va falto de talento arriba para acompa\u00f1ar a Mbapp\u00e9, Vinicius y Bellingham.<b> Sus participaciones (13 partidos, 689 minutos) siguen estando bastante por delante de sus competidores naturales, Brahim (423\u2019) y Rodrygo (359\u2032)<\/b>. Ha sido un <b>inicio tibio<\/b> el Mastan, pero <b>ese empuje para subirse al Mundial que se le prev\u00e9 anuncia otra cosa<\/b>. <\/p>\n<p class=\"\"><b>\u00a1Tus opiniones importan!<\/b> Comenta en los art\u00edculos y suscr\u00edbete gratis a nuestra <a href=\"https:\/\/asfan.as.com\/newsletters\/\" target=\"_blank\" rel=\"nofollow noopener\" title=\"https:\/\/asfan.as.com\/newsletters\/\">newsletter<\/a> y a las alertas informativas en la <a href=\"https:\/\/as.com\/aplicacion-de-as-n\/\" target=\"_blank\" rel=\"nofollow noopener\" title=\"https:\/\/as.com\/aplicacion-de-as-n\/\">App<\/a> o el canal de <a href=\"https:\/\/www.whatsapp.com\/channel\/0029VaAasdA7j6g745nz9M10\" target=\"_blank\" rel=\"nofollow noopener\" title=\"https:\/\/www.whatsapp.com\/channel\/0029VaAasdA7j6g745nz9M10\">WhatsApp<\/a>. \u00bfBuscas licenciar contenido? Haz clic <a href=\"https:\/\/profesional.elpais.com\/soluciones-sindicacion?utm_medium=interno&amp;utm_source=crosslinking&amp;utm_campaign=sindicacion_as_pie_articulos\" target=\"_blank\" rel=\"nofollow noopener\" title=\"https:\/\/profesional.elpais.com\/soluciones-sindicacion?utm_medium=interno&amp;utm_source=crosslinking&amp;utm_campaign=sindicacion_as_pie_articulos\">aqu\u00ed<\/a><\/p>\n","protected":false},"excerpt":{"rendered":"El Mundial como impulso motivacional extra para comenzar a ser en el Real Madrid el Franco Mastantuono de&hellip;\n","protected":false},"author":2,"featured_media":236882,"comment_status":"","ping_status":"","sticky":false,"template":"","format":"standard","meta":{"footnotes":""},"categories":[268],"tags":[168,25,24,280,282,281,23,167],"class_list":{"0":"post-236881","1":"post","2":"type-post","3":"status-publish","4":"format-standard","5":"has-post-thumbnail","7":"category-futbol","8":"tag-deportes","9":"tag-es","10":"tag-espana","11":"tag-football","12":"tag-futbol","13":"tag-soccer","14":"tag-spain","15":"tag-sports"},"share_on_mastodon":{"url":"https:\/\/pubeurope.com\/@es\/115552310438199220","error":""},"_links":{"self":[{"href":"https:\/\/www.europesays.com\/es\/wp-json\/wp\/v2\/posts\/236881","targetHints":{"allow":["GET"]}}],"collection":[{"href":"https:\/\/www.europesays.com\/es\/wp-json\/wp\/v2\/posts"}],"about":[{"href":"https:\/\/www.europesays.com\/es\/wp-json\/wp\/v2\/types\/post"}],"author":[{"embeddable":true,"href":"https:\/\/www.europesays.com\/es\/wp-json\/wp\/v2\/users\/2"}],"replies":[{"embeddable":true,"href":"https:\/\/www.europesays.com\/es\/wp-json\/wp\/v2\/comments?post=236881"}],"version-history":[{"count":0,"href":"https:\/\/www.europesays.com\/es\/wp-json\/wp\/v2\/posts\/236881\/revisions"}],"wp:featuredmedia":[{"embeddable":true,"href":"https:\/\/www.europesays.com\/es\/wp-json\/wp\/v2\/media\/236882"}],"wp:attachment":[{"href":"https:\/\/www.europesays.com\/es\/wp-json\/wp\/v2\/media?parent=236881"}],"wp:term":[{"taxonomy":"category","embeddable":true,"href":"https:\/\/www.europesays.com\/es\/wp-json\/wp\/v2\/categories?post=236881"},{"taxonomy":"post_tag","embeddable":true,"href":"https:\/\/www.europesays.com\/es\/wp-json\/wp\/v2\/tags?post=236881"}],"curies":[{"name":"wp","href":"https:\/\/api.w.org\/{rel}","templated":true}]}}