{"id":236885,"date":"2025-11-15T06:34:14","date_gmt":"2025-11-15T06:34:14","guid":{"rendered":"https:\/\/www.europesays.com\/es\/236885\/"},"modified":"2025-11-15T06:34:14","modified_gmt":"2025-11-15T06:34:14","slug":"barbara-se-reencuentra-con-leonardo-e-irene","status":"publish","type":"post","link":"https:\/\/www.europesays.com\/es\/236885\/","title":{"rendered":"B\u00e1rbara se reencuentra con Leonardo e Irene"},"content":{"rendered":"<p>Mercedes insiste a D\u00e1maso: Victoria asesin\u00f3 a Pilara, la primera esposa del duque de <strong>Valle Salvaje<\/strong>, Jos\u00e9 Luis. Hay verdades en <strong>Valle Salvaje<\/strong> que primero duelen y luego liberan. A Luisa (Loren Mairena), todav\u00eda encarcelada, no queda otra que reconocer su pasado como ladrona a Adriana (<a href=\"https:\/\/www.elindependiente.com\/series-y-television\/2025\/03\/27\/rocio-suarez-puga-adriana-valle-salvaje\/\" rel=\"nofollow noopener\" target=\"_blank\">Roc\u00edo Su\u00e1rez de Puga<\/a>), pero su mejor amiga sabe que ella no rob\u00f3 la talla de la Casa Grande. Fue Tom\u00e1s. Siempre fue Tom\u00e1s. Adriana ya sabe toda la verdad y, a buen recaudo, intentar\u00e1 hacer justicia. Mientras, Matilde (Mar\u00eda Redondo), embobada por su compromiso con Atanasio (Alejandro Bordanove), y B\u00e1rbara (Emma Guilera) avistan a Leonardo (Julet Katzy) e Irene (Marina Sabadell) arribar a <strong>Valle Salvaje<\/strong>. \u00bfSer\u00e1n ya marido y mujer? Los habitantes de las dos casas enfrentadas descubrir\u00e1n si hay que celebrar o no en el <strong>cap\u00edtulo 297 de Valle Salvaje este lunes 17 de noviembre<\/strong>.<\/p>\n<p><img loading=\"lazy\" decoding=\"async\" width=\"990\" height=\"557\" src=\"data:image\/svg+xml,%3Csvg%20xmlns=\" http:=\"\" alt=\"\" class=\"wp-image-4345358\" data-lazy- data-lazy- data-lazy-src=\"https:\/\/www.europesays.com\/es\/wp-content\/uploads\/2025\/11\/luisa-valle-salvaje-capitulo-296-990x557.jpg\"\/>Adriana visita a Luisa en prisi\u00f3n en el cap\u00edtulo 296 de Valle Salvaje<\/p>\n<p>Avance del cap\u00edtulo 297 de Valle Salvaje este lunes 17 de noviembre<\/p>\n<p>Francisco se reencuentra con Irene. \u00bfHa contra\u00eddo matrimonio con Leonardo? Eva avisa a su sobrino, ahora mayordomo de la Casa Grande: debe olvidarse de la \u00fanica heredera de los G\u00e1lvez de Aguirre. Matilde tiene una informaci\u00f3n relevante sobre Leonardo e Irene, y as\u00ed se lo har\u00e1 saber a B\u00e1rbara, cerrada en banda. No tiene nada que hablar con sus amigos.<\/p>\n<p>Jos\u00e9 Luis, firme en su prop\u00f3sito de limpiar su apellido, propone a Rafael e Irene ayudar a su hermano Alejo: el benjam\u00edn debe ausentarse de la Casa Peque\u00f1a, donde la ausencia de Matilde y el cuidado del peque\u00f1o Evaristo le ocupan d\u00eda y noche.<\/p>\n<p>B\u00e1rbara prepara un regalo para alguien muy especial para ella. D\u00e1maso acerca posturas con Alejo y siembra la semilla de la duda sobre Jos\u00e9 Luis: \u00bfest\u00e1 el duque de <strong>Valle Salvaje<\/strong> haciendo todo lo que est\u00e1 en su mano para sacar a Luisa del calabozo? Jos\u00e9 Luis no erraba en sus sospechas: D\u00e1maso est\u00e1 malmetiendo de \u00e9l con sus hijos.<\/p>\n<p>Si Mahoma no va a la monta\u00f1a, la monta\u00f1a ir\u00e1 a Mahoma: Irene aborda a B\u00e1rbara para hablarle de su viaje junto a Leonardo. D\u00e1maso pregunta a Victoria c\u00f3mo era realmente su hijo Gaspar. D\u00e1maso y Victoria est\u00e1n a punto de cruzar una l\u00ednea roja; si lo hacen, ya no habr\u00e1 vuelta atr\u00e1s. Victoria empieza a sospechar de Atanasio, que propone visitar menos a Matilde para no levantar sospechas.<\/p>\n<p>PUBLICIDAD<\/p>\n","protected":false},"excerpt":{"rendered":"Mercedes insiste a D\u00e1maso: Victoria asesin\u00f3 a Pilara, la primera esposa del duque de Valle Salvaje, Jos\u00e9 Luis.&hellip;\n","protected":false},"author":2,"featured_media":236886,"comment_status":"","ping_status":"","sticky":false,"template":"","format":"standard","meta":{"footnotes":""},"categories":[171],"tags":[146,147,25,24,23,214,27808],"class_list":{"0":"post-236885","1":"post","2":"type-post","3":"status-publish","4":"format-standard","5":"has-post-thumbnail","7":"category-tv","8":"tag-entertainment","9":"tag-entretenimiento","10":"tag-es","11":"tag-espana","12":"tag-spain","13":"tag-tv","14":"tag-valle-salvaje"},"share_on_mastodon":{"url":"https:\/\/pubeurope.com\/@es\/115552325650683143","error":""},"_links":{"self":[{"href":"https:\/\/www.europesays.com\/es\/wp-json\/wp\/v2\/posts\/236885","targetHints":{"allow":["GET"]}}],"collection":[{"href":"https:\/\/www.europesays.com\/es\/wp-json\/wp\/v2\/posts"}],"about":[{"href":"https:\/\/www.europesays.com\/es\/wp-json\/wp\/v2\/types\/post"}],"author":[{"embeddable":true,"href":"https:\/\/www.europesays.com\/es\/wp-json\/wp\/v2\/users\/2"}],"replies":[{"embeddable":true,"href":"https:\/\/www.europesays.com\/es\/wp-json\/wp\/v2\/comments?post=236885"}],"version-history":[{"count":0,"href":"https:\/\/www.europesays.com\/es\/wp-json\/wp\/v2\/posts\/236885\/revisions"}],"wp:featuredmedia":[{"embeddable":true,"href":"https:\/\/www.europesays.com\/es\/wp-json\/wp\/v2\/media\/236886"}],"wp:attachment":[{"href":"https:\/\/www.europesays.com\/es\/wp-json\/wp\/v2\/media?parent=236885"}],"wp:term":[{"taxonomy":"category","embeddable":true,"href":"https:\/\/www.europesays.com\/es\/wp-json\/wp\/v2\/categories?post=236885"},{"taxonomy":"post_tag","embeddable":true,"href":"https:\/\/www.europesays.com\/es\/wp-json\/wp\/v2\/tags?post=236885"}],"curies":[{"name":"wp","href":"https:\/\/api.w.org\/{rel}","templated":true}]}}