{"id":236891,"date":"2025-11-15T06:38:14","date_gmt":"2025-11-15T06:38:14","guid":{"rendered":"https:\/\/www.europesays.com\/es\/236891\/"},"modified":"2025-11-15T06:38:14","modified_gmt":"2025-11-15T06:38:14","slug":"los-hospitales-vithas-se-unen-para-concienciar-sobre-la-diabetes-y-su-prevencion","status":"publish","type":"post","link":"https:\/\/www.europesays.com\/es\/236891\/","title":{"rendered":"Los hospitales Vithas se unen para concienciar sobre la diabetes y su prevenci\u00f3n"},"content":{"rendered":"<p>Con motivo del <strong>D\u00eda Mundial de la Diabetes<\/strong>, que se celebra cada <strong>14 de noviembre<\/strong>, los <strong>hospitales Vithas en Andaluc\u00eda<\/strong> (Vithas M\u00e1laga, Vithas Xanit Internacional, Vithas Sevilla, Vithas Almer\u00eda y Vithas Granada) <strong>unen sus voces para concienciar sobre la<\/strong> <strong>creciente prevalencia<\/strong> de esta enfermedad y la importancia de su prevenci\u00f3n y correcto manejo.<\/p>\n<p>La <strong>diabetes mellitus<\/strong> es una patolog\u00eda cr\u00f3nica que afecta a <strong>millones de personas<\/strong> en todo el mundo y cuya incidencia ha aumentado de forma alarmante en las \u00faltimas d\u00e9cadas.<\/p>\n<p>Por ello, los especialistas de los <strong>hospitales Vithas en Andaluc\u00eda<\/strong> abordan la diabetes desde diferentes perspectivas, subrayando la importancia de un <strong>enfoque multidisciplinar<\/strong> y personalizado.<\/p>\n<p>El <strong>doctor Rida Nagib Raya<\/strong>, jefe del servicio de Endocrinolog\u00eda del <strong>Hospital Vithas M\u00e1laga<\/strong>, destaca los avances de la <strong>monitorizaci\u00f3n continua de glucosa<\/strong> a trav\u00e9s de dispositivos, que permiten a los pacientes optimizar sus decisiones sobre alimentaci\u00f3n y actividad f\u00edsica, mejorando el control gluc\u00e9mico y reduciendo complicaciones.<\/p>\n<p>Desde el <strong>Hospital Vithas Sevilla<\/strong>, el especialista en endocrinolog\u00eda, el <strong>Dr. Crist\u00f3bal Morales<\/strong> subraya la <strong>importancia de la detecci\u00f3n precoz<\/strong>. \u00ab<strong>Identificar la diabetes<\/strong> en sus fases iniciales permite intervenir de forma m\u00e1s eficaz, evitando complicaciones graves\u00bb, se\u00f1ala el especialista. Desde Vithas, estamos comprometidos con la <strong>prevenci\u00f3n y el diagn\u00f3stico temprano<\/strong>, incorporando tambi\u00e9n los \u00faltimos avances en investigaci\u00f3n cl\u00ednica y farmacol\u00f3gica, que est\u00e1n abriendo nuevas puertas para el control de la diabetes.<\/p>\n<p>Adem\u00e1s, el equipo de Endocrinolog\u00eda y Nutrici\u00f3n, <strong>EndoCM<\/strong>, liderado por el Dr. Morales, trabaja con terapias innovadoras para un manejo m\u00e1s eficaz y personalizado.<\/p>\n<p>El <strong>doctor Diego Fern\u00e1ndez<\/strong>, jefe del Servicio de Endocrinolog\u00eda del <strong>Hospital Vithas Xanit Internacional<\/strong>, \u201crecuerda que una <strong>alimentaci\u00f3n equilibrada<\/strong> y el <strong>ejercicio f\u00edsico regular<\/strong> son pilares clave para prevenir la diabetes tipo 2. Adoptar una <strong>dieta rica en frutas<\/strong>, verduras, legumbres y cereales integrales, junto con ejercicio moderado diario, mejora la sensibilidad a la insulina y ayuda a controlar el peso corporal\u201d.<\/p>\n<p>En el caso de los <strong>hospitales Vithas Xanit Internacional<\/strong>, <strong>Vithas Granada<\/strong> y <strong>Vithas Almer\u00eda<\/strong>, instalar\u00e1n una mesa informativa donde el personal de enfermer\u00eda realizar\u00e1 <strong>pruebas gratuitas de glucemia<\/strong> y ofrecer\u00e1 consejos de prevenci\u00f3n. El director de enfermer\u00eda de Vithas Almer\u00eda, <strong>Israel Gonz\u00e1lez<\/strong>, afirma que \u201ccon esta iniciativa se persigue <strong>concienciar sobre la importancia<\/strong> de la detecci\u00f3n precoz y la prevenci\u00f3n de esta enfermedad\u201d y destaca que estas acciones permiten detectar valores alterados y derivar a los pacientes para seguimiento m\u00e9dico.<\/p>\n<p>Por su parte, <strong>Juan Manuel G\u00e1mez<\/strong>, director de enfermer\u00eda del Hospital <strong>Vithas Granada<\/strong>, subraya la necesidad de fomentar la <strong>conciencia social<\/strong> sobre esta enfermedad silenciosa pero cada vez m\u00e1s prevalente y recuerda que <strong>Vithas Granada<\/strong> y Fundaci\u00f3n Vithas son patronos y coordinadores cient\u00edficos de la <strong>c\u00e1tedra ReceDxT<\/strong> de la Universidad de Granada, cuyo objetivo es desarrollar un prototipo de inteligencia artificial para mejorar la prevenci\u00f3n de la diabetes tipo 2.<\/p>\n<p>Seg\u00fan la <strong>Organizaci\u00f3n Mundial de la Salud (OMS)<\/strong>, el n\u00famero de personas que viven con diabetes ha crecido exponencialmente, pasando de <strong>200 millones en 1990<\/strong> a <strong>830 millones en 2022<\/strong>. Las proyecciones de la <strong>Federaci\u00f3n Internacional de Diabetes (IDF)<\/strong> indican que para 2050, aproximadamente <strong>1 de cada 8 adultos<\/strong>, lo que representa unos 853 millones de personas, vivir\u00e1 con diabetes, un aumento del 46%. En Espa\u00f1a, la situaci\u00f3n no es menos preocupante. Es el <strong>segundo pa\u00eds con mayor prevalencia<\/strong> de diabetes en Europa, afectando al <strong>10,3% de la poblaci\u00f3n adulta<\/strong>, es decir, m\u00e1s de 5 millones de personas.<\/p>\n<p>Este incremento se atribuye a diversos factores, como el <strong>envejecimiento<\/strong>, los <strong>cambios en los estilos de vida<\/strong>, el aumento de la obesidad y la <strong>dieta no saludable<\/strong>. La diabetes no controlada puede provocar <strong>complicaciones graves<\/strong> como enfermedades cardiovasculares, insuficiencia renal, ceguera y amputaciones, lo que subraya la necesidad urgente de estrategias de <strong>prevenci\u00f3n y detecci\u00f3n temprana<\/strong>. En este contexto, la <strong>educaci\u00f3n y la concienciaci\u00f3n<\/strong> son fundamentales.<\/p>\n<p>En definitiva, el <strong>D\u00eda Mundial de la Diabetes<\/strong> es una oportunidad para recordar que la <strong>prevenci\u00f3n<\/strong>, el <strong>diagn\u00f3stico precoz<\/strong> y un <strong>manejo adecuado<\/strong> son pilares fundamentales para mejorar la calidad de vida de las personas con diabetes. Los <strong>hospitales Vithas en Andaluc\u00eda<\/strong> reafirman su compromiso con la salud de sus pacientes, ofreciendo una atenci\u00f3n integral y personalizada para afrontar este desaf\u00edo de salud p\u00fablica.<\/p>\n<p><strong>Sobre Vithas<\/strong><\/p>\n<p>El grupo Vithas est\u00e1 integrado por <strong>22 hospitales<\/strong> y <strong>39 centros m\u00e9dicos<\/strong> y asistenciales distribuidos por 14 provincias. Los <strong>12.600 profesionales<\/strong> que conforman Vithas lo han convertido en uno de los l\u00edderes de la sanidad espa\u00f1ola. Adem\u00e1s, el grupo integra a la <strong>Fundaci\u00f3n Vithas<\/strong>, Vithas Red Diagn\u00f3stica y la central de compras PlazaSalud+.<\/p>\n<p><strong>Vithas<\/strong>, respaldada por el grupo Goodgrower, fundamenta su estrategia corporativa en la <strong>calidad asistencial acreditada<\/strong>, la <strong>experiencia paciente<\/strong>, la <strong>investigaci\u00f3n y la innovaci\u00f3n<\/strong> y el compromiso social y medioambiental.<\/p>\n","protected":false},"excerpt":{"rendered":"Con motivo del D\u00eda Mundial de la Diabetes, que se celebra cada 14 de noviembre, los hospitales Vithas&hellip;\n","protected":false},"author":2,"featured_media":236892,"comment_status":"","ping_status":"","sticky":false,"template":"","format":"standard","meta":{"footnotes":""},"categories":[92],"tags":[4807,25,24,165,597,166,23,39014,61391],"class_list":{"0":"post-236891","1":"post","2":"type-post","3":"status-publish","4":"format-standard","5":"has-post-thumbnail","7":"category-salud","8":"tag-diabetes","9":"tag-es","10":"tag-espana","11":"tag-health","12":"tag-prevencion","13":"tag-salud","14":"tag-spain","15":"tag-vithas","16":"tag-vivasevilla"},"share_on_mastodon":{"url":"https:\/\/pubeurope.com\/@es\/115552341382014968","error":""},"_links":{"self":[{"href":"https:\/\/www.europesays.com\/es\/wp-json\/wp\/v2\/posts\/236891","targetHints":{"allow":["GET"]}}],"collection":[{"href":"https:\/\/www.europesays.com\/es\/wp-json\/wp\/v2\/posts"}],"about":[{"href":"https:\/\/www.europesays.com\/es\/wp-json\/wp\/v2\/types\/post"}],"author":[{"embeddable":true,"href":"https:\/\/www.europesays.com\/es\/wp-json\/wp\/v2\/users\/2"}],"replies":[{"embeddable":true,"href":"https:\/\/www.europesays.com\/es\/wp-json\/wp\/v2\/comments?post=236891"}],"version-history":[{"count":0,"href":"https:\/\/www.europesays.com\/es\/wp-json\/wp\/v2\/posts\/236891\/revisions"}],"wp:featuredmedia":[{"embeddable":true,"href":"https:\/\/www.europesays.com\/es\/wp-json\/wp\/v2\/media\/236892"}],"wp:attachment":[{"href":"https:\/\/www.europesays.com\/es\/wp-json\/wp\/v2\/media?parent=236891"}],"wp:term":[{"taxonomy":"category","embeddable":true,"href":"https:\/\/www.europesays.com\/es\/wp-json\/wp\/v2\/categories?post=236891"},{"taxonomy":"post_tag","embeddable":true,"href":"https:\/\/www.europesays.com\/es\/wp-json\/wp\/v2\/tags?post=236891"}],"curies":[{"name":"wp","href":"https:\/\/api.w.org\/{rel}","templated":true}]}}