{"id":236900,"date":"2025-11-15T06:49:09","date_gmt":"2025-11-15T06:49:09","guid":{"rendered":"https:\/\/www.europesays.com\/es\/236900\/"},"modified":"2025-11-15T06:49:09","modified_gmt":"2025-11-15T06:49:09","slug":"carlos-alcaraz-un-enemigo-numero-1-para-turin-con-trampa-en-el-horario","status":"publish","type":"post","link":"https:\/\/www.europesays.com\/es\/236900\/","title":{"rendered":"Carlos Alcaraz, un enemigo (n\u00famero 1) para Tur\u00edn con trampa en el horario"},"content":{"rendered":"\n<p> El Palasport Ol\u00edmpico de Tur\u00edn se vestir\u00e1 de gala este s\u00e1bado, el escal\u00f3n definitivo hacia la gran final de la Copa de Maestros. <strong>El cruce de semifinales aguarda un duelo de alta tensi\u00f3n para Carlos Alcaraz<\/strong>. El murciano no solo ha llegado, sino que ha mandado <a href=\"https:\/\/www.elconfidencial.com\/deportes\/tenis\/2025-11-14\/carlos-alcaraz-lorenzo-musetti-atp-finals-razones-exito-claves_4247310\/\" target=\"_blank\" rel=\"nofollow noopener\">un aviso al mundo del tenis<\/a>: quiere un t\u00edtulo que le falta y poner el broche a un a\u00f1o (casi) perfecto. <\/p>\n<p> Alcaraz ha desfilado en la fase de grupos con una soltura que asusta, despachando a Taylor Fritz, \u00c1lex de Mi\u00f1aur y <a href=\"https:\/\/www.elconfidencial.com\/deportes\/tenis\/2025-11-14\/carlos-alcaraz-lorenzo-musetti-atp-finals-razones-exito-claves_4247310\/\" target=\"_self\" rel=\"nofollow noopener\">Lorenzo Musetti<\/a> con una superioridad que evidencia la madurez de su tenis. <strong>La presi\u00f3n de ganar la Copa de Maestros parece haberle impulsado. Es su segundo gran envite en pista cubierta tras ese \u00e9pico US Open<\/strong>, y la sensaci\u00f3n es que ha encontrado el tempo de la superficie: un tenis a\u00fan m\u00e1s directo, acortando los puntos con ese drive que ya es una de las armas m\u00e1s letales del circuito. <\/p>\n<p> La victoria frente a Musetti le ha valido <a href=\"https:\/\/www.elconfidencial.com\/deportes\/tenis\/2025-11-13\/alcaraz-musetti-atp-finals-sinner_4247148\/\" target=\"_blank\" rel=\"nofollow noopener\">el n\u00famero uno del ranking hasta final de a\u00f1o<\/a>. \u00abSinceramente, significa much\u00edsimo para m\u00ed. Terminar n\u00famero uno siempre es mi objetivo. La verdad es que, al principio del a\u00f1o, lo ve\u00eda muy lejos. Jannik (Sinner) estaba ganando casi todos los torneos que jugaba. <strong>Desde mediados de temporada hasta ahora, me propuse ser n\u00famero uno porque cre\u00eda que estaba a mi alcance<\/strong>. Tuve la oportunidad de jugar un tenis excelente en muchos torneos seguidos para acercarme. En los \u00faltimos tres o cuatro, luch\u00e9 codo a codo con Jannik por este puesto y finalmente lo consegu\u00ed. Para m\u00ed, significa todo. El trabajo que hicimos cada d\u00eda durante toda la temporada. Altibajos, remontadas&#8230; Estoy muy orgulloso de mi equipo y de m\u00ed mismo\u00bb. <\/p>\n<p>               Alcaraz sue\u00f1a con ganar las ATP Finals. (Europa Press)            Las horas de descanso           <\/p>\n<p> Alcaraz ha recuperado el trono <a href=\"https:\/\/www.elconfidencial.com\/deportes\/tenis\/2025-11-07\/carlos-alcaraz-atp-finals-numero-uno-problemas-pista_4242696\/\" target=\"_blank\" rel=\"nofollow noopener\">que le arrebat\u00f3 Sinner<\/a> cuando se proclam\u00f3 campe\u00f3n del Masters 1.000 de Par\u00eds el pasado 2 de noviembre.<strong> All\u00ed, Carlitos dio la sorpresa al caer eliminado en primera ronda<\/strong>. Surgieron dudas sobre si estaba al nivel id\u00f3neo para llegar a Tur\u00edn, pero ha demostrado que no hab\u00eda motivos para la incertidumbre. <\/p>\n<p> Otro asunto que ha aparecido en escena ha sido el descanso de cara a la final. <a href=\"https:\/\/www.elconfidencial.com\/deportes\/tenis\/2025-11-12\/djokovic-dudas-ganar-otro-gran-slam-por-sinner-alcaraz_4246073\/\" target=\"_self\" rel=\"nofollow noopener\">Sinner <\/a>jugar\u00e1 frente a De Mi\u00f1aur en el primer turno,<strong> mientras que Carlitos tendr\u00e1 menos de 24 horas de descanso entre ambos partidos<\/strong>, en el caso de que alcance el \u00faltimo duelo del torneo. <\/p>\n<p>              <img decoding=\"async\" class=\"inTextNews__img\" alt=\"Foto: alcaraz-musetti-atp-finals-sinner\" src=\"https:\/\/www.europesays.com\/es\/wp-content\/uploads\/2025\/11\/f.elconfidencial.com\/original\/27a\/e43\/30f\/27ae4330f66f680cc0ced066f9db3dbf.jpg\"  \/>     <\/p>\n<p>TE PUEDE INTERESAR<\/p>\n<p>      <a class=\"inTextNews__title\" href=\"https:\/\/www.elconfidencial.com\/deportes\/tenis\/2025-11-13\/alcaraz-musetti-atp-finals-sinner_4247148\/\" onclick=\"window.ECCO.emit(&#039;amplitude&#039;, { dataEventName: &#039;click_related_article_module&#039;, data: { related_article_url: &#039;https:\/\/www.elconfidencial.com\/deportes\/tenis\/2025-11-13\/alcaraz-musetti-atp-finals-sinner_4247148\/&#039;, related_article_author: &#039;Rafael La Casa&#039;, related_article_section: &#039;tenis&#039; } })\" rel=\"nofollow noopener\" target=\"_blank\"> La exhibici\u00f3n de Alcaraz ante Musetti le asegura el n\u00famero uno y las semis como primero de grupo (6-4 y 6-1) <\/a>   <\/p>\n<p>    Rafa La Casa   <\/p>\n<p>           Las inc\u00f3gnitas a despejar           <\/p>\n<p> \u00abObviamente, cuanto menos tiempo de recuperaci\u00f3n tienes peor. <a href=\"https:\/\/www.elconfidencial.com\/deportes\/tenis\/2025-11-12\/carlos-alcaraz-atp-finals-taylor-fritz-turin_4245542\/\" target=\"_blank\" rel=\"nofollow noopener\">No digo que sea un gran h\u00e1ndicap en contra<\/a>, pero no es lo mismo acabar a las 11 y media o 12 e irte a la cama a las dos que irte a la cama a las 11 y hacerlo todo mucho m\u00e1s temprano. <strong>El tiempo de recuperaci\u00f3n y el tiempo de descanso influye mucho para estar luego en condiciones o en mejores condiciones para el domingo\u00bb<\/strong>, reflexion\u00f3 el espa\u00f1ol. <\/p>\n<p> Para Alcaraz, este es un partido de afirmaci\u00f3n absoluta. <strong>No solo por el prestigio de la final, sino por la posibilidad de despejar cualquier atisbo de duda sobre su dominio en todas las superficies<\/strong>. El p\u00fablico espa\u00f1ol espera ver esa versi\u00f3n indomable, esa mezcla de arte y potencia que lo ha llevado al Olimpo. <\/p>\n<p> El Palasport Ol\u00edmpico de Tur\u00edn se vestir\u00e1 de gala este s\u00e1bado, el escal\u00f3n definitivo hacia la gran final de la Copa de Maestros. <strong>El cruce de semifinales aguarda un duelo de alta tensi\u00f3n para Carlos Alcaraz<\/strong>. El murciano no solo ha llegado, sino que ha mandado <a href=\"https:\/\/www.elconfidencial.com\/deportes\/tenis\/2025-11-14\/carlos-alcaraz-lorenzo-musetti-atp-finals-razones-exito-claves_4247310\/\" target=\"_blank\" rel=\"nofollow noopener\">un aviso al mundo del tenis<\/a>: quiere un t\u00edtulo que le falta y poner el broche a un a\u00f1o (casi) perfecto. <\/p>\n","protected":false},"excerpt":{"rendered":"El Palasport Ol\u00edmpico de Tur\u00edn se vestir\u00e1 de gala este s\u00e1bado, el escal\u00f3n definitivo hacia la gran final&hellip;\n","protected":false},"author":2,"featured_media":236901,"comment_status":"","ping_status":"","sticky":false,"template":"","format":"standard","meta":{"footnotes":""},"categories":[274],"tags":[168,25,24,23,167,327,326],"class_list":{"0":"post-236900","1":"post","2":"type-post","3":"status-publish","4":"format-standard","5":"has-post-thumbnail","7":"category-tenis","8":"tag-deportes","9":"tag-es","10":"tag-espana","11":"tag-spain","12":"tag-sports","13":"tag-tenis","14":"tag-tennis"},"share_on_mastodon":{"url":"https:\/\/pubeurope.com\/@es\/115552384956526609","error":""},"_links":{"self":[{"href":"https:\/\/www.europesays.com\/es\/wp-json\/wp\/v2\/posts\/236900","targetHints":{"allow":["GET"]}}],"collection":[{"href":"https:\/\/www.europesays.com\/es\/wp-json\/wp\/v2\/posts"}],"about":[{"href":"https:\/\/www.europesays.com\/es\/wp-json\/wp\/v2\/types\/post"}],"author":[{"embeddable":true,"href":"https:\/\/www.europesays.com\/es\/wp-json\/wp\/v2\/users\/2"}],"replies":[{"embeddable":true,"href":"https:\/\/www.europesays.com\/es\/wp-json\/wp\/v2\/comments?post=236900"}],"version-history":[{"count":0,"href":"https:\/\/www.europesays.com\/es\/wp-json\/wp\/v2\/posts\/236900\/revisions"}],"wp:featuredmedia":[{"embeddable":true,"href":"https:\/\/www.europesays.com\/es\/wp-json\/wp\/v2\/media\/236901"}],"wp:attachment":[{"href":"https:\/\/www.europesays.com\/es\/wp-json\/wp\/v2\/media?parent=236900"}],"wp:term":[{"taxonomy":"category","embeddable":true,"href":"https:\/\/www.europesays.com\/es\/wp-json\/wp\/v2\/categories?post=236900"},{"taxonomy":"post_tag","embeddable":true,"href":"https:\/\/www.europesays.com\/es\/wp-json\/wp\/v2\/tags?post=236900"}],"curies":[{"name":"wp","href":"https:\/\/api.w.org\/{rel}","templated":true}]}}