{"id":236934,"date":"2025-11-15T07:16:11","date_gmt":"2025-11-15T07:16:11","guid":{"rendered":"https:\/\/www.europesays.com\/es\/236934\/"},"modified":"2025-11-15T07:16:11","modified_gmt":"2025-11-15T07:16:11","slug":"polonia-1-1-holanda-resumen-goles-y-resultado-diario-as","status":"publish","type":"post","link":"https:\/\/www.europesays.com\/es\/236934\/","title":{"rendered":"Polonia 1-1 Holanda: resumen, goles y resultado &#8211; Diario AS"},"content":{"rendered":"<ol>\n<li><a href=\"https:\/\/news.google.com\/rss\/articles\/CBMirgFBVV95cUxPZHd2LUxjb0luZTBsZ0NsY2hRYXBOTWJxMW9sa0tFVUNGVEw0MGFsbFdBLUtFQlhqY0ZMMks3bC1TQ3lKUEtVaDhDNmxRZFZ4bl95ZGJULWZ1UTBmUkFyaDJTS0tGSkxfaGtOWllGb1M3YUprUWZIQnI4cmJqX09aeExYeWhxVlFzNWVDOW55djlPMTJQNGRDQ0RFMFkwT2NScnU3SzMzcTJiSVBhNXfSAcIBQVVfeXFMUGp4eGo0TXV6ZXFsQmNtZ0JXalZtOUF2cjViemFrX1pCYnVMcE92TVVnSFZzSjZmLVZGaF83ZDFSV2NtcHROeXU4Ym5RenhsdU9uOXIxY2ZDdV81RUZobGk5MU1TWDlaOGl0azdGNHZIRG0wSnN5NHFOaVYxVmNWZ3lpbUNOVHRGdEtMMkh4WDl6eFc1UVpMcU1PMlVNQ3NkcE9zdkFBOE1jSEVxeWtTZFNKMmU2TkhVQjQ1SmRGN0VxS3c?oc=5\" target=\"_blank\" rel=\"nofollow noopener\">Polonia 1-1 Holanda: resumen, goles y resultado<\/a>&nbsp;&nbsp;Diario AS<\/li>\n<li><a href=\"https:\/\/news.google.com\/rss\/articles\/CBMiywFBVV95cUxNQ1VsU0d0NlJmY2VDU0Fxc2Mwc2VCZTVZTnNGTTUxWjJVSzhHRmxfRTEzX1diX2JQWUFIckJqVHFwOHdabTRsZnV6Mm1OUjVIdWwtUXZBODNsTmMzZHJVcWxQcTFRNWZGNFRHXy1mdFBUMEoybU91dmJHc0VmV1R0UGxHbmZkNFJMZ1l1VW53N29oZVFvUnlGblliaGdHMEZ0SDRmYTlqTVJkQ0lHLU5lVXFYdlA4U0MxYTBseDBwakRSblYtbHdBbGJjc9IB2AFBVV95cUxQbUpJSHF4MlJQZTR5QUcxQzRhdzU3TkVtaUZERGxVSzRyVWJOZVJRN3NHS0NkYWJ3b0tmLS1iWEdrTHZJOEJfV3FFeTNZZ3o3T08templVUQ0OGNsd18wbzl0Z082SmJHUTNBc0JrVGxkNzFZV0lXS2hwTE5uNjljVnZsSWxCSW94NEF4Vmh0bl9ydGJlYmc2LUtxenl6UHB4cjFmVXNuOWZuSzl4cDhLck5hS201SUdHdkJPaUpPS3BxTmp3eGV6V1Z2ZHdTNk9pTDI3Ry1qeHc?oc=5\" target=\"_blank\" rel=\"nofollow noopener\">1-1: Un gran Lewandowski no puede con De Jong y el empate le basta a Pa\u00edses Bajos<\/a>&nbsp;&nbsp;Mundo Deportivo<\/li>\n<li><a href=\"https:\/\/news.google.com\/rss\/articles\/CBMiwAFBVV95cUxPcFAtUW9ZMjZob25CZjh3THQ3dElKdVB5ZXdkMVBGUEQ4Uk5rNC1DVlpJZFM0MmdHSVg0OHlLcndRblhGXzU1bU1QT2RRUjd0bHpyM3BISEdJamFGcHhIeHpLaVlkOEpNZzlfaUxhNVZwNWhReFdfSHFTbFhCa2xIeHBxeGhNeFdiQUlXcnJ3YlpCZDNuUXAwTFRVUDNSdmdDMGxsRmVWR3dsR3ItX2pZT0FMRGVCUFVlSVF2VlRhYXDSAcABQVVfeXFMUG55SGVLN1VkRnRybXpwTkRkdjU2OXJmWlh5b05tMXp3VnlCMndaWTYzejE0bFhIbENCYXpWMWNYNzZPMHc1bWwzcWtJaE81WXloc3ZSSUMzSUZxWVFtUGthVVhkNFdpT1BwOFluUWp0TklZYS12QTZhSHRVWmxjUHpOak1KTFBPMmU1Sjc1aWdNMmtNZTlURk0zaTU0ZkJ0MXVBal84aVNoYWVteHZCM2Y1Tm5RZEJsOGlDVVBZSW01?oc=5\" target=\"_blank\" rel=\"nofollow noopener\">Lewandowski no evita el empate de Pa\u00edses Bajos, que est\u00e1 (virtualmente) clasificada<\/a>&nbsp;&nbsp;MARCA<\/li>\n<li><a href=\"https:\/\/news.google.com\/rss\/articles\/CBMitAFBVV95cUxPLUp2bUZFNUJPN2xBa1dteHZWdFBzSm41UEpVRlhmbjh3YUNYVVR2U0FoeUMtMndtR1VQbXFPU082U2FYQV9ZYnp6XzExeS13aHlxM0U0UzJQaGR1X3BiR05yMktHYXFOSEJaT0lhZEdPckdXWGtYSThYbzcyaS14bHhtZGQxRXdaaG4tYUxvVVZCZWhzZXZJM2Jfak1HYVVXc3hrVUhmMEk2YkJnV1pKNHZBTG4?oc=5\" target=\"_blank\" rel=\"nofollow noopener\">Pa\u00edses Bajos empata ante Polonia (1-1) y se acerca al Mundial<\/a>&nbsp;&nbsp;La Vanguardia<\/li>\n<li><a href=\"https:\/\/news.google.com\/rss\/articles\/CBMivwFBVV95cUxQa0xiSHJUVFIxZHM0M3Boc29LV3lvb0hCYUZkYVk3SzVmTGdXbVFtVzQxdXBKcHBnRy02dktvZDlkNmRCcmFGcXctMHpUczVSMzgxbDZfZzhQUkk1NnhHaGdmdERnUlpHQTBlRlVfLTdURkNwNVphLXZ6SUtrNi11c05oR28zSFc0TWlfTHB1cXl1eEhWcXMtdU1YcDJ4V1ptUmItZi1xWHdWcFF4UjdCLVdCNUxXMG4wMFNFcTdndw?oc=5\" target=\"_blank\" rel=\"nofollow noopener\">Polonia &#8211; Pa\u00edses Bajos en directo &#8211; Clasificaci\u00f3n Mundial UEFA: Resultados y res\u00famenes de F\u00fatbol &#8211; 14\/11\/2025<\/a>&nbsp;&nbsp;Eurosport<\/li>\n<\/ol>\n","protected":false},"excerpt":{"rendered":"Polonia 1-1 Holanda: resumen, goles y resultado&nbsp;&nbsp;Diario AS 1-1: Un gran Lewandowski no puede con De Jong y&hellip;\n","protected":false},"author":2,"featured_media":236935,"comment_status":"","ping_status":"","sticky":false,"template":"","format":"standard","meta":{"footnotes":""},"categories":[268],"tags":[168,25,24,280,282,281,23,167],"class_list":{"0":"post-236934","1":"post","2":"type-post","3":"status-publish","4":"format-standard","5":"has-post-thumbnail","7":"category-futbol","8":"tag-deportes","9":"tag-es","10":"tag-espana","11":"tag-football","12":"tag-futbol","13":"tag-soccer","14":"tag-spain","15":"tag-sports"},"share_on_mastodon":{"url":"https:\/\/pubeurope.com\/@es\/115552491001656549","error":""},"_links":{"self":[{"href":"https:\/\/www.europesays.com\/es\/wp-json\/wp\/v2\/posts\/236934","targetHints":{"allow":["GET"]}}],"collection":[{"href":"https:\/\/www.europesays.com\/es\/wp-json\/wp\/v2\/posts"}],"about":[{"href":"https:\/\/www.europesays.com\/es\/wp-json\/wp\/v2\/types\/post"}],"author":[{"embeddable":true,"href":"https:\/\/www.europesays.com\/es\/wp-json\/wp\/v2\/users\/2"}],"replies":[{"embeddable":true,"href":"https:\/\/www.europesays.com\/es\/wp-json\/wp\/v2\/comments?post=236934"}],"version-history":[{"count":0,"href":"https:\/\/www.europesays.com\/es\/wp-json\/wp\/v2\/posts\/236934\/revisions"}],"wp:featuredmedia":[{"embeddable":true,"href":"https:\/\/www.europesays.com\/es\/wp-json\/wp\/v2\/media\/236935"}],"wp:attachment":[{"href":"https:\/\/www.europesays.com\/es\/wp-json\/wp\/v2\/media?parent=236934"}],"wp:term":[{"taxonomy":"category","embeddable":true,"href":"https:\/\/www.europesays.com\/es\/wp-json\/wp\/v2\/categories?post=236934"},{"taxonomy":"post_tag","embeddable":true,"href":"https:\/\/www.europesays.com\/es\/wp-json\/wp\/v2\/tags?post=236934"}],"curies":[{"name":"wp","href":"https:\/\/api.w.org\/{rel}","templated":true}]}}