{"id":236988,"date":"2025-11-15T07:58:09","date_gmt":"2025-11-15T07:58:09","guid":{"rendered":"https:\/\/www.europesays.com\/es\/236988\/"},"modified":"2025-11-15T07:58:09","modified_gmt":"2025-11-15T07:58:09","slug":"preguntan-a-alcaraz-si-sabe-lo-que-vale-un-cafe-y-da-una-replica-de-punto-set-y-partido","status":"publish","type":"post","link":"https:\/\/www.europesays.com\/es\/236988\/","title":{"rendered":"Preguntan a Alcaraz si sabe lo que vale un caf\u00e9 y da una r\u00e9plica de punto, set y partido"},"content":{"rendered":"<p>El tenista espa\u00f1ol <a href=\"https:\/\/www.huffingtonpost.es\/virales\/en-francia-describen-reveladora-frase-carlos-alcaraz-dice-como-le-ven-alli.html\" rel=\"nofollow noopener\" target=\"_blank\">Carlos Alcaraz<\/a>, n\u00famero uno del mundo del ranking ATP del a\u00f1o 2025,\u00a0ganador de seis t\u00edtulos de Grand Slam, el m\u00e1s joven en ganar un Grand Slam en tres superficies diferentes, ha ofrecido una entrevista al <a href=\"https:\/\/elpais.com\/deportes\/tenis\/2025-11-15\/carlos-alcaraz-no-me-siento-el-mejor.html\" rel=\"nofollow noopener\" target=\"_blank\">diario El Pa\u00eds<\/a>\u00a0en la que le han preguntado de cosas m\u00e1s terrenales y que poco tienen que ver con la raqueta.<\/p>\n<p>El de El Palmar, que se ha garantizado el primer puesto, y participar\u00e1 desde este s\u00e1bado en la Copa de Maestros, que re\u00fane, este a\u00f1o en Tur\u00edn, a los ocho mejores tenistas de la temporada. <b>Un trofeo que todav\u00eda no ha podido levantar<\/b>.<\/p>\n<p>Pero volviendo a la entrevista, a Carlos Alcaraz le han preguntado por algo que muchas personas saben en Espa\u00f1a: <b>si el n\u00famero uno del mundo tambi\u00e9n sabe lo que vale un caf\u00e9 en nuestro pa\u00eds<\/b>.<\/p>\n<p>\u00abS\u00ed, \u00a1claro!\u00bb, ha contestado el deportista murciano, antes de detallar que lo sabe \u00abporque\u00a0cada vez que vuelvo a casa, es como que vuelvo a la realidad\u00bb. \u00abAh\u00ed es cuando vuelvo a ser el yo de siempre, <b>el que se va a una cafeter\u00eda y se toma un caf\u00e9 con los amigos, o bien para desayunar o almorzar con ellos<\/b>\u00ab, ha contado.<\/p>\n<p>\u00abYo le doy mucho valor a ese tipo de cosas, as\u00ed que tengo esa doble perspectiva\u00bb, ha revelado el tenista espa\u00f1ol, antes de hablar de los sitios que ofrecen el caf\u00e9 todav\u00eda m\u00e1s caro de lo habitual.<\/p>\n<p>\u00abEs verdad que a m\u00ed muchas veces no me gusta la pol\u00e9mica, <b>el enfrentarme a alguien porque me cobren 6 o 7 euros y decir que es una estafa<\/b>, as\u00ed que lo pago, pero sabiendo que no es lo normal\u00bb, ha destacado.<\/p>\n<p>Pese a ello, Alcaraz ha justificado que \u00ab<b>el caf\u00e9\u00a0es el mismo valiendo 1,20 o 1,50, que es lo que realmente cuesta ahora, que el que vale 7<\/b>\u00ab. \u00abEso yo lo tengo muy claro\u00bb, ha a\u00f1adido, antes de reiterar que sigue durmiendo en la c\u00e1mara de 80 que \u00abse mostr\u00f3 en el documental\u00bb. \u00abEse es mi sitio todav\u00eda\u00bb, ha expuesto.<\/p>\n","protected":false},"excerpt":{"rendered":"El tenista espa\u00f1ol Carlos Alcaraz, n\u00famero uno del mundo del ranking ATP del a\u00f1o 2025,\u00a0ganador de seis t\u00edtulos&hellip;\n","protected":false},"author":2,"featured_media":236989,"comment_status":"","ping_status":"","sticky":false,"template":"","format":"standard","meta":{"footnotes":""},"categories":[274],"tags":[545,168,25,24,23,167,327,326],"class_list":{"0":"post-236988","1":"post","2":"type-post","3":"status-publish","4":"format-standard","5":"has-post-thumbnail","7":"category-tenis","8":"tag-carlos-alcaraz","9":"tag-deportes","10":"tag-es","11":"tag-espana","12":"tag-spain","13":"tag-sports","14":"tag-tenis","15":"tag-tennis"},"share_on_mastodon":{"url":"https:\/\/pubeurope.com\/@es\/115552656204624850","error":""},"_links":{"self":[{"href":"https:\/\/www.europesays.com\/es\/wp-json\/wp\/v2\/posts\/236988","targetHints":{"allow":["GET"]}}],"collection":[{"href":"https:\/\/www.europesays.com\/es\/wp-json\/wp\/v2\/posts"}],"about":[{"href":"https:\/\/www.europesays.com\/es\/wp-json\/wp\/v2\/types\/post"}],"author":[{"embeddable":true,"href":"https:\/\/www.europesays.com\/es\/wp-json\/wp\/v2\/users\/2"}],"replies":[{"embeddable":true,"href":"https:\/\/www.europesays.com\/es\/wp-json\/wp\/v2\/comments?post=236988"}],"version-history":[{"count":0,"href":"https:\/\/www.europesays.com\/es\/wp-json\/wp\/v2\/posts\/236988\/revisions"}],"wp:featuredmedia":[{"embeddable":true,"href":"https:\/\/www.europesays.com\/es\/wp-json\/wp\/v2\/media\/236989"}],"wp:attachment":[{"href":"https:\/\/www.europesays.com\/es\/wp-json\/wp\/v2\/media?parent=236988"}],"wp:term":[{"taxonomy":"category","embeddable":true,"href":"https:\/\/www.europesays.com\/es\/wp-json\/wp\/v2\/categories?post=236988"},{"taxonomy":"post_tag","embeddable":true,"href":"https:\/\/www.europesays.com\/es\/wp-json\/wp\/v2\/tags?post=236988"}],"curies":[{"name":"wp","href":"https:\/\/api.w.org\/{rel}","templated":true}]}}