{"id":237021,"date":"2025-11-15T08:22:10","date_gmt":"2025-11-15T08:22:10","guid":{"rendered":"https:\/\/www.europesays.com\/es\/237021\/"},"modified":"2025-11-15T08:22:10","modified_gmt":"2025-11-15T08:22:10","slug":"team-amani-impulsa-el-primer-equipo-continental-femenino-de-africa-con-el-objetivo-de-llegar-a-las-grandes-vueltas-en-2028","status":"publish","type":"post","link":"https:\/\/www.europesays.com\/es\/237021\/","title":{"rendered":"Team Amani impulsa el primer equipo continental femenino de \u00c1frica con el objetivo de llegar a las grandes vueltas en 2028"},"content":{"rendered":"<p>Team Amani ha anunciado la creaci\u00f3n del primer equipo femenino inscrito como UCI Continental en \u00c1frica. La formaci\u00f3n, registrada en Etiop\u00eda y compuesta por ciclistas de Ruanda, Etiop\u00eda y otros pa\u00edses de \u00c1frica Oriental, fija un horizonte ambicioso: competir en 2028 en el Tour de France Femmes avec Zwift, el Giro d\u2019Italia Donne y La Vuelta Femenina.<\/p>\n<p><img decoding=\"async\" loading=\"lazy\" width=\"1200\" height=\"800\" style=\"aspect-ratio: 1200\/800;\" alt=\"Equipo femenino. Imagen: Team Amani\" src=\"https:\/\/www.europesays.com\/es\/wp-content\/uploads\/2025\/11\/team-amani-equipo-femenino-uci-continental.jpg\"\/>Equipo femenino. Imagen: Team AmaniUn proyecto africano con aspiraciones de \u00e9lite<\/p>\n<p>El anuncio supone un avance significativo en la trayectoria de Amani, un proyecto nacido para derribar las barreras que durante d\u00e9cadas han limitado la presencia de ciclistas africanos en la \u00e9lite. El equipo naci\u00f3 en 2020 con la intenci\u00f3n de ofrecer herramientas reales para el desarrollo deportivo en un contexto marcado por la falta de infraestructuras, la escasa participaci\u00f3n en pruebas internacionales y las dificultades burocr\u00e1ticas para viajar y competir fuera del continente.<\/p>\n<p>En apenas un lustro, la estructura ha logrado consolidar un movimiento ciclista de referencia en \u00c1frica Oriental, impulsando programas de carretera y gravel, organizando concentraciones regionales y estableciendo alianzas con marcas de primer nivel. Con la creaci\u00f3n del equipo femenino, la organizaci\u00f3n afianza su iniciativa m\u00e1s ambiciosa hasta la fecha.<\/p>\n<p>La formaci\u00f3n contar\u00e1 con el apoyo de Ashleigh Moolman Pasio, que se incorpora como mentora y asesora. La sudafricana, ol\u00edmpica en cuatro ocasiones y figura destacada del ciclismo femenino internacional, ofrecer\u00e1 orientaci\u00f3n directa a las corredoras. Su objetivo es acompa\u00f1ar el crecimiento del equipo y contribuir a que las deportistas africanas alcancen el escenario competitivo europeo manteniendo su base de trabajo en el continente.<\/p>\n<p>Moolman Pasio ha reconocido sentirse motivada por el modelo que propone Amani, un enfoque que prioriza la creaci\u00f3n de centros de alto rendimiento en \u00c1frica (con entornos culturales familiares y estructuras adaptadas a las necesidades locales) y que posteriormente facilita el salto a las grandes pruebas del calendario europeo. Seg\u00fan la ciclista, el potencial del grupo es elevado, tanto a nivel f\u00edsico como en determinaci\u00f3n, un aspecto que considera clave para consolidar una presencia sostenible en el circuito profesional.<\/p>\n<p>A partir de la primavera de 2026, el equipo femenino iniciar\u00e1 su calendario europeo con una programaci\u00f3n dise\u00f1ada para favorecer la progresi\u00f3n. El objetivo no se limita a formar deportistas capaces de competir al m\u00e1ximo nivel; la aspiraci\u00f3n es construir una estructura africana autosuficiente, gestionada desde el continente y con capacidad para medirse con los equipos m\u00e1s destacados del panorama internacional.<\/p>\n<p>Desde la direcci\u00f3n del proyecto, Mikel Delagrange ha calificado este lanzamiento como un punto de inflexi\u00f3n. Asegura que el plan inicial contemplaba metas a largo plazo con hitos exigentes, pero reconoce que la evoluci\u00f3n del grupo femenino ha avanzado m\u00e1s r\u00e1pido de lo previsto. Para las corredoras, se\u00f1ala, el mensaje es claro: la imaginaci\u00f3n es ahora el principal l\u00edmite y el trabajo que se realice en los pr\u00f3ximos a\u00f1os definir\u00e1 el camino para futuras generaciones de ciclistas africanas.<\/p>\n<p>Con la mirada puesta en su expansi\u00f3n, Team Amani contin\u00faa seleccionando talento y ampliando su plantilla t\u00e9cnica. La visi\u00f3n a medio plazo es firme: convertirse en la primera estructura plenamente africana capaz de disputar y ganar una gran vuelta femenina.<\/p>\n<p>La presentaci\u00f3n oficial tendr\u00e1 lugar en el evento Rouleur Live de Londres, con la participaci\u00f3n de la ciclista Xaverine Nirere y de Ashleigh Moolman Pasio. La puesta de largo incluir\u00e1 la proyecci\u00f3n de un documental sobre Nirere y llega tras una rueda de prensa organizada en el Soho Clubhouse de Rapha, uno de los principales colaboradores del proyecto junto a POC. Ser\u00e1 la quinta vez que Amani participe en el evento londinense, un reflejo de la continuidad de sus apoyos y de la consolidaci\u00f3n de su crecimiento.<\/p>\n","protected":false},"excerpt":{"rendered":"Team Amani ha anunciado la creaci\u00f3n del primer equipo femenino inscrito como UCI Continental en \u00c1frica. La formaci\u00f3n,&hellip;\n","protected":false},"author":2,"featured_media":237022,"comment_status":"","ping_status":"","sticky":false,"template":"","format":"standard","meta":{"footnotes":""},"categories":[273],"tags":[313,312,168,25,24,23,167],"class_list":{"0":"post-237021","1":"post","2":"type-post","3":"status-publish","4":"format-standard","5":"has-post-thumbnail","7":"category-ciclismo","8":"tag-ciclismo","9":"tag-cycling","10":"tag-deportes","11":"tag-es","12":"tag-espana","13":"tag-spain","14":"tag-sports"},"share_on_mastodon":{"url":"https:\/\/pubeurope.com\/@es\/115552750365595600","error":""},"_links":{"self":[{"href":"https:\/\/www.europesays.com\/es\/wp-json\/wp\/v2\/posts\/237021","targetHints":{"allow":["GET"]}}],"collection":[{"href":"https:\/\/www.europesays.com\/es\/wp-json\/wp\/v2\/posts"}],"about":[{"href":"https:\/\/www.europesays.com\/es\/wp-json\/wp\/v2\/types\/post"}],"author":[{"embeddable":true,"href":"https:\/\/www.europesays.com\/es\/wp-json\/wp\/v2\/users\/2"}],"replies":[{"embeddable":true,"href":"https:\/\/www.europesays.com\/es\/wp-json\/wp\/v2\/comments?post=237021"}],"version-history":[{"count":0,"href":"https:\/\/www.europesays.com\/es\/wp-json\/wp\/v2\/posts\/237021\/revisions"}],"wp:featuredmedia":[{"embeddable":true,"href":"https:\/\/www.europesays.com\/es\/wp-json\/wp\/v2\/media\/237022"}],"wp:attachment":[{"href":"https:\/\/www.europesays.com\/es\/wp-json\/wp\/v2\/media?parent=237021"}],"wp:term":[{"taxonomy":"category","embeddable":true,"href":"https:\/\/www.europesays.com\/es\/wp-json\/wp\/v2\/categories?post=237021"},{"taxonomy":"post_tag","embeddable":true,"href":"https:\/\/www.europesays.com\/es\/wp-json\/wp\/v2\/tags?post=237021"}],"curies":[{"name":"wp","href":"https:\/\/api.w.org\/{rel}","templated":true}]}}