{"id":237027,"date":"2025-11-15T08:26:08","date_gmt":"2025-11-15T08:26:08","guid":{"rendered":"https:\/\/www.europesays.com\/es\/237027\/"},"modified":"2025-11-15T08:26:08","modified_gmt":"2025-11-15T08:26:08","slug":"el-accidente-de-blanca-osorio-que-le-ha-provocado-la-rotura-de-cinco-huesos-del-pie","status":"publish","type":"post","link":"https:\/\/www.europesays.com\/es\/237027\/","title":{"rendered":"El accidente de Blanca Osorio que le ha provocado la rotura de cinco huesos del pie"},"content":{"rendered":"<p class=\"HOLA-TEMAS_5--TEXTO-1er-PARRAFO\" id=\"eWtsyW9WckNR\" data-wc=\"62\"><strong>Blanca\u00a0Osorio nunca olvidar\u00e1 el pasado verano.\u00a0<\/strong>Por un lado, dio un giro profesional a su trabajo en el mes de junio, dejando a un lado el mundo de las finanzas, al que se hab\u00eda dedicado hasta el momento, para <strong>fichar por Gannet<\/strong>, una agencia de exclusivos viajes boutique. <a class=\"hm-link ho-link\" href=\"https:\/\/www.hola.com\/us\/\" data-mrf-recirculation=\"article-body-link\" rel=\"nofollow noopener\" target=\"_blank\">Una experiencia con la que su entorno nos cuenta que se muestra encantada.<\/a><\/p>\n<p>  <img src=\"https:\/\/www.europesays.com\/es\/wp-content\/uploads\/2025\/11\/eb0f219d88e1-studio24216030pacut.jpg\"   width=\"1080\" height=\"1800\" loading=\"lazy\" decoding=\"async\" alt=\"Una bonita imagen de Blanca, hija menor de Ioannes Osorio y Blanca Suelves\" fetchpriority=\"auto\" class=\"image ho-image\"\/>\u00a9 STUDIO24Una bonita imagen de Blanca, hija menor de Ioannes Osorio y Blanca Suelves<\/p>\n<p class=\"HOLA-TEMAS_5a--TEXTO-NORMAL\" id=\"ey4zmEpPOv5r\" data-wc=\"79\">Pero no todo han sido buenas noticias durante la temporada estival. A finales de verano, la <strong>hija de Blanca Suelves y Ioannes Osorio sufri\u00f3 un accidente que le ha provocado la rotura de cinco huesos metatarsianos del pie<\/strong>, por lo que ha permanecido meses escayolada y a\u00fan tiene que caminar con muletas. <a class=\"hm-link ho-link\" href=\"https:\/\/www.hola.com\/actualidad\/20250905854206\/blanca-osorio-invitada-gran-boda-griega\/\" data-mrf-recirculation=\"article-body-link\" rel=\"nofollow noopener\" target=\"_blank\">Aunque sus allegados reconocen que lo ha llevado bien y con su caracter\u00edstico sentido del humor, est\u00e1n siendo meses exigentes<\/a> y se encuentra deseando recuperarse por completo.<\/p>\n<p>  <img src=\"https:\/\/www.europesays.com\/es\/wp-content\/uploads\/2025\/11\/844396bf3a13-1000136081.jpg\"   width=\"1080\" height=\"1800\" loading=\"lazy\" decoding=\"async\" alt=\"Media Image\" fetchpriority=\"auto\" class=\"image ho-image\"\/><\/p>\n<p class=\"HOLA-TEMAS_5a--TEXTO-NORMAL\" id=\"e3X91V9sWQrL\" data-wc=\"50\">El incidente se produjo el \u00faltimo fin de semana de agosto. En concreto, <strong>tras el enlace de sus amigos Elena Clavarino y Ludovico Bonaccorsi, celebrada en Grecia.<\/strong> Tras la boda, el <strong>\u00faltimo d\u00eda que pasaba en el pa\u00eds heleno, le cay\u00f3 una moto encima de su pie,<\/strong> caus\u00e1ndole la fractura.<\/p>\n<p>  <img src=\"https:\/\/www.europesays.com\/es\/wp-content\/uploads\/2025\/11\/92abf46b596f-1000136275.jpg\"   width=\"1920\" height=\"1080\" loading=\"lazy\" decoding=\"async\" alt=\"La joven durante un evento de la agencia de viajes Gannet, en la que trabaja desde hace meses\" fetchpriority=\"auto\" class=\"image ho-image\"\/>\u00a9 Redes socialesLa joven durante un evento de la agencia de viajes Gannet, en la que trabaja desde hace meses<\/p>\n<p class=\"HOLA-TEMAS_5a--TEXTO-NORMAL\" id=\"exr9Tmcfn9uX\" data-wc=\"90\">Est\u00e1 muy unida a sus padres, a los que adora y con quienes no duda en compartir momentos de ocio. <a class=\"hm-link ho-link\" href=\"https:\/\/www.hola.com\/actualidad\/20250117759528\/mencia-fitz-james-stuart-blanca-osorio-conexion-madres-isabel-sartorius-blanca-suelves\/\" data-mrf-recirculation=\"article-body-link\" rel=\"nofollow noopener\" target=\"_blank\">A pesar de ser digna heredera de la belleza de su madre, no ha seguido su estela como modelo profesional<\/a>, aunque s\u00ed que comparte con ella su amor por los perros. Kilo, Olga y Karlos comparten el cari\u00f1o de ambas. De su padre, como no pod\u00eda ser de otro modo, ha heredado su <a class=\"hm-link ho-link\" href=\"https:\/\/www.hola.com\/actualidad\/20241215735810\/duque-de-albuquerque-exmarido-blanca-suelves-finca-soto-mozanaque\/\" data-mrf-recirculation=\"article-body-link\" rel=\"nofollow noopener\" target=\"_blank\">devoci\u00f3n por la equitaci\u00f3n, as\u00ed como el viajar,<\/a> una pasi\u00f3n que ahora ha convertido en su profesi\u00f3n.<\/p>\n<p>  <img src=\"https:\/\/www.europesays.com\/es\/wp-content\/uploads\/2025\/11\/433ac85e6953-blanchosorio15419549511910379051693178254273355935.jpg\"   width=\"1080\" height=\"1080\" loading=\"lazy\" decoding=\"async\" alt=\"Muy c\u00f3mplice con su madre\" fetchpriority=\"auto\" class=\"image ho-image\"\/>\u00a9 @blanch_osorioMuy c\u00f3mplice con su madre<\/p>\n","protected":false},"excerpt":{"rendered":"Blanca\u00a0Osorio nunca olvidar\u00e1 el pasado verano.\u00a0Por un lado, dio un giro profesional a su trabajo en el mes&hellip;\n","protected":false},"author":2,"featured_media":237028,"comment_status":"","ping_status":"","sticky":false,"template":"","format":"standard","meta":{"footnotes":""},"categories":[174],"tags":[3900,517,60627,255,3899,146,147,25,24,256,23],"class_list":{"0":"post-237027","1":"post","2":"type-post","3":"status-publish","4":"format-standard","5":"has-post-thumbnail","7":"category-famosos","8":"tag-hola","9":"tag-actualidad","10":"tag-blanca-suelves","11":"tag-celebrities","12":"tag-contenido-sensible","13":"tag-entertainment","14":"tag-entretenimiento","15":"tag-es","16":"tag-espana","17":"tag-famosos","18":"tag-spain"},"share_on_mastodon":{"url":"https:\/\/pubeurope.com\/@es\/115552766494284630","error":""},"_links":{"self":[{"href":"https:\/\/www.europesays.com\/es\/wp-json\/wp\/v2\/posts\/237027","targetHints":{"allow":["GET"]}}],"collection":[{"href":"https:\/\/www.europesays.com\/es\/wp-json\/wp\/v2\/posts"}],"about":[{"href":"https:\/\/www.europesays.com\/es\/wp-json\/wp\/v2\/types\/post"}],"author":[{"embeddable":true,"href":"https:\/\/www.europesays.com\/es\/wp-json\/wp\/v2\/users\/2"}],"replies":[{"embeddable":true,"href":"https:\/\/www.europesays.com\/es\/wp-json\/wp\/v2\/comments?post=237027"}],"version-history":[{"count":0,"href":"https:\/\/www.europesays.com\/es\/wp-json\/wp\/v2\/posts\/237027\/revisions"}],"wp:featuredmedia":[{"embeddable":true,"href":"https:\/\/www.europesays.com\/es\/wp-json\/wp\/v2\/media\/237028"}],"wp:attachment":[{"href":"https:\/\/www.europesays.com\/es\/wp-json\/wp\/v2\/media?parent=237027"}],"wp:term":[{"taxonomy":"category","embeddable":true,"href":"https:\/\/www.europesays.com\/es\/wp-json\/wp\/v2\/categories?post=237027"},{"taxonomy":"post_tag","embeddable":true,"href":"https:\/\/www.europesays.com\/es\/wp-json\/wp\/v2\/tags?post=237027"}],"curies":[{"name":"wp","href":"https:\/\/api.w.org\/{rel}","templated":true}]}}