{"id":237031,"date":"2025-11-15T08:29:10","date_gmt":"2025-11-15T08:29:10","guid":{"rendered":"https:\/\/www.europesays.com\/es\/237031\/"},"modified":"2025-11-15T08:29:10","modified_gmt":"2025-11-15T08:29:10","slug":"a-veces-lo-evidente-no-se-habla","status":"publish","type":"post","link":"https:\/\/www.europesays.com\/es\/237031\/","title":{"rendered":"\u201cA veces lo evidente no se habla\u201d"},"content":{"rendered":"<p><b>Kirsti <\/b>demostr\u00f3 en los <b>Asaltos <\/b>que la emoci\u00f3n tambi\u00e9n puede expresarse con sutileza. Su interpretaci\u00f3n de <b>\u2018Hentai\u2019<\/b>, de Rosal\u00eda, fue delicada y conmovedora, logrando transmitir una <b>ternura <\/b>y una <b>pureza <\/b>\u00fanicas. Su voz, suave y sincera, cre\u00f3 magia sobre el escenario de <b>La Voz<\/b>.<\/p>\n<p>Al terminar su actuaci\u00f3n, <b>Pablo L\u00f3pez<\/b> quiso expresar su gratitud: <b>\u201cTe quiero dar las gracias porque a veces lo evidente no se habla\u201d<\/b>, dijo dirigi\u00e9ndose a la talent.<\/p>\n<p>Adem\u00e1s, el coach, orgulloso de su artista, no dud\u00f3 en reconocer su actitud y su entrega: <b>\u201cEres una persona muy valiente\u201d<\/b>, asegur\u00f3. <b>\u00a1As\u00ed fue su actuaci\u00f3n! <\/b><\/p>\n<p>   <img decoding=\"async\" title=\"Mar\u00eda Becerra y Sebasti\u00e1n Yatra en La Voz\" alt=\"Mar\u00eda Becerra y Sebasti\u00e1n Yatra en La Voz\" width=\"480\" height=\"270\" src=\"https:\/\/www.europesays.com\/es\/wp-content\/uploads\/2025\/11\/vlcsnap2025111219h26m04s443_70.jpg\" loading=\"lazy\" class=\"lazy\"\/><\/p>\n","protected":false},"excerpt":{"rendered":"Kirsti demostr\u00f3 en los Asaltos que la emoci\u00f3n tambi\u00e9n puede expresarse con sutileza. Su interpretaci\u00f3n de \u2018Hentai\u2019, de&hellip;\n","protected":false},"author":2,"featured_media":237032,"comment_status":"","ping_status":"","sticky":false,"template":"","format":"standard","meta":{"footnotes":""},"categories":[171],"tags":[146,147,25,24,23,214],"class_list":{"0":"post-237031","1":"post","2":"type-post","3":"status-publish","4":"format-standard","5":"has-post-thumbnail","7":"category-tv","8":"tag-entertainment","9":"tag-entretenimiento","10":"tag-es","11":"tag-espana","12":"tag-spain","13":"tag-tv"},"share_on_mastodon":{"url":"https:\/\/pubeurope.com\/@es\/115552778331587609","error":""},"_links":{"self":[{"href":"https:\/\/www.europesays.com\/es\/wp-json\/wp\/v2\/posts\/237031","targetHints":{"allow":["GET"]}}],"collection":[{"href":"https:\/\/www.europesays.com\/es\/wp-json\/wp\/v2\/posts"}],"about":[{"href":"https:\/\/www.europesays.com\/es\/wp-json\/wp\/v2\/types\/post"}],"author":[{"embeddable":true,"href":"https:\/\/www.europesays.com\/es\/wp-json\/wp\/v2\/users\/2"}],"replies":[{"embeddable":true,"href":"https:\/\/www.europesays.com\/es\/wp-json\/wp\/v2\/comments?post=237031"}],"version-history":[{"count":0,"href":"https:\/\/www.europesays.com\/es\/wp-json\/wp\/v2\/posts\/237031\/revisions"}],"wp:featuredmedia":[{"embeddable":true,"href":"https:\/\/www.europesays.com\/es\/wp-json\/wp\/v2\/media\/237032"}],"wp:attachment":[{"href":"https:\/\/www.europesays.com\/es\/wp-json\/wp\/v2\/media?parent=237031"}],"wp:term":[{"taxonomy":"category","embeddable":true,"href":"https:\/\/www.europesays.com\/es\/wp-json\/wp\/v2\/categories?post=237031"},{"taxonomy":"post_tag","embeddable":true,"href":"https:\/\/www.europesays.com\/es\/wp-json\/wp\/v2\/tags?post=237031"}],"curies":[{"name":"wp","href":"https:\/\/api.w.org\/{rel}","templated":true}]}}