{"id":237042,"date":"2025-11-15T08:35:12","date_gmt":"2025-11-15T08:35:12","guid":{"rendered":"https:\/\/www.europesays.com\/es\/237042\/"},"modified":"2025-11-15T08:35:12","modified_gmt":"2025-11-15T08:35:12","slug":"las-auroras-boreales-iluminan-el-cielo-de-este-pueblo-de-tarragona","status":"publish","type":"post","link":"https:\/\/www.europesays.com\/es\/237042\/","title":{"rendered":"Las auroras boreales iluminan el cielo de este pueblo de Tarragona"},"content":{"rendered":"<p>                                    <img decoding=\"async\" loading=\"lazy\" src=\"https:\/\/www.europesays.com\/es\/wp-content\/uploads\/2025\/10\/66faf8310a063.png\" alt=\"Daniel Cabezas Ram\u00edrez\" width=\"40\" height=\"40\" data-full-src=\"https:\/\/www.europesays.com\/es\/wp-content\/uploads\/2025\/10\/66faf8310a063.png\"\/><\/p>\n<p class=\"paragraph\">Una aurora boreal <b>ilumin\u00f3 el cielo de Prades<\/b> durante la madrugada del jueves, ofreciendo un espect\u00e1culo que es poco habitual en Espa\u00f1a. El parque astron\u00f3mico de Prades logr\u00f3 capturar levemente este fen\u00f3meno, que fue visible entre las 06:00 y las 06:30 de la ma\u00f1ana.<\/p>\n<p class=\"paragraph\">El equipo del parque ha explicado, a trav\u00e9s de sus redes sociales, que <b>la aurora coincidi\u00f3 con un pico de actividad geomagn\u00e9tica<\/b> (KP7).\u00a0Las auroras boreales se producen cuando part\u00edculas cargadas del viento solar chocan con la magnetosfera de la Tierra, interactuando con gases de la atm\u00f3sfera como el ox\u00edgeno y el nitr\u00f3geno.\u00a0<\/p>\n<p class=\"paragraph\">Este choque libera energ\u00eda en forma de luz, que puede verse en distintos colores dependiendo del tipo de gas y la altitud a la que se produce la interacci\u00f3n. Por eso, <b>en lugares con baja contaminaci\u00f3n lum\u00ednica<\/b>, como el parque astron\u00f3mico de Prades, el efecto resulta especialmente visible.<\/p>\n","protected":false},"excerpt":{"rendered":"Una aurora boreal ilumin\u00f3 el cielo de Prades durante la madrugada del jueves, ofreciendo un espect\u00e1culo que es&hellip;\n","protected":false},"author":2,"featured_media":237043,"comment_status":"","ping_status":"","sticky":false,"template":"","format":"standard","meta":{"footnotes":""},"categories":[81],"tags":[119,123,124,25,24,117,121,122,23,118,120],"class_list":{"0":"post-237042","1":"post","2":"type-post","3":"status-publish","4":"format-standard","5":"has-post-thumbnail","7":"category-ciencia-y-tecnologia","8":"tag-ciencia","9":"tag-ciencia-y-tecnologia","10":"tag-cienciaytecnologia","11":"tag-es","12":"tag-espana","13":"tag-science","14":"tag-science-and-technology","15":"tag-scienceandtechnology","16":"tag-spain","17":"tag-technology","18":"tag-tecnologia"},"share_on_mastodon":{"url":"https:\/\/pubeurope.com\/@es\/115552801788990852","error":""},"_links":{"self":[{"href":"https:\/\/www.europesays.com\/es\/wp-json\/wp\/v2\/posts\/237042","targetHints":{"allow":["GET"]}}],"collection":[{"href":"https:\/\/www.europesays.com\/es\/wp-json\/wp\/v2\/posts"}],"about":[{"href":"https:\/\/www.europesays.com\/es\/wp-json\/wp\/v2\/types\/post"}],"author":[{"embeddable":true,"href":"https:\/\/www.europesays.com\/es\/wp-json\/wp\/v2\/users\/2"}],"replies":[{"embeddable":true,"href":"https:\/\/www.europesays.com\/es\/wp-json\/wp\/v2\/comments?post=237042"}],"version-history":[{"count":0,"href":"https:\/\/www.europesays.com\/es\/wp-json\/wp\/v2\/posts\/237042\/revisions"}],"wp:featuredmedia":[{"embeddable":true,"href":"https:\/\/www.europesays.com\/es\/wp-json\/wp\/v2\/media\/237043"}],"wp:attachment":[{"href":"https:\/\/www.europesays.com\/es\/wp-json\/wp\/v2\/media?parent=237042"}],"wp:term":[{"taxonomy":"category","embeddable":true,"href":"https:\/\/www.europesays.com\/es\/wp-json\/wp\/v2\/categories?post=237042"},{"taxonomy":"post_tag","embeddable":true,"href":"https:\/\/www.europesays.com\/es\/wp-json\/wp\/v2\/tags?post=237042"}],"curies":[{"name":"wp","href":"https:\/\/api.w.org\/{rel}","templated":true}]}}