{"id":237056,"date":"2025-11-15T08:45:15","date_gmt":"2025-11-15T08:45:15","guid":{"rendered":"https:\/\/www.europesays.com\/es\/237056\/"},"modified":"2025-11-15T08:45:15","modified_gmt":"2025-11-15T08:45:15","slug":"el-escalador-de-la-marca-alberto-contador-que-ayudara-a-vingegaard-a-ganar-el-tour-de-francia","status":"publish","type":"post","link":"https:\/\/www.europesays.com\/es\/237056\/","title":{"rendered":"El escalador de la marca \u00abAlberto Contador\u00bb que ayudar\u00e1 a Vingegaard a ganar el Tour de Francia"},"content":{"rendered":"<p>Desde que el 2025 en carretera finaliz\u00f3, nadie ha dudado en ning\u00fan momento que Visma volver\u00e1 a centrar sus esfuerzos de 2026 en las grandes vueltas. El equipo neerland\u00e9s ha sido el mejor en l\u00edneas generales en Giro de Italia, Vuelta a Espa\u00f1a y <a href=\"https:\/\/ciclismoaldia.es\/tour-de-francia\" title=\"Tour de Francia\" rel=\"nofollow noopener\" target=\"_blank\">Tour de Francia<\/a> en los \u00faltimos a\u00f1os. Sin embargo, en las ediciones m\u00e1s recientes de la Grande Boucle no ha podido triunfar con <a href=\"https:\/\/ciclismoaldia.es\/jonas-vingegaard\" title=\"Jonas Vingegaard\" rel=\"nofollow noopener\" target=\"_blank\">Jonas Vingegaard<\/a>.Tadej Pogacar le arrebat\u00f3 el trono a su archirrival en 2024, y este 2025 volvi\u00f3 a derrotarle, aunque con menos margen. Si Vingegaard hubiese ganado el Tour, <a href=\"https:\/\/ciclismoaldia.es\/visma-lease-a-bike\" title=\"Visma - Lease a Bike\" rel=\"nofollow noopener\" target=\"_blank\">Visma &#8211; Lease a Bike<\/a> se habr\u00eda llevado la victoria en las 3 grandes vueltas del a\u00f1o. Por eso, en el <a href=\"https:\/\/ciclismoaldia.es\/mercado-ciclista\" title=\"Mercado Ciclista\" rel=\"nofollow noopener\" target=\"_blank\">mercado ciclista<\/a>, ha fichado a uno de los escaladores m\u00e1s prometedores del mundo: <a href=\"https:\/\/ciclismoaldia.es\/davide-piganzoli\" title=\"Davide Piganzoli\" rel=\"nofollow noopener\" target=\"_blank\">Davide Piganzoli<\/a>.<\/p>\n<p>El italiano, despu\u00e9s de haberse formado durante los \u00faltimos 6 a\u00f1os en el Polti de Alberto Contador, por fin da el salto definitivo al World Tour. A sus 23 a\u00f1os, Piganzoli aterriza en uno de los mejores equipos del mundo con las ideas muy claras: hay que ayudar a Jonas Vingegaard a ganar su tercer Tour de Francia.<\/p>\n<p>En la \u00faltima edici\u00f3n de la carrera, Visma ya llev\u00f3 un equipazo a la Grande Boucle. Vingegaard tuvo a su disposici\u00f3n a Sepp Kuss, Matteo Jorgenson, Simon Yates, Victor Campenaerts y Wout van Aert. Sin embargo, a la hora de la verdad, solo Kuss, Jorgenson y Yates son escaladores de verdad. Y para derrotar a <a href=\"https:\/\/www.procyclingstats.com\/rider\/tadej-pogacar\/\/\" target=\"_blank\" rel=\"nofollow noopener\">Tadej Pogacar<\/a>, pr\u00e1cticamente invencible a sus 27 a\u00f1os, se necesita algo m\u00e1s.El Tour de Francia 2026 <a href=\"https:\/\/ciclismoaldia.es\/ciclismo\/rumores-perfil-y-etapas-tour-de-francia-2026-plateau-de-beille-y-alpe-dhuez\" target=\"_self\" rel=\"nofollow noopener\">ser\u00e1 una edici\u00f3n de much\u00edsima monta\u00f1a, y muy dura<\/a>. El desnivel que afrontar\u00e1 el pelot\u00f3n es casi monstruoso a lo largo de las 3 semanas que dura la carrera. Por eso, cuantos m\u00e1s escaladores lleve Visma &#8211; Lease a Bike como ayudantes de Jonas Vingegaard, mejor. Y Davide Piganzoli es capaz de convertirse en su principal mano derecha.<img decoding=\"async\" width=\"500\" height=\"280\" loading=\"lazy\" src=\"https:\/\/www.europesays.com\/es\/wp-content\/uploads\/2025\/11\/piganzoli-6818c1054a869.jpg@webp.webp\" class=\"w-auto h-auto\" alt=\"Davide Piganzoli, fichaje de Visma - Lease a Bike para 2026.\"\/><\/p>\n<p>Davide Piganzoli, fichaje de Visma &#8211; Lease a Bike para 2026.<\/p>\n<p>Los resultados avalan a Piganzoli<\/p>\n<p>\u00bfPor qu\u00e9 Davide Piganzoli lo tiene todo para ser uno de los grandes escaladores de Visma &#8211; Lease a Bike tanto a corto como a largo plazo? En toda su etapa en el Polti de Alberto Contador, el italiano ha aprovechado las oportunidades casi que mejor que nadie. Y en sus resultados a lo largo de los \u00faltimos a\u00f1os ha quedado demostrado que su talento apunta a ser diferencial en el World Tour.<\/p>\n<p>Ya tiene 2 victorias como profesional, cuando se llev\u00f3 la clasificaci\u00f3n general del Tour de Antalya 2024, incluyendo una de las etapas de la carrera. Pero su nombre ha ido cogiendo peso, hasta el punto de fichar por Visma para ser gregario de Jonas Vingegaard, gracias a otros resultados como los siguientes:<\/p>\n<ul class=\"&#10;          list-outside pl-10&#10;          list-disc &#10;        \">\n<li class=\"[&amp;&gt;a]:text-primary dark:[&amp;&gt;a]:text-white [&amp;&gt;a]:underline md:text-lg text-base\">13\u00ba en la clasificaci\u00f3n general del Giro de Italia 2024, rozando el Top 10 en su debut en una gran vuelta, y con un equipo invitado.<\/li>\n<li class=\"[&amp;&gt;a]:text-primary dark:[&amp;&gt;a]:text-white [&amp;&gt;a]:underline md:text-lg text-base\">Top 14 en la clasificaci\u00f3n general del Giro de Italia 2025, su segunda participaci\u00f3n con Polti en una gran vuelta.<\/li>\n<li class=\"[&amp;&gt;a]:text-primary dark:[&amp;&gt;a]:text-white [&amp;&gt;a]:underline md:text-lg text-base\">2\u00ba en la clasificaci\u00f3n general de O Gran Cami\u00f1o 2025.<\/li>\n<li class=\"[&amp;&gt;a]:text-primary dark:[&amp;&gt;a]:text-white [&amp;&gt;a]:underline md:text-lg text-base\">2\u00ba en la clasificaci\u00f3n general de la Ruta de Occitania 2025.<\/li>\n<li class=\"[&amp;&gt;a]:text-primary dark:[&amp;&gt;a]:text-white [&amp;&gt;a]:underline md:text-lg text-base\">3\u00ba en el Giro dell&#8217;Emilia 2024.<\/li>\n<li class=\"[&amp;&gt;a]:text-primary dark:[&amp;&gt;a]:text-white [&amp;&gt;a]:underline md:text-lg text-base\">Top 3 en la clasificaci\u00f3n general del Tour del Porvenir 2023.<\/li>\n<li class=\"[&amp;&gt;a]:text-primary dark:[&amp;&gt;a]:text-white [&amp;&gt;a]:underline md:text-lg text-base\">Top 3 en el GP Industria &amp; Argianato 2025.<\/li>\n<\/ul>\n<p>No hay duda: Davide Piganzoli es un escalador puro, que ficha por Visma para poder seguir creciendo y corriendo muchas m\u00e1s grandes vueltas de las que pod\u00eda con el Polti de Contador. Ahora bien, tambi\u00e9n hay que se\u00f1alar que el nivel y las exigencias no ser\u00e1n las mismas. El italiano pasa de un equipo ProTeam a uno de los dos m\u00e1s grandes del World Tour, y para ser ayudante de Vingegaard.<\/p>\n","protected":false},"excerpt":{"rendered":"Desde que el 2025 en carretera finaliz\u00f3, nadie ha dudado en ning\u00fan momento que Visma volver\u00e1 a centrar&hellip;\n","protected":false},"author":2,"featured_media":237057,"comment_status":"","ping_status":"","sticky":false,"template":"","format":"standard","meta":{"footnotes":""},"categories":[273],"tags":[313,312,61430,168,25,24,2945,61328,23,167,462,61431],"class_list":{"0":"post-237056","1":"post","2":"type-post","3":"status-publish","4":"format-standard","5":"has-post-thumbnail","7":"category-ciclismo","8":"tag-ciclismo","9":"tag-cycling","10":"tag-davide-piganzoli","11":"tag-deportes","12":"tag-es","13":"tag-espana","14":"tag-jonas-vingegaard","15":"tag-mercado-ciclista","16":"tag-spain","17":"tag-sports","18":"tag-tour-de-francia","19":"tag-visma-lease-a-bike"},"share_on_mastodon":{"url":"https:\/\/pubeurope.com\/@es\/115552841009687721","error":""},"_links":{"self":[{"href":"https:\/\/www.europesays.com\/es\/wp-json\/wp\/v2\/posts\/237056","targetHints":{"allow":["GET"]}}],"collection":[{"href":"https:\/\/www.europesays.com\/es\/wp-json\/wp\/v2\/posts"}],"about":[{"href":"https:\/\/www.europesays.com\/es\/wp-json\/wp\/v2\/types\/post"}],"author":[{"embeddable":true,"href":"https:\/\/www.europesays.com\/es\/wp-json\/wp\/v2\/users\/2"}],"replies":[{"embeddable":true,"href":"https:\/\/www.europesays.com\/es\/wp-json\/wp\/v2\/comments?post=237056"}],"version-history":[{"count":0,"href":"https:\/\/www.europesays.com\/es\/wp-json\/wp\/v2\/posts\/237056\/revisions"}],"wp:featuredmedia":[{"embeddable":true,"href":"https:\/\/www.europesays.com\/es\/wp-json\/wp\/v2\/media\/237057"}],"wp:attachment":[{"href":"https:\/\/www.europesays.com\/es\/wp-json\/wp\/v2\/media?parent=237056"}],"wp:term":[{"taxonomy":"category","embeddable":true,"href":"https:\/\/www.europesays.com\/es\/wp-json\/wp\/v2\/categories?post=237056"},{"taxonomy":"post_tag","embeddable":true,"href":"https:\/\/www.europesays.com\/es\/wp-json\/wp\/v2\/tags?post=237056"}],"curies":[{"name":"wp","href":"https:\/\/api.w.org\/{rel}","templated":true}]}}