{"id":237078,"date":"2025-11-15T09:01:10","date_gmt":"2025-11-15T09:01:10","guid":{"rendered":"https:\/\/www.europesays.com\/es\/237078\/"},"modified":"2025-11-15T09:01:10","modified_gmt":"2025-11-15T09:01:10","slug":"millan-acusa-a-la-ue-de-estar-contra-la-justicia-espanola","status":"publish","type":"post","link":"https:\/\/www.europesays.com\/es\/237078\/","title":{"rendered":"Mill\u00e1n acusa a la UE de estar \u00abcontra la justicia espa\u00f1ola\u00bb"},"content":{"rendered":"<p>El abogado general de UE cree que la <a href=\"https:\/\/www.rtve.es\/noticias\/20251113\/abogado-general-ue-amnistia-gastos-proces\/16813440.shtml\" target=\"_blank\" rel=\"nofollow noopener\">ley de amnist\u00eda \u00abno constituye una autoamnist\u00eda\u00bb pero ve partes \u00abincompatibles<\/a>\u00ab, algo que podr\u00eda allanar el retorno de Puigdemont a Espa\u00f1a. La portavoz de Vox en el Congreso, <strong>Pepa Mill\u00e1n<\/strong>, critica duramente esta decisi\u00f3n y <strong>acusa al letrado de estar \u00aben contra de la justicia espa\u00f1ola\u00bb<\/strong>: \u00abNo cabe esperar nada de la misma Uni\u00f3n Europea que no ha puesto [&#8230;] el grito en el cielo por lo que estaba sucediendo en Espa\u00f1a, por la laminaci\u00f3n del Estado de Derecho y por el r\u00e9gimen totalitario de S\u00e1nchez. Por contra, <strong>lo que ha hecho la Uni\u00f3n Europea ha sido sostener y amparar a S\u00e1nchez<\/strong>\u00bb y se\u00f1ala al PP como c\u00f3mplice en Bruselas. Cree que s\u00ed es una autoamnist\u00eda \u00abporque son los propios golpistas los que han dise\u00f1ado su propia amnist\u00eda\u00bb y afirma que \u00absupone un perd\u00f3n injusto a quienes dieron un golpe de Estado en Catalu\u00f1a\u00bb. \u00abHa supuesto un pago pol\u00edtico para la investidura de S\u00e1nchez\u00bb, dice.<\/p>\n<p>El mi\u00e9rcoles acaba el plazo para que el PP presente a su candidato para sustituir a Carlos Maz\u00f3n al frente de la Generalitat valenciana. Se\u00f1ala Mill\u00e1n que <strong>votar\u00e1n \u00ablo mejor para Valencia\u00bb <\/strong>y que exigir\u00e1n adem\u00e1s <strong>medidas enfocadas a la reconstrucci\u00f3n y a la construcci\u00f3n de estructuras que eviten futuras riadas<\/strong>. Pide al PP que sea \u00abresponsable\u00bb y se aleje de las \u00abpol\u00edticas socialistas\u00bb.<\/p>\n","protected":false},"excerpt":{"rendered":"El abogado general de UE cree que la ley de amnist\u00eda \u00abno constituye una autoamnist\u00eda\u00bb pero ve partes&hellip;\n","protected":false},"author":2,"featured_media":237079,"comment_status":"","ping_status":"","sticky":false,"template":"","format":"standard","meta":{"footnotes":""},"categories":[8],"tags":[61433,17,18,25,24,13,14,11,19,20,9,10,15,16,133,52101,1448,1986,1987,23,12,21,22],"class_list":{"0":"post-237078","1":"post","2":"type-post","3":"status-publish","4":"format-standard","5":"has-post-thumbnail","7":"category-espana","8":"tag-el-abogado-general-de-la-ue-se-encuentra-en-contra-de-la-justicia-espanola","9":"tag-breaking-news","10":"tag-breakingnews","11":"tag-es","12":"tag-espana","13":"tag-featured-news","14":"tag-featurednews","15":"tag-headlines","16":"tag-latest-news","17":"tag-latestnews","18":"tag-news","19":"tag-noticias","20":"tag-noticias-destacadas","21":"tag-noticiasdestacadas","22":"tag-online","23":"tag-parlamento-radio-5","24":"tag-radio","25":"tag-rne","26":"tag-rtve-play","27":"tag-spain","28":"tag-titulares","29":"tag-ultimas-noticias","30":"tag-ultimasnoticias"},"share_on_mastodon":{"url":"https:\/\/pubeurope.com\/@es\/115552903772099300","error":""},"_links":{"self":[{"href":"https:\/\/www.europesays.com\/es\/wp-json\/wp\/v2\/posts\/237078","targetHints":{"allow":["GET"]}}],"collection":[{"href":"https:\/\/www.europesays.com\/es\/wp-json\/wp\/v2\/posts"}],"about":[{"href":"https:\/\/www.europesays.com\/es\/wp-json\/wp\/v2\/types\/post"}],"author":[{"embeddable":true,"href":"https:\/\/www.europesays.com\/es\/wp-json\/wp\/v2\/users\/2"}],"replies":[{"embeddable":true,"href":"https:\/\/www.europesays.com\/es\/wp-json\/wp\/v2\/comments?post=237078"}],"version-history":[{"count":0,"href":"https:\/\/www.europesays.com\/es\/wp-json\/wp\/v2\/posts\/237078\/revisions"}],"wp:featuredmedia":[{"embeddable":true,"href":"https:\/\/www.europesays.com\/es\/wp-json\/wp\/v2\/media\/237079"}],"wp:attachment":[{"href":"https:\/\/www.europesays.com\/es\/wp-json\/wp\/v2\/media?parent=237078"}],"wp:term":[{"taxonomy":"category","embeddable":true,"href":"https:\/\/www.europesays.com\/es\/wp-json\/wp\/v2\/categories?post=237078"},{"taxonomy":"post_tag","embeddable":true,"href":"https:\/\/www.europesays.com\/es\/wp-json\/wp\/v2\/tags?post=237078"}],"curies":[{"name":"wp","href":"https:\/\/api.w.org\/{rel}","templated":true}]}}