{"id":237082,"date":"2025-11-15T09:07:07","date_gmt":"2025-11-15T09:07:07","guid":{"rendered":"https:\/\/www.europesays.com\/es\/237082\/"},"modified":"2025-11-15T09:07:07","modified_gmt":"2025-11-15T09:07:07","slug":"el-real-murcia-club-de-tenis-busca-presidente-los-dos-candidatos-responden-a-la-verdad","status":"publish","type":"post","link":"https:\/\/www.europesays.com\/es\/237082\/","title":{"rendered":"El Real Murcia Club de Tenis busca presidente: los dos candidatos responden a LA VERDAD"},"content":{"rendered":"<p>El Real Murcia Club de Tenis 1919 se juega su futuro en 14 d\u00edas. La etapa de Antonio Saura llega a su fin tras ocho  &#8230; a\u00f1os al frente de la instituci\u00f3n, que celebrar\u00e1 el pr\u00f3ximo 30 de noviembre elecciones a la presidencia. LA VERDAD ha entrevistado a los dos aspirantes para conocer cu\u00e1les son las principales l\u00edneas de sus programas y los equipos que componen sus candidaturas.<\/p>\n<ol class=\"v-cmp-u-b__u\">\n<li class=\"v-cmp-u-b__l\">\n<p>\nJos\u00e9 Daniel Buend\u00eda\n<\/p>\n<p>\u00abQueremos ser un centro de alto rendimiento para captar j\u00f3venes talentos\u00bb<\/p>\n<\/li>\n<\/ol>\n<p><img decoding=\"async\" loading=\"lazy\" src=\"https:\/\/www.europesays.com\/es\/wp-content\/uploads\/2025\/11\/jdaniel.jpg\" class=\"v-a-img\" width=\"650\" height=\"455\" alt=\"Jos\u00e9 Daniel Buend\u00eda, candidato a presidente del Real Murcia Club de Tenis 1919, en el centro de la imagen, rodeado por su equipo de trabajo.\" data-voc-vtm-id=\"in-text-traffic\"\/><\/p>\n<p>Jos\u00e9 Daniel Buend\u00eda, candidato a presidente del Real Murcia Club de Tenis 1919, en el centro de la imagen, rodeado por su equipo de trabajo.<\/p>\n<p>Cedida<\/p>\n<p><img loading=\"lazy\" decoding=\"async\" src=\"https:\/\/www.europesays.com\/es\/wp-content\/uploads\/2025\/11\/jdaniel.jpg\" class=\"v-mdl__img-z\" width=\"1920\" height=\"1344\" alt=\"\"\/><\/p>\n<p class=\"v-p\">Uno de los dos candidatos que quier coger las riendas y tomar el control del club es Jos\u00e9 Daniel Buend\u00eda (Torre Pacheco, 64 a\u00f1os). Murcia acogi\u00f3 hace ya mucho tiempo a este economista que podr\u00eda ser el nuevo presidente del club de tenis de la capital. Su larga carrera profesional se ha construido en la Facultad de Econom\u00eda y Empresa de la Universidad de Murcia, donde es profesor.<\/p>\n<p class=\"v-p\">Enamorado del deporte en general, y del tenis en particular, cuenta con el que para \u00e9l es un as bajo la manga: Florencio Soto, director deportivo de la instituci\u00f3n durante 40 a\u00f1os. \u00abEs un aut\u00e9ntico lujo tener su ayuda en un equipo que es espectacular\u00bb, subraya Jos\u00e9 Daniel Buend\u00eda, que destaca la mezcla de experiencia y juventud en un grupo \u00abcon muchas ganas de trabajar y con unas capacidades enormes\u00bb.<\/p>\n<ul class=\"v-u\">\n<li class=\"v-u__l\">\n<p class=\"v-p\">\n<p>1. Presidente:<\/p>\n<p>Jos\u00e9 Daniel Buend\u00eda.\n<\/p>\n<\/li>\n<li class=\"v-u__l\">\n<p class=\"v-p\">\n<p>2. Vicepresidente 1\u00ba<\/p>\n<p>Florencio Soto.\n<\/p>\n<\/li>\n<li class=\"v-u__l\">\n<p class=\"v-p\">\n<p>3. Vicepresidente 2\u00ba<\/p>\n<p>Jose M\u00aa de la Cierva.\n<\/p>\n<\/li>\n<li class=\"v-u__l\">\n<p class=\"v-p\">\n<p>4. Vicepresidente 3\u00ba<\/p>\n<p>Carlos Rodr\u00edguez.\n<\/p>\n<\/li>\n<li class=\"v-u__l\">\n<p class=\"v-p\">\n<p>5. Secretario:<\/p>\n<p>Andr\u00e9s Cano.\n<\/p>\n<\/li>\n<li class=\"v-u__l\">\n<p class=\"v-p\">\n<p>6. Tesorero:<\/p>\n<p>Norberto Rodr\u00edguez.\n<\/p>\n<\/li>\n<li class=\"v-u__l\">\n<p class=\"v-p\">\n<p>7. Vocales:<\/p>\n<p>Federico Soriano, Chindo Gonz\u00e1lez, Carlos Molina, Mariano Fuster, M\u00aa Jos\u00e9 Portillo, Fuensanta Pe\u00f1alver, Luisma S\u00e1nchez, M\u00aa Jes\u00fas Alegr\u00eda y Guillermo Garc\u00eda.\n<\/p>\n<\/li>\n<li class=\"v-u__l\">\n<p class=\"v-p\">\n<p>8. Colaboradores:<\/p>\n<p>Sonia Ros.\n<\/p>\n<\/li>\n<\/ul>\n<p class=\"v-p\">Futbolista amateur en sus infancia, abandon\u00f3 el bal\u00f3n por los estudios y fue justo en ese momento cuando cogi\u00f3 una raqueta y se inici\u00f3 en el mundo de las derechas, los reveses y las dejadas. Le cogi\u00f3 el gusto; fue un amor a primera vista. Socio fundador del club de tenis de su pueblo, Torre Pacheco, cuando dej\u00f3 su lugar de nacimiento para edificar su vida en la capital se convirti\u00f3 en un miembro m\u00e1s del club de tenis de Murcia. Conoce desde hace 25 a\u00f1os una instituci\u00f3n que ahora quiere liderar desde dentro. Quiere convertir el club en \u00abun polo de atracci\u00f3n de talento, de jugadores murcianos de alto rendimiento y de otros internacionales que puedan construir su carrera aqu\u00ed\u00bb. Su vida son los n\u00fameros, las cuentas y, como experto en la materia, va a analizar euro a euro los fondos con los que cuente el club en caso de ganar las elecciones.<\/p>\n<p class=\"v-p\"><strong>-\u00bfQu\u00e9 le ha llevado a tomar la decisi\u00f3n de presentarse como candidato?<\/strong><\/p>\n<p class=\"v-p\">-Pienso que puedo aportar algo para mejorar la calidad de todos los servicios que se dan en la entidad. Mantengo una gran relaci\u00f3n con la actual directiva y, en especial, con Florencio Soto, y entre ellos y yo concluimos que era la persona ideal para asumir el nuevo proyecto. Me he rodeado de gente que conoce perfectamente el club y quiero atraer a jugadores j\u00f3venes con talento y convertir el Real Murcia Club de Tenis 1919 en un centro de alto rendimiento del deporte de la raqueta.<\/p>\n<p class=\"v-p\"><strong>-\u00bfQu\u00e9 experiencia tiene en la gesti\u00f3n de infraestructuras deportivas o en el sector p\u00fablico?<\/strong><\/p>\n<p class=\"v-p\">-Llevo 22 a\u00f1os en la gesti\u00f3n acad\u00e9mica. He sido durante 10 decano de la Facultad de Econom\u00eda y Empresa, tambi\u00e9n otros ocho como vicedecano y cuatro m\u00e1s como director de departamento. He sufrido en mis carnes varios procesos electorales y esta es una de las cuestiones que tambi\u00e9n me ha llevado a dar el paso de presentarme. <\/p>\n<ul class=\"v-u\">\n<li class=\"v-u__l\">\n<p class=\"v-p\">\nA corto plazo<br \/>\nImplantar un sistema de contabilidad anal\u00edtica y dotar las instalaciones de dos pistas m\u00e1s de tierra\n<\/p>\n<\/li>\n<li class=\"v-u__l\">\n<p class=\"v-p\">\nCon vistas al futuro<br \/>\nConvertir a la instituci\u00f3n en un punto de referencia para jugadores con talento que se inician en el deporte\n<\/p>\n<\/li>\n<\/ul>\n<p class=\"v-p\"><strong>-\u00bfPor qu\u00e9 considera que es la persona perfecta para liderar el club de tenis?<\/strong><\/p>\n<p class=\"v-p\">-Porque cuento con un equipo humano muy bueno, que cuenta con experiencia, capacidad, profesionalidad, desde los m\u00e1s j\u00f3venes hasta los mayores. Tenemos una visi\u00f3n \u00fanica de c\u00f3mo mejorar la calidad de los servicios del club. Antes de tomar cualquier decisi\u00f3n para incorporar a nuestro programa, hemos preferido trabajar mucho el presupuesto: cu\u00e1l es, c\u00f3mo est\u00e1 distribuido. Era una condici\u00f3n necesaria y obligatoria para tener un conocimiento muy detallado del dinero con el que cuenta el club y, a partir de ah\u00ed, operar. <\/p>\n<p class=\"v-p\"><strong>-\u00bfCu\u00e1les son las principales mejoras que quiere implementar? \u00bfQu\u00e9 har\u00eda los primeros 100 d\u00edas de su mandato si gana las elecciones?<\/strong><\/p>\n<p class=\"v-p\">-El proyecto est\u00e1 determinado por tres principios que para m\u00ed son fundamentales: la transparencia, la rendici\u00f3n de cuentas y el esp\u00edritu de servicio p\u00fablico. Es clave llevar a cabo una contabilidad anal\u00edtica de la instituci\u00f3n. Cada euro es importante y hay que asociarlo a un servicio a un gasto o ingreso y mostrar esa informaci\u00f3n a la gente de forma peri\u00f3dica. Una de las primeras medidas es cuidar unas instalaciones que tienen cierto deterioro. La entrada de nuevos socios ha generado la falta de pistas en determinadas franjas horarias y es algo que queremos atajar de inmediato. Adem\u00e1s, queremos dotas de dos pistas m\u00e1s de tierras al club y mejorar las de p\u00e1del. Y ampliar buscar espacios para ampliar el gimnasio. Tambi\u00e9n tenemos previsto una reducci\u00f3n de torneos (no sociales)<\/p>\n<p class=\"v-p\"><strong>-\u00bfQu\u00e9 proyectos e ilusiones tiene en mente para el Real Murcia Club de Tenis en el futuro?<\/strong><\/p>\n<p class=\"v-p\">-Dada la situaci\u00f3n econ\u00f3mica, por el momento no existe una inversi\u00f3n estrella de cara al medio o largo plazo. Queremos ir haciendo lo que est\u00e1 en nuestras manos, mejorar el servicio actual y dotarlo de mayor calidad, adecuando nuestros servicios a esa demanda pujante que hay. Con vistas al futuro, lo m\u00e1s ilusionante es convertir el club en un centro de alto rendimiento para captar j\u00f3venes tenistas con talento y futuro. Debemos ser capaces de convertirnos en una referencia en este aspecto y, con el tiempo, y a base de mucho trabajo una pizca de suerte, lanzar a esos j\u00f3venes jugadores que se han curtido en nuestras instalaciones al \u00e1mbito nacional e internacional. Es la mayor alegr\u00eda que nos mueve en este proyecto.<\/p>\n<ol class=\"v-cmp-u-b__u\">\n<li class=\"v-cmp-u-b__l\">\n<p>\nFrancisco Mart\u00ednez\n<\/p>\n<p>\u00abLiderar el club requiere transparencia y pulsar las necesidades de los socios\u00bb<\/p>\n<\/li>\n<\/ol>\n<p><img decoding=\"async\" loading=\"lazy\" src=\"https:\/\/www.europesays.com\/es\/wp-content\/uploads\/2025\/11\/207073825.jpg\" class=\"v-a-img\" width=\"650\" height=\"455\" alt=\"Francisco Mart\u00ednez, candidato a presidente del Real Murcia Club de Tenis 1919, en el centro de la imagen, rodeado por su equipo de trabajo.\" data-voc-vtm-id=\"in-text-traffic\"\/><\/p>\n<p>Francisco Mart\u00ednez, candidato a presidente del Real Murcia Club de Tenis 1919, en el centro de la imagen, rodeado por su equipo de trabajo.<\/p>\n<p>Cedida<\/p>\n<p><img loading=\"lazy\" decoding=\"async\" src=\"https:\/\/www.europesays.com\/es\/wp-content\/uploads\/2025\/11\/207073825.jpg\" class=\"v-mdl__img-z\" width=\"1920\" height=\"1344\" alt=\"\"\/><\/p>\n<p class=\"v-p\">Quedan menos de dos semanas para que el Real Murcia Club de Tenis 1919 cambie de manos. Y una figura que se postula para liderar la nueva etapa que iniciar\u00e1 la instituci\u00f3n a partir de diciembre es Francisco Mart\u00ednez Ruiz (Murcia, 68 a\u00f1os). Casado y padre de dos hijos, el candidato a presidente del Real Murcia Club de Tenis 1919 ha dedicado pr\u00e1cticamente la totalidad de su carrera profesional al sector p\u00fablico. Licenciado en Derecho, pertenece al Cuerpo Superior de Administradores de la Comunidad Aut\u00f3noma y fue director general del Instituto de Fomento durante la etapa de Alberto Garre al frente del Gobierno regional.<\/p>\n<p class=\"v-p\">Su trayectoria le llev\u00f3 tambi\u00e9n a las aulas, ya que ha sido profesor de Derecho Administrativo y Constitucional en la UCAM, \u00abuna labora que requiere una responsabilidad y una exigencia casi mayor\u00bb en comparaci\u00f3n con el resto de tareas que ha desempe\u00f1ado. El tenis le corre por las venas y se atreve a confesar que es \u00abun tenista razonable\u00bb, en cuanto a talento se refiere. Socio del Real Murcia Club de Tenis desde hace casi 35 a\u00f1os, destaca del deporte de la raqueta su valor social y \u00abel buen ambiente que se respira, tanto practic\u00e1ndolo como en cada rinc\u00f3n del club\u00bb, se\u00f1ala.<\/p>\n<ul class=\"v-u\">\n<li class=\"v-u__l\">\n<p class=\"v-p\">\n<p>1. Presidente:<\/p>\n<p>Francisco Mart\u00ednez.\n<\/p>\n<\/li>\n<li class=\"v-u__l\">\n<p class=\"v-p\">\n<p>2. Vicepresidente 1\u00ba<\/p>\n<p>Arturo Moreno.\n<\/p>\n<\/li>\n<li class=\"v-u__l\">\n<p class=\"v-p\">\n<p>3. Vicepresidente 2\u00ba<\/p>\n<p>Juli\u00e1n S\u00e1nchez.\n<\/p>\n<\/li>\n<li class=\"v-u__l\">\n<p class=\"v-p\">\n<p>4. Vicepresidente 3\u00ba<\/p>\n<p>Mar\u00eda Iniesta L\u00f3pez.\n<\/p>\n<\/li>\n<li class=\"v-u__l\">\n<p class=\"v-p\">\n<p>5. Secretario:<\/p>\n<p>Carlos Conesa.\n<\/p>\n<\/li>\n<li class=\"v-u__l\">\n<p class=\"v-p\">\n<p>6. Tesorero:<\/p>\n<p>Aurelio Mart\u00ednez.\n<\/p>\n<\/li>\n<li class=\"v-u__l\">\n<p class=\"v-p\">\n<p>7. Vocales:<\/p>\n<p>Jos\u00e9 Luis Hern\u00e1ndez, Elvira Jaudenes, Ignacio Garrido, Adri\u00e1n Riera, Joaqu\u00edn C\u00e1rceles, Blas Hell\u00edn, Mar\u00eda Jos\u00e9 Serrano, Jes\u00fas Osaba, Rafael Montilla y Joaqu\u00edn C\u00e1rceles.\n<\/p>\n<\/li>\n<li class=\"v-u__l\">\n<p class=\"v-p\">\n<p>8. Colaboradores:<\/p>\n<p>Ana G\u00f3mez y Carlos Gonz\u00e1lez.\n<\/p>\n<\/li>\n<\/ul>\n<p class=\"v-p\">Con la figura de Carlos Alcaraz como referencia de este deporte en la Regi\u00f3n de Murcia y el mundo entero, \u00abun valor seguro por el talento que atesora pero sobre todo por su sencillez y humildad\u00bb, Francisco Mart\u00ednez tiene claro que el tenis vive uno de sus mejores momentos de su historia en la Regi\u00f3n y augura un futuro m\u00e1s prometedor a\u00fan, con numerosos clubs destacados, una cantera en pleno crecimiento y un Real Murcia Club de Tenis que cada vez se queda m\u00e1s peque\u00f1o ante la afici\u00f3n de los vecinos de la capital y otras localidades.<\/p>\n<p class=\"v-p\">El candidato asegura haberse rodead del \u00abmejor equipo posible\u00bb para intentar liderar la instituci\u00f3n. \u00abSomos un grupo formado por gente experta en materia de econom\u00eda, en derecho, ingenier\u00eda, marketing y comunicaci\u00f3n, gesti\u00f3n p\u00fablica y privada, \u00e1rbitros profesionales y profesores de tenis. Son las personas perfectas para dirigir el destino de este club\u00bb, reconoce Francisco Mart\u00ednez con ilusi\u00f3n. <\/p>\n<p class=\"v-p\"><strong>-\u00bfQu\u00e9 le ha llevado a tomar la decisi\u00f3n de presentarse como candidato?<\/strong><\/p>\n<p class=\"v-p\">-Estoy enamorado del club. Es una instituci\u00f3n que me gusta mucho. Cuento con un grupo de gente en la que conf\u00edo plenamente para desarrollar un programa que hemos confeccionado tras muchos meses de contacto con muchos socios, pulsando las sensaciones y necesidades de los que forman la instituci\u00f3n. Es un reto que me ilusiona. Este club necesita un equipo solvente para llevar a cabo el programa y somos un grupo de m\u00e1xima calidad que cubre todos los aspectos que rodean a la entidad (edades, deportes, experiencia en distintas ramas&#8230;).<\/p>\n<p class=\"v-p\"><strong>-\u00bfQu\u00e9 experiencia tiene en la gesti\u00f3n de infraestructuras deportivas o en el sector p\u00fablico?<\/strong><\/p>\n<p class=\"v-p\">-He estado en sitios p\u00fablicos y otros que no lo son, pero hay unos par\u00e1metros de gesti\u00f3n que son de aplicaci\u00f3n general a cualquier actividad. He dirigido el Instituto de Fomento y una red comercial gigante de la direcci\u00f3n de grandes cuentas de Mutua Universal. Tengo la experiencia para saber c\u00f3mo gestionar un colectivo grande, que se dirige a mucha gente. Lo primero es que las ideas que traslades, est\u00e9n claras. Lo segundo, estar en contacto con la masa social, que lo vamos a hacer a base de encuestas peri\u00f3dicas sobre el grado de satisfacci\u00f3n. Gobernar un club tan grande requiere mucha transparencia.<\/p>\n<ul class=\"v-u\">\n<li class=\"v-u__l\">\n<p class=\"v-p\">\nA corto plazo<br \/>\nModernizar instalaciones como el gimnasio, avanzar en digitalizaci\u00f3n y apostar por los campeonatos\n<\/p>\n<\/li>\n<li class=\"v-u__l\">\n<p class=\"v-p\">\nLa gran ilusi\u00f3n<br \/>\nEstimular la cantera para que lleguen jugadores a la \u00e9lite y se corresponda con la potencia de la instituci\u00f3n\n<\/p>\n<\/li>\n<\/ul>\n<p class=\"v-p\"><strong>-\u00bfPor qu\u00e9 considera que es la persona perfecta para liderar el club de tenis?<\/strong><\/p>\n<p class=\"v-p\">-Nosotros nos presentamos para terminar y mejorar el gran trabajo que ha hecho la junta anterior. Creo que somos la candidatura perfecta porque somos un equipo solvente, hemos desarrollado un programa que est\u00e1 bien trabajado y que es el reflejo del 95% de las demandas de los socios que hemos ido recabando durante meses. He demostrado que s\u00e9 gestionar asuntos complicados y se puede confiar en mi solvencia y honestidad.<\/p>\n<p class=\"v-p\"><strong>-\u00bfCu\u00e1les son las principales mejoras que quiere implementar? \u00bfQu\u00e9 har\u00eda los primeros 100 d\u00edas de su mandato si gana las elecciones?<\/strong><\/p>\n<p class=\"v-p\">-Una de las primeras cuestiones es la modernizaci\u00f3n de las instalaciones. El gimnasio, por ejemplo, se ha quedado peque\u00f1o y queremos ampliarlo. Queremos avanzar bastante en digitalizaci\u00f3n en los accesos, la reservas de pistas y la tienda &#8216;online&#8217;. Y tambi\u00e9n vamos a apostar por los campeonatos, como el Challenger, que ha puesto a Murcia en el mapa internacional. Queremos nutrir las \u00e1reas del club que est\u00e1n desaprovechadas, como en la zona de arriba, para dotarlas de instalaciones, como una cafeter\u00eda. Y nos centraremos en promover la vida social dentro del club y de la instituci\u00f3n hacia fuera, con viajes y a trav\u00e9s de la creaci\u00f3n del socio corporativo.<\/p>\n<p class=\"v-p\"><strong>-\u00bfQu\u00e9 proyectos e ilusiones tiene en mente para el Real Murcia Club de Tenis en el futuro?<\/strong><\/p>\n<p class=\"v-p\">-Estimular la cantera de deportistas, sobre todo de tenis, pero tambi\u00e9n de padel, para que se corresponda con la potencia del Real Murcia Club de Tenis 1919, que es uno de los m\u00e1s potentes del pa\u00eds. Eso es un trabajo que requiere la modernizaci\u00f3n de nuestra escuela, apoyos, contactos con las federaciones&#8230; ser\u00eda una gran ilusi\u00f3n a cumplir a medio o largo plazo. Pero nos centraremos en cumplir el programa que tenemos marcado. Mejorar infraestructuras, auditar las cuentas y hacer sentir a los socios part\u00edcipes de cualquier mejora en todo momento.<\/p>\n","protected":false},"excerpt":{"rendered":"El Real Murcia Club de Tenis 1919 se juega su futuro en 14 d\u00edas. La etapa de Antonio&hellip;\n","protected":false},"author":2,"featured_media":237083,"comment_status":"","ping_status":"","sticky":false,"template":"","format":"standard","meta":{"footnotes":""},"categories":[274],"tags":[331,15695,1798,168,1563,25,24,1478,1461,798,3305,23,167,327,326],"class_list":{"0":"post-237082","1":"post","2":"type-post","3":"status-publish","4":"format-standard","5":"has-post-thumbnail","7":"category-tenis","8":"tag-busca","9":"tag-candidatos","10":"tag-club","11":"tag-deportes","12":"tag-dos","13":"tag-es","14":"tag-espana","15":"tag-murcia","16":"tag-presidente","17":"tag-real","18":"tag-responden","19":"tag-spain","20":"tag-sports","21":"tag-tenis","22":"tag-tennis"},"share_on_mastodon":{"url":"https:\/\/pubeurope.com\/@es\/115552927772454077","error":""},"_links":{"self":[{"href":"https:\/\/www.europesays.com\/es\/wp-json\/wp\/v2\/posts\/237082","targetHints":{"allow":["GET"]}}],"collection":[{"href":"https:\/\/www.europesays.com\/es\/wp-json\/wp\/v2\/posts"}],"about":[{"href":"https:\/\/www.europesays.com\/es\/wp-json\/wp\/v2\/types\/post"}],"author":[{"embeddable":true,"href":"https:\/\/www.europesays.com\/es\/wp-json\/wp\/v2\/users\/2"}],"replies":[{"embeddable":true,"href":"https:\/\/www.europesays.com\/es\/wp-json\/wp\/v2\/comments?post=237082"}],"version-history":[{"count":0,"href":"https:\/\/www.europesays.com\/es\/wp-json\/wp\/v2\/posts\/237082\/revisions"}],"wp:featuredmedia":[{"embeddable":true,"href":"https:\/\/www.europesays.com\/es\/wp-json\/wp\/v2\/media\/237083"}],"wp:attachment":[{"href":"https:\/\/www.europesays.com\/es\/wp-json\/wp\/v2\/media?parent=237082"}],"wp:term":[{"taxonomy":"category","embeddable":true,"href":"https:\/\/www.europesays.com\/es\/wp-json\/wp\/v2\/categories?post=237082"},{"taxonomy":"post_tag","embeddable":true,"href":"https:\/\/www.europesays.com\/es\/wp-json\/wp\/v2\/tags?post=237082"}],"curies":[{"name":"wp","href":"https:\/\/api.w.org\/{rel}","templated":true}]}}