{"id":237099,"date":"2025-11-15T09:18:09","date_gmt":"2025-11-15T09:18:09","guid":{"rendered":"https:\/\/www.europesays.com\/es\/237099\/"},"modified":"2025-11-15T09:18:09","modified_gmt":"2025-11-15T09:18:09","slug":"convocatoria-del-real-madrid-frente-al-barcelona-real-madrid-cf","status":"publish","type":"post","link":"https:\/\/www.europesays.com\/es\/237099\/","title":{"rendered":"Convocatoria del Real Madrid frente al Barcelona &#8211; Real Madrid CF"},"content":{"rendered":"<ol>\n<li><a href=\"https:\/\/news.google.com\/rss\/articles\/CBMi2gFBVV95cUxOcFJsU193dmgyVmU5N0RiNzlSNk16eFBXYzR5c3ZfLW5LbERQRkRKcnhLWURINWhXalJBeWFRZThUdFRzelpLUEh2VXk3b1BhdTFGWk1PRVRYaXFpU2tZSzlOanpZQl9OMklOWFo5UVJmMTdIWHpQZHo1LUhWNm12aEticmJ0N2xhcDlJUVdLSTBtMmdvU24yNHkzUFBlM0xVV05zdmxOS0Y0RGg5RU5sVnNyVU9FUEZ5WXpUOGw5QXlacEpQc1Jnb2lMVm9BSlZFWGNJUE5jbU4wUQ?oc=5\" target=\"_blank\" rel=\"nofollow noopener\">Convocatoria del Real Madrid frente al Barcelona<\/a>&nbsp;&nbsp;Real Madrid CF<\/li>\n<li><a href=\"https:\/\/news.google.com\/rss\/articles\/CBMiwgFBVV95cUxQLWFPMHBoRlpuTHZzNGZwMVdXRmFsRy04eEc5MGp1WFhYREdWR1pVUUtfU1NzNHFtbHEyR3Q2QW53cHlLUkFUYjBNc1FJMWxNTVZNa0RzNUpHTlVfTGhBTW03bGJXN3R6bUhlZXJua3ZWdjItaFZlOHZHbnJzVHVDU1RCd3VYcnNmZkhIX2d0Z1p3ZE5VTGpUTG82c3RncmR4SUdNWV9tNG52OWZYaWtQa3FmS2JxYmQwRDNHMmhQLWZpZw?oc=5\" target=\"_blank\" rel=\"nofollow noopener\">El Barcelona llega al cl\u00e1sico con sed de venganza, pero sin Patri Guijarro | F\u00fatbol | Deportes<\/a>&nbsp;&nbsp;EL PA\u00cdS<\/li>\n<li><a href=\"https:\/\/news.google.com\/rss\/articles\/CBMib0FVX3lxTE5CcWRVV2FPQXhJWm9Ib0h3b0ZvZjdSajlGb2JnM1ZrbmZEX2R2V0tDUkQ1Rmw3T2toVU5Gc3ZiajBybHMtMm5qRTlRdVZGR0IxZ2FmUThjSzRtWE4ySEJVU3dMZldwV2psWXpsMmNOc9IBgwFBVV95cUxPR2UwaGtaVFZ0Q0JMMElkX0phNE4xT01WVVJ1Z3lveGpPVWVNR3dmeXZTNkZMdmlNRHNWZFowMVUzbUVteF9ZbWxILXNXWTZSWHU5VEtvazRicmxOa3IyUGRSdEZZQzRFbWZkQm1uN0w2ajFKNXJJcGVqX3R5UTIxbTdXRQ?oc=5\" target=\"_blank\" rel=\"nofollow noopener\">Montju\u00efc elige magas<\/a>&nbsp;&nbsp;Diario AS<\/li>\n<li><a href=\"https:\/\/news.google.com\/rss\/articles\/CBMizAFBVV95cUxNdHJPN0x2RXNaRFhmODU1SS1acFI1Y29SZzgyZUtxaE12TU5TYXNqbU5CMzdYaHU5SC1LZzFwd2lIV2JaVkRFOGFxZWZtVU12SU41enY4bTd4SUtDQWV4ZllZSU54Z3ExODA0UEhHc0JHOTJraE5pcGFXWWcySXR1b0xDN3ljRnZSd2lJamt6MXlJTUl4eXA5OS1pM3ZOSVhkTWRIM0NPNTRzRGg3SU90b2dHVUhCWWh0MVJER1MzMHdwVnNQQVJ6MWZaVlnSAdoBQVVfeXFMUENxU2dxb2RvZE95YVZnZVgzdGg2WHBVYjYzcTNmem95dE5qVkwzUUJfT3A1dDVVa3U2Ui1TbjNmRXloRXhSOC1BQ3pXVGhjRjltekhzSnAxZzBGcTRFSlJtOHdEdjlGTl9uaGNudkJBLVZFM29DMXIyRGE3bllKLWY0NThXM3REYnZmN1Vqb0ZFOHBpSnE2amw1VnBQc2p5MC14SVo3YU5ZYnZteUQxVFpVQXViQkxJWC1pT01BR3pHSUVaZnVLeFNQSEgzSHJPSDIxRzhlejlGM3c?oc=5\" target=\"_blank\" rel=\"nofollow noopener\">Horario, canal y d\u00f3nde ver por TV el Bar\u00e7a &#8211; Real Madrid femenino del Cl\u00e1sico de la Liga F<\/a>&nbsp;&nbsp;Mundo Deportivo<\/li>\n<li><a href=\"https:\/\/news.google.com\/rss\/articles\/CBMi6wFBVV95cUxPeXNUZ2dYTXlyaERpUTdWd2JwaTRjQ3hxajBaa3pKSmtJQVI3SHE2Q0QwclJuOGlNRkhUc050Tkc4TzBJdFFEY0JReUdBZ3l5WlVXdUFaRGdZdEY0bGlkZU1mMzFJbkw3cE4zQWdkZzBlRVJrRDNRWE5TNnJSN3h4NlJvbFpsc3lOUkpCQmZMRWQzSXE1bXRiamJYVnpXQTFFaXRETUFVMERzRndKQzNIR3FRdy0zLTBpblVGREdIYU5iUWZWaXZ0bUdmaEdZUl93NEVtT1VFZ2lsSU9Sd25KeTNZQ09oYVRsM2RR?oc=5\" target=\"_blank\" rel=\"nofollow noopener\">Recomendaciones de movilidad para el Bar\u00e7a \u2013 Real Madrid en el Estadi Ol\u00edmpic Llu\u00eds Companys<\/a>&nbsp;&nbsp;fcbarcelona.cat<\/li>\n<\/ol>\n","protected":false},"excerpt":{"rendered":"Convocatoria del Real Madrid frente al Barcelona&nbsp;&nbsp;Real Madrid CF El Barcelona llega al cl\u00e1sico con sed de venganza,&hellip;\n","protected":false},"author":2,"featured_media":171506,"comment_status":"","ping_status":"","sticky":false,"template":"","format":"standard","meta":{"footnotes":""},"categories":[93],"tags":[168,25,24,6523,3048,23,167],"class_list":{"0":"post-237099","1":"post","2":"type-post","3":"status-publish","4":"format-standard","5":"has-post-thumbnail","7":"category-deportes","8":"tag-deportes","9":"tag-es","10":"tag-espana","11":"tag-home","12":"tag-real-madrid","13":"tag-spain","14":"tag-sports"},"share_on_mastodon":{"url":"https:\/\/pubeurope.com\/@es\/115552970679562508","error":""},"_links":{"self":[{"href":"https:\/\/www.europesays.com\/es\/wp-json\/wp\/v2\/posts\/237099","targetHints":{"allow":["GET"]}}],"collection":[{"href":"https:\/\/www.europesays.com\/es\/wp-json\/wp\/v2\/posts"}],"about":[{"href":"https:\/\/www.europesays.com\/es\/wp-json\/wp\/v2\/types\/post"}],"author":[{"embeddable":true,"href":"https:\/\/www.europesays.com\/es\/wp-json\/wp\/v2\/users\/2"}],"replies":[{"embeddable":true,"href":"https:\/\/www.europesays.com\/es\/wp-json\/wp\/v2\/comments?post=237099"}],"version-history":[{"count":0,"href":"https:\/\/www.europesays.com\/es\/wp-json\/wp\/v2\/posts\/237099\/revisions"}],"wp:featuredmedia":[{"embeddable":true,"href":"https:\/\/www.europesays.com\/es\/wp-json\/wp\/v2\/media\/171506"}],"wp:attachment":[{"href":"https:\/\/www.europesays.com\/es\/wp-json\/wp\/v2\/media?parent=237099"}],"wp:term":[{"taxonomy":"category","embeddable":true,"href":"https:\/\/www.europesays.com\/es\/wp-json\/wp\/v2\/categories?post=237099"},{"taxonomy":"post_tag","embeddable":true,"href":"https:\/\/www.europesays.com\/es\/wp-json\/wp\/v2\/tags?post=237099"}],"curies":[{"name":"wp","href":"https:\/\/api.w.org\/{rel}","templated":true}]}}