{"id":237114,"date":"2025-11-15T09:31:11","date_gmt":"2025-11-15T09:31:11","guid":{"rendered":"https:\/\/www.europesays.com\/es\/237114\/"},"modified":"2025-11-15T09:31:11","modified_gmt":"2025-11-15T09:31:11","slug":"el-ciclista-junior-diego-lopez-sera-profesional-con-el-tavfer-ovos-matinados-mortagua","status":"publish","type":"post","link":"https:\/\/www.europesays.com\/es\/237114\/","title":{"rendered":"El ciclista j\u00fanior Diego L\u00f3pez ser\u00e1 profesional con el Tavfer-Ovos Matinados-Mort\u00e1gua"},"content":{"rendered":"<p>\t\t\t&#13;<br \/>\n&#13;<\/p>\n<p><img loading=\"lazy\" decoding=\"async\" src=\"https:\/\/www.europesays.com\/es\/wp-content\/uploads\/2025\/11\/diego-lopez-picusa-academy-2025-picusaacademy-press.jpg\" width=\"556\" height=\"418\" class=\"setborder\" alt=\"El ciclista j\u00fanior Diego L\u00f3pez ser\u00e1 profesional con el Tavfer-Ovos Matinados-Mort\u00e1gua\" title=\"El ciclista j\u00fanior Diego L\u00f3pez ser\u00e1 profesional con el Tavfer-Ovos Matinados-Mort\u00e1gua\"\/><br \/>\n&#13;<br \/>\n&#13;<br \/>\n&#13;<br \/>\n<a href=\"https:\/\/www.esciclismo.com\/actualidad\/esciclismo\/\" rel=\"nofollow noopener\" target=\"_blank\">EsCiclismo.com<\/a> \u00b7 <a href=\"https:\/\/www.esciclismo.com\/actualidad\/carretera\/\" rel=\"nofollow noopener\" target=\"_blank\">Competici\u00f3n Carretera<\/a>  \u00b7 14\/11\/2025<\/p>\n<p>El santiagu\u00e9s Diego L\u00f3pez, vigente campe\u00f3n de Galicia j\u00fanior, afrontar\u00e1 en 2026 su primera temporada en el ciclismo profesional tras cerrar su incorporaci\u00f3n al Tavfer-Ovos Matinados-Mort\u00e1gua, conjunto de categor\u00eda Continental.<\/p>\n<p>&#13;<\/p>\n<p><b id=\"P1\"\/>El corredor de Santiago de Compostela ha sido una de las piezas destacadas de Picusa Academy desde la creaci\u00f3n del proyecto hace dos temporadas. El equipo j\u00fanior, dise\u00f1ado para impulsar a j\u00f3venes talentos gallegos, ve c\u00f3mo uno de sus ciclistas m\u00e1s representativos culmina ahora su formaci\u00f3n con un salto decisivo al campo profesional.<\/p>\n<p>&#13;<\/p>\n<p>Durante su etapa juvenil, L\u00f3pez firm\u00f3 actuaciones de gran nivel. Su victoria en el Campeonato de Galicia j\u00fanior de fondo en carretera, disputado en septiembre en Noia, puso el cierre a un a\u00f1o brillante. A lo largo de su trayectoria en la categor\u00eda acumul\u00f3 tambi\u00e9n la plata y el bronce en el auton\u00f3mico de contrarreloj, fue mejor ciclista de primer a\u00f1o en el Grande Pr\u00e9mio do Minho 2024 y subi\u00f3 al podio en diversas carreras del calendario gallego y portugu\u00e9s. Adem\u00e1s, contribuy\u00f3 al triunfo de Picusa Academy en la clasificaci\u00f3n por escuadras de la Copa de Espa\u00f1a 2024.<\/p>\n<p>&#13;<\/p>\n<p><b id=\"P2\"\/>El equipo portugu\u00e9s ha anunciado oficialmente su incorporaci\u00f3n para la pr\u00f3xima temporada, y el joven ciclista se ha mostrado satisfecho por este paso adelante en su carrera. L\u00f3pez destaca la filosof\u00eda de trabajo del Tavfer-Ovos Matinados-Mort\u00e1gua y la oportunidad de seguir desarroll\u00e1ndose como ciclista en un entorno profesional.<\/p>\n<p>&#13;<\/p>\n<p>\u00abMi sue\u00f1o siempre ha sido ser ciclista profesional\u00bb, asegura el santiagu\u00e9s. \u00abTienen las ideas claras, valoran a las personas y apuestan por un crecimiento continuo. Estoy seguro de que en sus filas podr\u00e9 aprender mucho y evolucionar para convertirme en un buen profesional del deporte que tanto amo\u00bb.<\/p>\n<p>&#13;<\/p>\n<p><b id=\"P3\"\/>\u00abAl terminar la temporada mi m\u00e1nager Juan Campos me coment\u00f3 la posibilidad de unirme a este equipo, me gust\u00f3 mucho la idea y decidimos que era un paso adelante importante para mi carrera\u00bb, se\u00f1ala el corredor de 18 a\u00f1os.<\/p>\n<p>&#13;<\/p>\n<p>En su debut en el pelot\u00f3n profesional, L\u00f3pez estar\u00e1 dirigido por el arousano Gustavo C\u00e9sar Veloso y coincidir\u00e1 de nuevo con el redondelano Lois de Jes\u00fas, quien tambi\u00e9n ascendi\u00f3 desde Picusa Academy al conjunto luso la pasada campa\u00f1a.<\/p>\n<p>&#13;<\/p>\n<p><b id=\"P4\"\/>El fichaje de L\u00f3pez supone la segunda incorporaci\u00f3n de un ciclista de Picusa Academy al profesionalismo en pocas semanas. En octubre se hizo oficial la llegada de \u00c9ric Igual a Movistar Team Academy, una muestra del crecimiento de una estructura que sigue ofreciendo talento al ciclismo de base en Galicia.<\/p>\n<p>&#13;<br \/>\n&#13;<br \/>\n&#13;<br \/>\nEsCiclismo &#8211; Todos los derechos reservados. Est\u00e1 prohibido todo tipo de reproducci\u00f3n sin autorizaci\u00f3n expresa escrita.<br \/>&#13;<br \/>\n&#13;<\/p>\n<blockquote class=\"style-3\"><p>\ud83d\udce3<\/p>\n<p>Sigue toda la actualidad del mundo del ciclismo en nuestros canales de <a href=\"https:\/\/bit.ly\/WhatsappEsCiclismo\" target=\"_blank\" rel=\"noopener nofollow\"><b>WhatsApp<\/b><\/a> y <a href=\"https:\/\/bit.ly\/EsciclismoTelegram\" target=\"_blank\" rel=\"noopener nofollow\"><b>Telegram<\/b><\/a>, donde recibiras las noticias m\u00e1s destacadas.<\/p>\n<\/blockquote>\n","protected":false},"excerpt":{"rendered":"&#13; &#13; &#13; &#13; &#13; EsCiclismo.com \u00b7 Competici\u00f3n Carretera \u00b7 14\/11\/2025 El santiagu\u00e9s Diego L\u00f3pez, vigente campe\u00f3n de&hellip;\n","protected":false},"author":2,"featured_media":237115,"comment_status":"","ping_status":"","sticky":false,"template":"","format":"standard","meta":{"footnotes":""},"categories":[273],"tags":[313,312,168,158,25,24,23,167],"class_list":{"0":"post-237114","1":"post","2":"type-post","3":"status-publish","4":"format-standard","5":"has-post-thumbnail","7":"category-ciclismo","8":"tag-ciclismo","9":"tag-cycling","10":"tag-deportes","11":"tag-el","12":"tag-es","13":"tag-espana","14":"tag-spain","15":"tag-sports"},"share_on_mastodon":{"url":"https:\/\/pubeurope.com\/@es\/115553021899374717","error":""},"_links":{"self":[{"href":"https:\/\/www.europesays.com\/es\/wp-json\/wp\/v2\/posts\/237114","targetHints":{"allow":["GET"]}}],"collection":[{"href":"https:\/\/www.europesays.com\/es\/wp-json\/wp\/v2\/posts"}],"about":[{"href":"https:\/\/www.europesays.com\/es\/wp-json\/wp\/v2\/types\/post"}],"author":[{"embeddable":true,"href":"https:\/\/www.europesays.com\/es\/wp-json\/wp\/v2\/users\/2"}],"replies":[{"embeddable":true,"href":"https:\/\/www.europesays.com\/es\/wp-json\/wp\/v2\/comments?post=237114"}],"version-history":[{"count":0,"href":"https:\/\/www.europesays.com\/es\/wp-json\/wp\/v2\/posts\/237114\/revisions"}],"wp:featuredmedia":[{"embeddable":true,"href":"https:\/\/www.europesays.com\/es\/wp-json\/wp\/v2\/media\/237115"}],"wp:attachment":[{"href":"https:\/\/www.europesays.com\/es\/wp-json\/wp\/v2\/media?parent=237114"}],"wp:term":[{"taxonomy":"category","embeddable":true,"href":"https:\/\/www.europesays.com\/es\/wp-json\/wp\/v2\/categories?post=237114"},{"taxonomy":"post_tag","embeddable":true,"href":"https:\/\/www.europesays.com\/es\/wp-json\/wp\/v2\/tags?post=237114"}],"curies":[{"name":"wp","href":"https:\/\/api.w.org\/{rel}","templated":true}]}}