{"id":237122,"date":"2025-11-15T09:36:16","date_gmt":"2025-11-15T09:36:16","guid":{"rendered":"https:\/\/www.europesays.com\/es\/237122\/"},"modified":"2025-11-15T09:36:16","modified_gmt":"2025-11-15T09:36:16","slug":"busca-las-obras-del-museo-en-la-vida-de-sus-visitantes","status":"publish","type":"post","link":"https:\/\/www.europesays.com\/es\/237122\/","title":{"rendered":"busca las obras del museo en la vida de sus visitantes"},"content":{"rendered":"<p>La presencia del <b>Museo del Prado <\/b>se extiende mucho m\u00e1s all\u00e1 de sus salas. Sus obras, reproducidas en <b>l\u00e1minas<\/b>, cuadros decorativos o <b>peque\u00f1os recuerdos<\/b>, forman parte del entorno diario de miles de personas sin que muchas veces nos demos cuenta.<\/p>\n<p>El Prado Cotidiano<\/p>\n<p>Con motivo del <b>aniversario <\/b>de la instituci\u00f3n, que tendr\u00e1 lugar el pr\u00f3ximo 19 de noviembre, el Museo ha lanzado <b>\u00abEl Prado Cotidiano\u00bb<\/b>, un proyecto que anima a los ciudadanos a compartir<b> im\u00e1genes de estas reproducciones que aparecen en sus espacios personales<\/b>: hogares, oficinas, comercios o cualquier rinc\u00f3n habitual del d\u00eda a d\u00eda.<\/p>\n<p>Arte en el d\u00eda a d\u00eda<\/p>\n<p>La iniciativa busca <b>ensalzar la presencia emocional y simb\u00f3lica que las obras del Prado<\/b> han tenido para diferentes generaciones. A lo largo del tiempo, copias de sus cuadros han viajado a casas de familiares, se han convertido en <b>obsequios especiales<\/b> o han permanecido colgadas en estancias donde han acompa\u00f1ado la vida de quienes las observan. Estas im\u00e1genes, acumuladas durante a\u00f1os, han pasado a formar parte de un imaginario colectivo <b>que une a miles de personas en torno al arte.<\/b><\/p>\n<p>C\u00f3mo participar<\/p>\n<p>Para participar basta con<b> enviar una fotograf\u00eda de cualquier reproducci\u00f3n de una obra del Prado<\/b> que forme parte del d\u00eda a d\u00eda. Las im\u00e1genes pueden enviarse mediante un mensaje directo a las redes sociales del Museo o por correo electr\u00f3nico. El arte se encuentra en muchos lugares, desde <b>la r\u00e9plica de un cuadro o una postal<\/b>, hasta<b> unos pentiendes o unos calcetines<\/b>.<\/p>\n<p>Todas las fotograf\u00edas recibidas <b>se integrar\u00e1n en un mapa afectivo <\/b>y plural que visibilizar\u00e1 c\u00f3mo el <b>Museo del Prado vive en la vida cotidiana de la sociedad<\/b>, convirti\u00e9ndose en un homenaje colectivo a su relaci\u00f3n cercana con el p\u00fablico.<\/p>\n<p>S\u00edguenos en nuestro <a title=\"canal de WhatsApp\" href=\"https:\/\/www.whatsapp.com\/channel\/0029Va6BhYH2phHPnlatwW3b\" target=\"_blank\" rel=\"nofollow noopener\"><strong>canal de WhatsApp<\/strong><\/a> y no te pierdas la \u00faltima hora y toda la actualidad en nuestro <b><a title=\"perfil de Google\" href=\"https:\/\/profile.google.com\/cp\/CgovbS8wMngwNnFy\" target=\"_blank\" rel=\"nofollow noopener\">perfil de Google<\/a>.<\/b><\/p>\n<p>Puedes ver el informativo completo &#8216;Noticias 2&#8217; en <b><a title=\"Atresplayer\" href=\"https:\/\/www.atresplayer.com\/antena3\/noticias\/noticias-1\/\" target=\"_blank\" rel=\"nofollow noopener\">Atresplayer<\/a><\/b>.<\/p>\n<p>   <img decoding=\"async\" title=\"Portada del nuevo disco de Rosal\u00eda, 'Lux'\" alt=\"Portada del nuevo disco de Rosal\u00eda, 'Lux'\" width=\"480\" height=\"270\" src=\"https:\/\/www.europesays.com\/es\/wp-content\/uploads\/2025\/11\/portada-nuevo-disco-rosalia-lux_70.jpg\" loading=\"lazy\" class=\"lazy\"\/><\/p>\n","protected":false},"excerpt":{"rendered":"La presencia del Museo del Prado se extiende mucho m\u00e1s all\u00e1 de sus salas. Sus obras, reproducidas en&hellip;\n","protected":false},"author":2,"featured_media":237123,"comment_status":"","ping_status":"","sticky":false,"template":"","format":"standard","meta":{"footnotes":""},"categories":[173],"tags":[229,233,231,230,232,234,146,147,25,24,23],"class_list":{"0":"post-237122","1":"post","2":"type-post","3":"status-publish","4":"format-standard","5":"has-post-thumbnail","7":"category-arte-y-diseno","8":"tag-arte","9":"tag-arte-y-diseno","10":"tag-arts","11":"tag-arts-and-design","12":"tag-design","13":"tag-diseno","14":"tag-entertainment","15":"tag-entretenimiento","16":"tag-es","17":"tag-espana","18":"tag-spain"},"share_on_mastodon":{"url":"https:\/\/pubeurope.com\/@es\/115553041427886538","error":""},"_links":{"self":[{"href":"https:\/\/www.europesays.com\/es\/wp-json\/wp\/v2\/posts\/237122","targetHints":{"allow":["GET"]}}],"collection":[{"href":"https:\/\/www.europesays.com\/es\/wp-json\/wp\/v2\/posts"}],"about":[{"href":"https:\/\/www.europesays.com\/es\/wp-json\/wp\/v2\/types\/post"}],"author":[{"embeddable":true,"href":"https:\/\/www.europesays.com\/es\/wp-json\/wp\/v2\/users\/2"}],"replies":[{"embeddable":true,"href":"https:\/\/www.europesays.com\/es\/wp-json\/wp\/v2\/comments?post=237122"}],"version-history":[{"count":0,"href":"https:\/\/www.europesays.com\/es\/wp-json\/wp\/v2\/posts\/237122\/revisions"}],"wp:featuredmedia":[{"embeddable":true,"href":"https:\/\/www.europesays.com\/es\/wp-json\/wp\/v2\/media\/237123"}],"wp:attachment":[{"href":"https:\/\/www.europesays.com\/es\/wp-json\/wp\/v2\/media?parent=237122"}],"wp:term":[{"taxonomy":"category","embeddable":true,"href":"https:\/\/www.europesays.com\/es\/wp-json\/wp\/v2\/categories?post=237122"},{"taxonomy":"post_tag","embeddable":true,"href":"https:\/\/www.europesays.com\/es\/wp-json\/wp\/v2\/tags?post=237122"}],"curies":[{"name":"wp","href":"https:\/\/api.w.org\/{rel}","templated":true}]}}