{"id":237411,"date":"2025-11-15T13:21:11","date_gmt":"2025-11-15T13:21:11","guid":{"rendered":"https:\/\/www.europesays.com\/es\/237411\/"},"modified":"2025-11-15T13:21:11","modified_gmt":"2025-11-15T13:21:11","slug":"medicos-de-toda-espana-exigen-bajo-la-lluvia-la-dimision-de-monica-garcia","status":"publish","type":"post","link":"https:\/\/www.europesays.com\/es\/237411\/","title":{"rendered":"M\u00e9dicos de toda Espa\u00f1a exigen bajo la lluvia la dimisi\u00f3n de M\u00f3nica Garc\u00eda"},"content":{"rendered":"<p style=\"\">A menos de un mes de que los m\u00e9dicos espa\u00f1oles vayan a una <strong>huelga de cuatro d\u00edas contra el Estatuto Marco<\/strong> que prepara el Ministerio de Sanidad, m\u00e9dicos de toda Espa\u00f1a \u2014unos 3.000 seg\u00fan los organizadores\u2014 se han manifestado <a href=\"https:\/\/www.abc.es\/sociedad\/medicos-madrid-escenifican-huelga-frente-ministerio-sanidad-20251003114023-nt.html\" target=\"_self\" data-voc-vtm-id=\"in-text-traffic\" title=\"en las calles de Madrid\" data-mrf-link=\"www.abc.es\" rel=\"nofollow noopener\">en las calles de Madrid<\/a> &#8230;  para pedir la dimisi\u00f3n de M\u00f3nica Garc\u00eda. Los facultativos censuran el Estatuto Marco -la norma que regula las condiciones laborales del personal sanitario- que prepara Sanidad y han exigido una norma propia que recoja sus particularidades.<\/p>\n<p class=\"voc-p\" style=\"\">Muchas de sus reivindicaciones, han recordado, las defend\u00eda la actual ministra antes de ocupar el puesto de responsabilidad. \u00abM\u00f3nica, traidora, vete ya\u00bb, <strong>\u00abM\u00f3nica dimite, los m\u00e9dicos no te admiten\u00bb<\/strong> o \u00abM\u00f3nica, escucha, esta era tu lucha\u00bb han sido algunos de los c\u00e1nticos que los profesionales han dedicado a Garc\u00eda durante la manifestaci\u00f3n, convocada por la Confederaci\u00f3n Estatal de Sindicatos M\u00e9dicos (CESM) y el Sindicato M\u00e9dico Andaluz (SMA) y por la que las batas blancas han marchado desde el Congreso de los Diputados hasta el Ministerio de Sanidad en una jornada marcada por la lluvia en la capital.<\/p>\n<p class=\"voc-p\" style=\"\">Venidos desde Castilla-La Mancha, Castilla y Le\u00f3n, Canarias, Comunidad Valenciana o Murcia, entre otras, han clamado contra la sobrecarga de trabajo a la que se enfrentan a diaria o las guardias. Tambi\u00e9n contra los sueldos, que han tachado de \u00abmedievales\u00bb y que lamentan que est\u00e9n muy por debajo de los de sus compa\u00f1eros europeos. <\/p>\n<p class=\"voc-p\" style=\"\">\u00ab\u00bfD\u00f3nde est\u00e1 mi sueldo de ministro?\u00bb, han coreado tambi\u00e9n los facultativos, que han venido de pr\u00e1cticamente todas las comunidades aut\u00f3nomas convocados por los sindicatos m\u00e9dicos. Se refer\u00edan con este c\u00e1ntico a las pol\u00e9micas declaraciones que la ministra de Sanidad realiz\u00f3 cuando los profesionales empezaron a manifestar su rechazo a la propuesta de Estatuto Marco, en las que dijo los facultativos en Espa\u00f1a no estaban mal pagados y cobraban de media como un ministro. Por esas palabras la dirigente tuvo que rectificar.<\/p>\n<p>\nGuardias y remuneraci\u00f3n\n<\/p>\n<p class=\"voc-p\" style=\"\">La principal reclamaci\u00f3n de los m\u00e9dicos pasa por tener un estatuto propio de la profesi\u00f3n, es decir, que sus condiciones no se regulen en el Estatuto Marco de todo el personal sanitario que prepara Sanidad, sino en uno espec\u00edfico para facultativos en cuya negociaci\u00f3n tengan voz. En esta l\u00ednea, durante estos meses de reuniones han criticado con insistencia en que en el actual \u00e1mbito de negociaci\u00f3n no se vela por sus intereses, sino que el peso lo llevan <a href=\"https:\/\/www.abc.es\/sociedad\/sindicatos-plantan-monica-garcia-cuenta-atras-negociar-20250903123445-nt.html\" target=\"_self\" data-voc-vtm-id=\"in-text-traffic\" title=\"sindicatos\" data-mrf-link=\"www.abc.es\" rel=\"nofollow noopener\">sindicatos<\/a> como UGT, CCOO o CSIF.<\/p>\n<p class=\"voc-p\" style=\"\">Adem\u00e1s, de la propuesta de Sanidad consideran que muchos aspectos empeoran sus condiciones laborales. La jornada laboral -m\u00e1s amplia que la de otras categor\u00edas del personal sanitario-, las horas de guardias y su remuneraci\u00f3n (actualmente esas jornadas no cotizan para la jubilaci\u00f3n y se pagan por debajo de la hora ordinaria) o una reclasificaci\u00f3n profesional en la que se reconozcan su formaci\u00f3n y responsabilidades.<\/p>\n<p class=\"voc-p\" style=\"\">Frente a la sede del ministerio, los representantes de los sindicatos convocantes han le\u00eddo un manifiesto con sus reivindicaciones. V\u00edctor Pedrera, secretario general de CESM, ha resumido as\u00ed sus reclamaciones: un marco normativo propio, un \u00e1mbito de negociaci\u00f3n espec\u00edfico, una clasificaci\u00f3n profesional que reconozca la formaci\u00f3n y responsabilidad, una regulaci\u00f3n justa de la jubilaci\u00f3n, una jornada m\u00e1xima de 35 horas y garant\u00edas efectivas de descanso y conciliaci\u00f3n. \u00abUnas condiciones que reconozcan los especiales requisitos de formaci\u00f3n profesional y desempe\u00f1o laboral de los profesionales y que mejoren la forma en la que los profesionales prestan su atenci\u00f3n a diario a los pacientes\u00bb, ha resaltado.<\/p>\n<p class=\"voc-p\" style=\"\">Los m\u00e9dicos, ha insistido el secretario general de CESM, han hecho llegar estas reclamaciones a la ministra en varias ocasiones \u00abcon resultado infructuoso, ya que no muestra intenci\u00f3n de tomar en consideraci\u00f3n nuestras reclamaciones, ni en encuentros directos ni en el \u00e1mbito de negociaci\u00f3n\u00bb.<\/p>\n<p class=\"voc-p\" style=\"\">Es la segunda vez que los m\u00e9dicos <a href=\"https:\/\/www.abc.es\/sociedad\/5000-medicos-espana-protestan-madrid-vocacion-explotacion-20250405161452-nt.html\" target=\"_self\" data-voc-vtm-id=\"in-text-traffic\" title=\"salen de forma masiva\" data-mrf-link=\"www.abc.es\" rel=\"nofollow noopener\">salen de forma masiva<\/a> a las calles desde que M\u00f3nica Garc\u00eda avanz\u00f3 el contenido de su propuesta de Estatuto Marco. Adem\u00e1s, la huelga prevista para la segunda semana de diciembre es la tercera que convocan los facultativos, que ya pararon en junio y el mes pasado.<\/p>\n<p><img decoding=\"async\" loading=\"lazy\" src=\"https:\/\/www.europesays.com\/es\/wp-content\/uploads\/2025\/11\/1503045117-U54450467554rCx-760x427@diario_abc.jpg\" class=\"voc-img\" width=\"760\" height=\"427\" alt=\"Cabecera de la manifestaci\u00f3n de los m\u00e9dicos esta ma\u00f1ana en Madrid\" data-voc-vtm-id=\"in-text-traffic\"\/><\/p>\n<p>Cabecera de la manifestaci\u00f3n de los m\u00e9dicos esta ma\u00f1ana en Madrid<\/p>\n<p>T. Sieira<\/p>\n<p>\nGarc\u00eda contra Ayuso\n<\/p>\n<p class=\"voc-p\" style=\"\">La ministra de Sanidad, por su parte, ha contraprogramado la manifestaci\u00f3n con un acto de su partido, M\u00e1s Madrid, en el que junto a su n\u00famero dos, Javier Padilla, ha destacado \u00ablos avances\u00bb de su departamento desde que asumi\u00f3 la cartera. De este acto se han acordado tambi\u00e9n los facultativos durante la marcha. \u00abM\u00f3nica y Padilla, dos a\u00f1os de pesadilla\u00bb, han gritado. <\/p>\n<p class=\"voc-p\" style=\"\">Durante el acto, Garc\u00eda ha cargado contra la presidenta de la Comunidad de Madrid, Isabel D\u00edaz Ayuso, por negarse a crear el registro de objetores al aborto. La ministra ha acusado a la dirigente madrile\u00f1a de \u00abtrumpista\u00bb y de \u00abrebeli\u00f3n\u00bb por negarse a elaborar el listado. El Ministerio de Sanidad afirma que llevar\u00e1 la decisi\u00f3n a los tribunales e iniciar\u00e1n los tr\u00e1mites ante el Contencioso-Administrativo. En cuanto a la manifestaci\u00f3n, la ministra se ha limitado a se\u00f1alar que esta semana se ha reunido con los facultativos: \u00abEn el Estatuto Marco los sanitarios ver\u00e1n plasmadas todas sus reivindicaciones, como la disminuci\u00f3n de las guardias y de la jornada\u00bb. M\u00f3nica Garc\u00eda ha vuelto a defender as\u00ed su propuesta, al tiempo que ha desviado la atenci\u00f3n hacia Ayuso, a quien ha acusado de \u00abtrocear la atenci\u00f3n primaria\u00bb.<\/p>\n","protected":false},"excerpt":{"rendered":"A menos de un mes de que los m\u00e9dicos espa\u00f1oles vayan a una huelga de cuatro d\u00edas contra&hellip;\n","protected":false},"author":2,"featured_media":237412,"comment_status":"","ping_status":"","sticky":false,"template":"","format":"standard","meta":{"footnotes":""},"categories":[8],"tags":[7569,17,18,11723,25,24,29455,13,14,3142,11,19,20,1479,6016,21317,9,10,15,16,23,12,21,22],"class_list":{"0":"post-237411","1":"post","2":"type-post","3":"status-publish","4":"format-standard","5":"has-post-thumbnail","7":"category-espana","8":"tag-bajo","9":"tag-breaking-news","10":"tag-breakingnews","11":"tag-dimision","12":"tag-es","13":"tag-espana","14":"tag-exigen","15":"tag-featured-news","16":"tag-featurednews","17":"tag-garcia","18":"tag-headlines","19":"tag-latest-news","20":"tag-latestnews","21":"tag-lluvia","22":"tag-medicos","23":"tag-monica","24":"tag-news","25":"tag-noticias","26":"tag-noticias-destacadas","27":"tag-noticiasdestacadas","28":"tag-spain","29":"tag-titulares","30":"tag-ultimas-noticias","31":"tag-ultimasnoticias"},"share_on_mastodon":{"url":"","error":""},"_links":{"self":[{"href":"https:\/\/www.europesays.com\/es\/wp-json\/wp\/v2\/posts\/237411","targetHints":{"allow":["GET"]}}],"collection":[{"href":"https:\/\/www.europesays.com\/es\/wp-json\/wp\/v2\/posts"}],"about":[{"href":"https:\/\/www.europesays.com\/es\/wp-json\/wp\/v2\/types\/post"}],"author":[{"embeddable":true,"href":"https:\/\/www.europesays.com\/es\/wp-json\/wp\/v2\/users\/2"}],"replies":[{"embeddable":true,"href":"https:\/\/www.europesays.com\/es\/wp-json\/wp\/v2\/comments?post=237411"}],"version-history":[{"count":0,"href":"https:\/\/www.europesays.com\/es\/wp-json\/wp\/v2\/posts\/237411\/revisions"}],"wp:featuredmedia":[{"embeddable":true,"href":"https:\/\/www.europesays.com\/es\/wp-json\/wp\/v2\/media\/237412"}],"wp:attachment":[{"href":"https:\/\/www.europesays.com\/es\/wp-json\/wp\/v2\/media?parent=237411"}],"wp:term":[{"taxonomy":"category","embeddable":true,"href":"https:\/\/www.europesays.com\/es\/wp-json\/wp\/v2\/categories?post=237411"},{"taxonomy":"post_tag","embeddable":true,"href":"https:\/\/www.europesays.com\/es\/wp-json\/wp\/v2\/tags?post=237411"}],"curies":[{"name":"wp","href":"https:\/\/api.w.org\/{rel}","templated":true}]}}