{"id":237460,"date":"2025-11-15T14:03:07","date_gmt":"2025-11-15T14:03:07","guid":{"rendered":"https:\/\/www.europesays.com\/es\/237460\/"},"modified":"2025-11-15T14:03:07","modified_gmt":"2025-11-15T14:03:07","slug":"el-octogenario-acusado-por-la-muerte-de-encarnita-polo-se-encuentra-bajo-custodia-policial-en-un-centro-psiquiatrico-el-mundo","status":"publish","type":"post","link":"https:\/\/www.europesays.com\/es\/237460\/","title":{"rendered":"El octogenario acusado por la muerte de Encarnita Polo se encuentra bajo custodia policial en un centro psiqui\u00e1trico &#8211; El Mundo"},"content":{"rendered":"<ol>\n<li><a href=\"https:\/\/news.google.com\/rss\/articles\/CBMihAFBVV95cUxNbjNVVHpKMVA4aE5LN0toSlhVVkFydjRpS09WYnJiSUJtQUJXVkNCNnRBZ25DNjIwbmlYWFZYX2ZWT2Y4d0d5VExwTnR5ZUxVaklJaUExVXppc0U1QmxMRklsdVlhRWFaVVZpTC1KTDJJdDF2RmpVV3hpejBfTzRjb3ltVFM?oc=5\" target=\"_blank\" rel=\"nofollow noopener\">El octogenario acusado por la muerte de Encarnita Polo se encuentra bajo custodia policial en un centro psiqui\u00e1trico<\/a>&nbsp;&nbsp;El Mundo<\/li>\n<li><a href=\"https:\/\/news.google.com\/rss\/articles\/CBMisgFBVV95cUxPZjJRbGg0b0hfMF9USUdLLVFtdU5KU3QtS2R6NTdIZGRwcy1IMGk1X3Q5S1BoREE3ZjdtMklGLXpQZ2E5MDcwc1FsWXRhbkxLMkxTa2J0VXQ1aHlobnJwbzVCVFp3VzZ3ejRxYWItRERUa1FlTnpJTDZJNmp0TjlPMS1FMHc1N2N6Q1k5SWJlbmxjSGFKRWVCN2MwQ05xVWRGemVQbFFSODZzQXIwekNnZ1ZB?oc=5\" target=\"_blank\" rel=\"nofollow noopener\">Encarnita Polo, icono popular con un legado que trasciende los t\u00f3picos<\/a>&nbsp;&nbsp;EL PA\u00cdS<\/li>\n<li><a href=\"https:\/\/news.google.com\/rss\/articles\/CBMi6wFBVV95cUxPQjRuM0ZZYXQzM3pXQWpOc1dJNnRQX3NrUExRY1dsV2RlQ0ZPakp2S3VMRV9BT3FpdnhlU1JyRDA0dEQ4Vzl5YjhOLVl1Zkl2cmhFUTR1cU5HNDJjWmluWUc4ZDZmRHltdUN0bXE4X1F4cnRCaW1xR1ZLWFVab1g4SHNyV1dzU20wRU1LZzQ1S0FCNmJUTWJYZGlSY3MtR085RThKNUJQX2dKSGlQMjV4WXYyYlA4cE5TYU5KTlktZU1JdVM3VWtZaUl4VTc1eXNVQnFkWmdjdjhkdmlXZEVxNnNVTEplZ3B5dWRr0gGHAkFVX3lxTE1OYTFEUTI5Z2l4NTF1NS1CcUxWQmc0OE84SG1ZWnl2Zjd4bkpYVnpqYm1vNHlyODE2bjIxT3ViOTNVMl9zell1dFh3V2hqN0tPMkh4UnlmOUV1ZTRkbldyZjNaaDZCRGJTTktvVkhZUUxVXzhnNnNVNk9qbGEtaGd6TzRoSmc2R1FnTzhmWW9pVm5QeEpBaXhVdXE2V1U5VHNrOXZOY21qQmI3S2J2YXlYbUlCMlhBUE5WSkVhazJVTjlBNVBwRXNfTlhoaDNJNmk4b0hNcDRudEhsMnc3Q04xbHBUT0xKTFRSenp5dUNRaXViamladk9kWXhqUDIwMTNobDBFUnFZ?oc=5\" target=\"_blank\" rel=\"nofollow noopener\">El octogenario acusado de estrangular a Encarnita Polo, bajo custodia policial<\/a>&nbsp;&nbsp;La Voz de Galicia<\/li>\n<li><a href=\"https:\/\/news.google.com\/rss\/articles\/CBMiugFBVV95cUxQejBJS2xIS255eGVqcldZZ2JvZ25EX2xYMzR3Z2lqX2t4eEtDZ2VDTy1KTjRZTC1iTWFtbWJydkJ5VnYyZTBXdDItVGdkVWZEc1pRQVlDWi1LdlczMG5wZzNvSHRpT21tV1ZtaVNCTEo5RExPSnQySGM0TjIybWdUbDV0ZnZfelNRZmZyc3hiZ3FKMkp1bGhjMnAwMG55ellob1YwSnRJLXRJdVRUeW1BZ1U5MzFGaFM2Tnc?oc=5\" target=\"_blank\" rel=\"nofollow noopener\">Los \u00faltimos a\u00f1os de Encarnita Polo: as\u00ed viv\u00eda la cantante de &#8216;Paco, Paco, Paco&#8217; antes de su tr\u00e1gica muerte en \u00c1vila<\/a>&nbsp;&nbsp;Vanitatis<\/li>\n<li><a href=\"https:\/\/news.google.com\/rss\/articles\/CBMisAFBVV95cUxOdXE2ZHhObnpjMTc2d1pVV3ZuTXc4ZmZhMndHaVlIZDBMYXFyT2JnV2NBeW5LcjJKRHRoU0pINklfWFVrbWR2NVUwcVVnYlVLN2FXajAwX1k1c1d6S05yckxTZlE4NnRWdmZiRnJiXzIwZkh4ekZfME9ZTl9XazdlSlNsWU9GczNQOS1OODRRSmxhRmR3ZWNoZHo5Mm1IRnhGeHJsZWxtMHMwOHVWVlpVZw?oc=5\" target=\"_blank\" rel=\"nofollow noopener\">Encarnita Polo, una vida en im\u00e1genes<\/a>&nbsp;&nbsp;La Voz de Galicia<\/li>\n<\/ol>\n","protected":false},"excerpt":{"rendered":"El octogenario acusado por la muerte de Encarnita Polo se encuentra bajo custodia policial en un centro psiqui\u00e1trico&nbsp;&nbsp;El&hellip;\n","protected":false},"author":2,"featured_media":237461,"comment_status":"","ping_status":"","sticky":false,"template":"","format":"standard","meta":{"footnotes":""},"categories":[91],"tags":[10593,146,147,25,24,23],"class_list":{"0":"post-237460","1":"post","2":"type-post","3":"status-publish","4":"format-standard","5":"has-post-thumbnail","7":"category-entretenimiento","8":"tag-cultura-musica","9":"tag-entertainment","10":"tag-entretenimiento","11":"tag-es","12":"tag-espana","13":"tag-spain"},"share_on_mastodon":{"url":"https:\/\/pubeurope.com\/@es\/115554091225695346","error":""},"_links":{"self":[{"href":"https:\/\/www.europesays.com\/es\/wp-json\/wp\/v2\/posts\/237460","targetHints":{"allow":["GET"]}}],"collection":[{"href":"https:\/\/www.europesays.com\/es\/wp-json\/wp\/v2\/posts"}],"about":[{"href":"https:\/\/www.europesays.com\/es\/wp-json\/wp\/v2\/types\/post"}],"author":[{"embeddable":true,"href":"https:\/\/www.europesays.com\/es\/wp-json\/wp\/v2\/users\/2"}],"replies":[{"embeddable":true,"href":"https:\/\/www.europesays.com\/es\/wp-json\/wp\/v2\/comments?post=237460"}],"version-history":[{"count":0,"href":"https:\/\/www.europesays.com\/es\/wp-json\/wp\/v2\/posts\/237460\/revisions"}],"wp:featuredmedia":[{"embeddable":true,"href":"https:\/\/www.europesays.com\/es\/wp-json\/wp\/v2\/media\/237461"}],"wp:attachment":[{"href":"https:\/\/www.europesays.com\/es\/wp-json\/wp\/v2\/media?parent=237460"}],"wp:term":[{"taxonomy":"category","embeddable":true,"href":"https:\/\/www.europesays.com\/es\/wp-json\/wp\/v2\/categories?post=237460"},{"taxonomy":"post_tag","embeddable":true,"href":"https:\/\/www.europesays.com\/es\/wp-json\/wp\/v2\/tags?post=237460"}],"curies":[{"name":"wp","href":"https:\/\/api.w.org\/{rel}","templated":true}]}}