{"id":237501,"date":"2025-11-15T14:37:12","date_gmt":"2025-11-15T14:37:12","guid":{"rendered":"https:\/\/www.europesays.com\/es\/237501\/"},"modified":"2025-11-15T14:37:12","modified_gmt":"2025-11-15T14:37:12","slug":"carlos-de-andres-y-el-posible-despido-de-pedro-delgado-de","status":"publish","type":"post","link":"https:\/\/www.europesays.com\/es\/237501\/","title":{"rendered":"Carlos de Andr\u00e9s y el posible despido de Pedro Delgado de&#8230;"},"content":{"rendered":"<p>                    \u201c\u00c9l es mi amigo y, aunque discrepe de la manera en que piensa, no por eso va a dejar de serlo\u00bb<\/p>\n<p class=\"c-news-list__author\">Redacci\u00f3n Ciclismo a fondo<\/p>\n<p class=\"c-mainarticle__date\">\n<p>                    15 de noviembre de 2025 (14:22 CET)<\/p>\n<p>                                                                                                                                        <img fetchpriority=\"high\" decoding=\"async\" src=\"https:\/\/www.europesays.com\/es\/wp-content\/uploads\/2025\/11\/la-perico-2025-006410.jpeg\" alt=\"Pedro Delgado en la marcha cicloturista que lleva su nombre.\" title=\"Pedro Delgado en la marcha cicloturista que lleva su nombre.\" class=\"c-mainarticle__img\" loading=\"eager\" width=\"790\" height=\"454\"\/><\/p>\n<p>                    Pedro Delgado en la marcha cicloturista que lleva su nombre.<\/p>\n<p>Todos los l\u00edos de la Vuelta a Espa\u00f1a que no puedo acabar en Madrid por las protestas pro-palestinas todav\u00eda siguen coleando. En los c\u00edrculos ciclistas hay cierta expectaci\u00f3n por si Pedro Delgado continuar\u00e1 como en las \u00faltimas tres d\u00e9cadas como comentarista en las grandes carreras en Televisi\u00f3n Espa\u00f1ola tras sus declaraciones. En\u00a0la jornada final el ganador del Tour de Francia de 1988 culp\u00f3 a los pol\u00edticos de provocar una situaci\u00f3n que acab\u00f3 degerando en los disturbios que pararon una Vuelta que tuvo su podio final en un parking de un hotel en lugar de la Plaza de la Cibeles. Perico lanz\u00f3\u00a0una acusaci\u00f3n directa tras suspenderse la etapa final en una entrevista en OK Diario. \u00abAl final han provocado violencia contra violencia. Han demostrado que al final la guerra nunca va a acabar. Es algo lamentable. Da\u00f1a la imagen de la Vuelta y de Espa\u00f1a. La culpa es del Gobierno espa\u00f1ol\u00bb.<\/p>\n<p>Carlos de Andr\u00e9s, que junto a Pedro Delgado ha formado una pareja que ya es historia del ciclismo, ha dado su opinion sobre la situaci\u00f3n en el programa <strong>\u00abFuera Caretas\u00bb\u00a0con Manu Falc\u00f3n. <\/strong>El periodista catal\u00e1n neg\u00f2 que haya ninguna decisi\u00f3n tomada sobre la continuidad en TVE del campe\u00f3n segoviano.\u00a0\u201cA m\u00ed nadie me tiene que llamar para comunicarme. Supongo que lo har\u00e1n el d\u00eda que suceda, si es que tiene que suceder.\u00a0Nadie le ha dicho que no va a seguir, entonces entiendo que por qu\u00e9 no va a seguir\u201d. Sobre lo ocurrido en el pol\u00e9mico final de la Vuelta, el presentador dice que \u00abmeter excesiva pol\u00edtica en el deporte no s\u00e9 si es bueno o malo, pero era dif\u00edcil no expresar tus sentimientos en ese momento\u00bb.<\/p>\n<p>Ha querido dejar claro que pese a no compartir la misma opini\u00f3n en algunos temas Pedro Delgado es sobre todo su amigo y un profesional con el que disfruta trabajando.\u00a0<strong>\u201c\u00c9l es mi amigo y, aunque discrepe de la manera en que piensa, no por eso va a dejar de serlo. Perico tiene su opini\u00f3n y yo la m\u00eda. TVE siempre nos dio mucha libertad. Es la persona con la que me siento m\u00e1s c\u00f3modo comentando una carrera y espero seguir haci\u00e9ndolo\u201d.<\/strong><\/p>\n<p>&#13;<br \/>\n&#13;<br \/>\n&#13;<br \/>\n\u00abFuera caretas\u00bb con Carlos de Andr\u00e9s&#13;<\/p>\n<p>\u00a0<\/p>\n<p>\u00a0<\/p>\n<p>\u00a0<\/p>\n<p>\u00a0<\/p>\n","protected":false},"excerpt":{"rendered":"\u201c\u00c9l es mi amigo y, aunque discrepe de la manera en que piensa, no por eso va a&hellip;\n","protected":false},"author":2,"featured_media":237502,"comment_status":"","ping_status":"","sticky":false,"template":"","format":"standard","meta":{"footnotes":""},"categories":[273],"tags":[313,312,168,25,24,23,167],"class_list":{"0":"post-237501","1":"post","2":"type-post","3":"status-publish","4":"format-standard","5":"has-post-thumbnail","7":"category-ciclismo","8":"tag-ciclismo","9":"tag-cycling","10":"tag-deportes","11":"tag-es","12":"tag-espana","13":"tag-spain","14":"tag-sports"},"share_on_mastodon":{"url":"https:\/\/pubeurope.com\/@es\/115554225225854458","error":""},"_links":{"self":[{"href":"https:\/\/www.europesays.com\/es\/wp-json\/wp\/v2\/posts\/237501","targetHints":{"allow":["GET"]}}],"collection":[{"href":"https:\/\/www.europesays.com\/es\/wp-json\/wp\/v2\/posts"}],"about":[{"href":"https:\/\/www.europesays.com\/es\/wp-json\/wp\/v2\/types\/post"}],"author":[{"embeddable":true,"href":"https:\/\/www.europesays.com\/es\/wp-json\/wp\/v2\/users\/2"}],"replies":[{"embeddable":true,"href":"https:\/\/www.europesays.com\/es\/wp-json\/wp\/v2\/comments?post=237501"}],"version-history":[{"count":0,"href":"https:\/\/www.europesays.com\/es\/wp-json\/wp\/v2\/posts\/237501\/revisions"}],"wp:featuredmedia":[{"embeddable":true,"href":"https:\/\/www.europesays.com\/es\/wp-json\/wp\/v2\/media\/237502"}],"wp:attachment":[{"href":"https:\/\/www.europesays.com\/es\/wp-json\/wp\/v2\/media?parent=237501"}],"wp:term":[{"taxonomy":"category","embeddable":true,"href":"https:\/\/www.europesays.com\/es\/wp-json\/wp\/v2\/categories?post=237501"},{"taxonomy":"post_tag","embeddable":true,"href":"https:\/\/www.europesays.com\/es\/wp-json\/wp\/v2\/tags?post=237501"}],"curies":[{"name":"wp","href":"https:\/\/api.w.org\/{rel}","templated":true}]}}