{"id":237505,"date":"2025-11-15T14:40:13","date_gmt":"2025-11-15T14:40:13","guid":{"rendered":"https:\/\/www.europesays.com\/es\/237505\/"},"modified":"2025-11-15T14:40:13","modified_gmt":"2025-11-15T14:40:13","slug":"el-valencia-de-lim-pierde-su-nivel-internacional","status":"publish","type":"post","link":"https:\/\/www.europesays.com\/es\/237505\/","title":{"rendered":"El Valencia de Lim pierde su nivel internacional"},"content":{"rendered":"<p class=\"ft-text\"><strong>La <\/strong><a class=\"ft-link ft-link--decoration\" href=\"https:\/\/www.superdeporte.es\/tags\/seleccion-espanola\/\" rel=\"nofollow noopener\" target=\"_blank\"><strong>Selecci\u00f3n Espa\u00f1ola<\/strong><\/a><strong> se mide esta tarde, a las 18:00, a Georgia<\/strong> en un duelo clave para asegurar la clasificaci\u00f3n al <strong>Mundial de Estados Unidos, M\u00e9xico y Canada de 2026<\/strong>. Sin embargo, en la lista de convocados de <strong>Luis de la Fuente<\/strong> no aparece ning\u00fan futbolista del <strong>Valencia CF<\/strong>. Una imagen que, aunque pueda sorprender por la historia del club, <strong>se ha convertido en la nueva normalidad<\/strong> para una entidad que atraviesa uno de los periodos m\u00e1s complicados de su trayectoria.<\/p>\n<p>La roja, sin rastro valencianista<\/p>\n<p class=\"ft-text\">El actual nivel competitivo del Valencia, muy por debajo de lo esperado en las \u00faltimas campa\u00f1as, <strong>ha reducido su aportaci\u00f3n<\/strong> a una selecci\u00f3n que vive un momento de m\u00e1ximo rendimiento y solidez. <strong>Espa\u00f1a, acostumbrada a nutrirse de jugadores blanquinegros especialmente durante su \u00e9poca dorada <\/strong>(como en el Mundial de 2010 o la Eurocopa de 2008), afronta esta ventana internacional sin representaci\u00f3n valencianista.<\/p>\n<p class=\"ft-text\">La tendencia no es reciente: <strong>coincide con el declive deportivo del club durante el \u00faltimo sexenio<\/strong>. El n\u00famero de convocados ha ca\u00eddo de forma progresiva. <strong>El \u00faltimo en ser llamado fue Pepelu, citado al inicio de la temporada 2024\/25, aunque no lleg\u00f3 a debutar<\/strong>. Otros nombres habituales en categor\u00edas inferiores, como Javi Guerra, Diego L\u00f3pez o C\u00e9sar T\u00e1rrega, tampoco figuran ya en la sub-21 al haber superado el l\u00edmite de edad establecido.<\/p>\n<p><img decoding=\"async\" src=\"https:\/\/www.europesays.com\/es\/wp-content\/uploads\/2025\/11\/9e0ac54a-e1f8-454a-a29c-3f7acf1f81b7_alta-libre-aspect-ratio_default_0.jpg\" width=\"1200\" height=\"675\" alt=\"Pepelu en su primer d\u00eda en la absoluta\" class=\"ft-helper-img-rd\" loading=\"lazy\"\/><\/p>\n<p class=\"ft-helper-fontColor-quaternary ft-helper-fontSize-body-S ft-helper-spacer-t-xxs\">Pepelu en su primer d\u00eda en la absoluta  \/ RFEF<\/p>\n<p>La ca\u00edda de referentes<\/p>\n<p class=\"ft-text\">En temporadas anteriores, <a class=\"ft-link ft-link--decoration\" href=\"https:\/\/www.superdeporte.es\/tags\/gaya\/\" rel=\"nofollow noopener\" target=\"_blank\"><strong>Jos\u00e9 Gay\u00e0<\/strong><\/a><strong> era un fijo en las convocatorias de la absoluta<\/strong>. Su regularidad, liderazgo y rendimiento lo consolidaron como uno de los laterales con m\u00e1s peso en la estructura de la selecci\u00f3n. Sin embargo, <strong>el bajo nivel colectivo del Valencia y la irregularidad mostrada por el propio jugador en las \u00faltimas campa\u00f1as<\/strong> han provocado que el capit\u00e1n tampoco entre en los planes de De la Fuente.<\/p>\n<p><img decoding=\"async\" src=\"https:\/\/www.europesays.com\/es\/wp-content\/uploads\/2025\/11\/a67bb060-0f13-4db1-b3e1-3d12bea5bb5b_alta-libre-aspect-ratio_default_0.jpg\" width=\"1200\" height=\"800\" alt=\"Gay\u00e0 y Bernardo Silva pugnan por un bal\u00f3n en la banda\" class=\"ft-helper-img-rd\" loading=\"lazy\"\/><\/p>\n<p class=\"ft-helper-fontColor-quaternary ft-helper-fontSize-body-S ft-helper-spacer-t-xxs\">Gay\u00e0 y Bernardo Silva pugnan por un bal\u00f3n en la banda  \/ EFE<\/p>\n<p class=\"ft-text\"><strong>La ausencia de un referente nacional dentro del vestuario valencianista es un s\u00edntoma m\u00e1s de la erosi\u00f3n del proyecto deportivo<\/strong>, marcado por la falta de continuidad, la escasa inversi\u00f3n y la venta reiterada de jugadores de nivel.<\/p>\n<p>Tambi\u00e9n desaparece el peso internacional<\/p>\n<p class=\"ft-text\">El fen\u00f3meno no se limita a Espa\u00f1a. <strong>A nivel global, el Valencia tampoco cuenta con representantes de renombre en las principales selecciones<\/strong>. Tan solo <a class=\"ft-link ft-link--decoration\" href=\"https:\/\/www.superdeporte.es\/tags\/stole-dimitrievski\/\" rel=\"nofollow noopener\" target=\"_blank\"><strong>Dimitrievski<\/strong><\/a><strong> <\/strong>mantiene presencia con <strong>Macedonia del Norte<\/strong>, mientras que casos como el de <strong>Danjuma, que lleg\u00f3 a ser internacional con los Pa\u00edses Bajos, han quedado en el pasado<\/strong>. La plantilla actual, corta y sin grandes figuras, rara vez aparece en las convocatorias de selecciones de primer nivel.<\/p>\n<p>Un futuro condicionado por la falta de inversi\u00f3n<\/p>\n<p class=\"ft-text\"><strong>La escasa inversi\u00f3n en fichajes, la ausencia de jugadores diferenciales y la irregularidad deportiva han provocado que el Valencia no tenga hoy el peso internacional que s\u00ed pose\u00eda en otras etapas<\/strong>. El contraste con \u00e9pocas recientes, donde la cantera y las incorporaciones estrat\u00e9gicas con un elevado nivel permit\u00edan al club aportar varios nombres a la \u00e9lite, resulta especialmente llamativo. A d\u00eda de hoy, <strong>no queda rastro de aquel <\/strong><a class=\"ft-link ft-link--decoration\" href=\"https:\/\/www.superdeporte.es\/tags\/valencia-cf\/\" rel=\"nofollow noopener\" target=\"_blank\"><strong>Valencia <\/strong><\/a><strong>m\u00e1s all\u00e1 de los recuerdos y las im\u00e1genes que evocan tiempos mejores<\/strong>.<\/p>\n","protected":false},"excerpt":{"rendered":"La Selecci\u00f3n Espa\u00f1ola se mide esta tarde, a las 18:00, a Georgia en un duelo clave para asegurar&hellip;\n","protected":false},"author":2,"featured_media":237506,"comment_status":"","ping_status":"","sticky":false,"template":"","format":"standard","meta":{"footnotes":""},"categories":[268],"tags":[168,25,24,280,282,61,921,35537,3579,3457,281,23,167,235,5419],"class_list":{"0":"post-237505","1":"post","2":"type-post","3":"status-publish","4":"format-standard","5":"has-post-thumbnail","7":"category-futbol","8":"tag-deportes","9":"tag-es","10":"tag-espana","11":"tag-football","12":"tag-futbol","13":"tag-internacional","14":"tag-inversion","15":"tag-lim","16":"tag-nivel","17":"tag-pierde","18":"tag-soccer","19":"tag-spain","20":"tag-sports","21":"tag-valencia","22":"tag-valencia-cf"},"share_on_mastodon":{"url":"https:\/\/pubeurope.com\/@es\/115554237282802469","error":""},"_links":{"self":[{"href":"https:\/\/www.europesays.com\/es\/wp-json\/wp\/v2\/posts\/237505","targetHints":{"allow":["GET"]}}],"collection":[{"href":"https:\/\/www.europesays.com\/es\/wp-json\/wp\/v2\/posts"}],"about":[{"href":"https:\/\/www.europesays.com\/es\/wp-json\/wp\/v2\/types\/post"}],"author":[{"embeddable":true,"href":"https:\/\/www.europesays.com\/es\/wp-json\/wp\/v2\/users\/2"}],"replies":[{"embeddable":true,"href":"https:\/\/www.europesays.com\/es\/wp-json\/wp\/v2\/comments?post=237505"}],"version-history":[{"count":0,"href":"https:\/\/www.europesays.com\/es\/wp-json\/wp\/v2\/posts\/237505\/revisions"}],"wp:featuredmedia":[{"embeddable":true,"href":"https:\/\/www.europesays.com\/es\/wp-json\/wp\/v2\/media\/237506"}],"wp:attachment":[{"href":"https:\/\/www.europesays.com\/es\/wp-json\/wp\/v2\/media?parent=237505"}],"wp:term":[{"taxonomy":"category","embeddable":true,"href":"https:\/\/www.europesays.com\/es\/wp-json\/wp\/v2\/categories?post=237505"},{"taxonomy":"post_tag","embeddable":true,"href":"https:\/\/www.europesays.com\/es\/wp-json\/wp\/v2\/tags?post=237505"}],"curies":[{"name":"wp","href":"https:\/\/api.w.org\/{rel}","templated":true}]}}