{"id":237509,"date":"2025-11-15T14:42:21","date_gmt":"2025-11-15T14:42:21","guid":{"rendered":"https:\/\/www.europesays.com\/es\/237509\/"},"modified":"2025-11-15T14:42:21","modified_gmt":"2025-11-15T14:42:21","slug":"nueva-y-extraordinaria-exploracion-de-un-goya-mas-humano-que-nunca","status":"publish","type":"post","link":"https:\/\/www.europesays.com\/es\/237509\/","title":{"rendered":"Nueva y extraordinaria exploraci\u00f3n de un Goya m\u00e1s humano que nunca"},"content":{"rendered":"<p style=\"\">Todos estamos de acuerdo en que Francisco de Goya es uno de los genios universales de la pintura. Ha generado muchos estudios, pero, sin embargo, no se sabe todo de \u00e9l, su \u00e9poca, y su producci\u00f3n. La prestigiosa historiadora del arte Jesusa Vega nos ofrece,  &#8230; a las puertas de su bicentenario, un extraordinario y extenso ensayo, &#8216;Francisco de Goya, en familia&#8217;, donde vuelve a las fuentes originales para descubrirnos claves apenas conocidas, present\u00e1ndonos un Goya m\u00e1s humano que nunca. <a href=\"https:\/\/www.abc.es\/cultura\/cultural\/goya-humano-nunca-20251113090100-nt.html\" target=\"_self\" data-voc-vtm-id=\"in-text-traffic\" title=\"Conversamos con Jesusa Vega y acompa\u00f1amos la entrevista con\" data-mrf-link=\"www.abc.es\" rel=\"nofollow noopener\">Conversamos con Jesusa Vega y acompa\u00f1amos la entrevista con<\/a> la <a href=\"https:\/\/www.abc.es\/cultura\/cultural\/francisco-goya-familia-jesusa-vega-valor-detalle-20251113123315-nt.html\" target=\"_self\" data-voc-vtm-id=\"in-text-traffic\" title=\"cr\u00edtica de &#039;Francisco de Goya en familia\" data-mrf-link=\"www.abc.es\" rel=\"nofollow noopener\">cr\u00edtica de &#8216;Francisco de Goya en familia<\/a>&#8216;, publicado por el Instituto Juan Andr\u00e9s.<\/p>\n<p class=\"voc-p\" style=\"\">Por otro lado, los cr\u00edticos del suplemento analizan algunas de las m\u00e1s destacadas novedades editoriales. Entre otras, en Narrativa, &#8216;Vera. <a href=\"https:\/\/www.abc.es\/cultura\/cultural\/premio-planeta-novela-mala-vera-20251110113331-nt.html\" target=\"_self\" data-voc-vtm-id=\"in-text-traffic\" title=\"Una historia de amor&#039; (Planeta), de Juan del Val. El Premio Planeta 2025\" data-mrf-link=\"www.abc.es\" rel=\"nofollow noopener\">Una historia de amor&#8217; (Planeta), de Juan del Val. El Premio Planeta 2025<\/a> muestra la decadencia del galard\u00f3n; &#8216;El patio maldito&#8217; (Xordica), <a href=\"https:\/\/www.abc.es\/cultura\/cultural\/patio-maldito-ivo-andric-premio-nobel-cuentista-20251112093427-nt.html\" target=\"_self\" data-voc-vtm-id=\"in-text-traffic\" title=\"primera traducci\u00f3n al espa\u00f1ol de este conjunto de relatos del escritor bosnio Ivo Andric\" data-mrf-link=\"www.abc.es\" rel=\"nofollow noopener\">primera traducci\u00f3n al espa\u00f1ol de este conjunto de relatos del escritor bosnio Ivo Andric<\/a>; &#8216;El lago de la creaci\u00f3n&#8217; (AdN), de Rachel Kushner. La autora norteamericana da u<a href=\"https:\/\/www.abc.es\/cultura\/cultural\/lago-creacion-rachel-kushner-espia-amo-20251110123200-nt.html\" target=\"_self\" data-voc-vtm-id=\"in-text-traffic\" title=\"na vuelta de tuerca al g\u00e9nero de esp\u00edas.\" data-mrf-link=\"www.abc.es\" rel=\"nofollow noopener\">na vuelta de tuerca al g\u00e9nero de esp\u00edas.<\/a><a href=\"https:\/\/www.abc.es\/cultura\/cultural\/lago-creacion-rachel-kushner-espia-amo-20251110123200-nt.html\" target=\"_self\" data-voc-vtm-id=\"in-text-traffic\" title=\"\" data-mrf-link=\"www.abc.es\" rel=\"nofollow noopener\"><\/p>\n<p class=\"voc-p\" style=\"\">Tambi\u00e9n &#8216;Volver a casa&#8217; (Sajal\u00edn), <a href=\"https:\/\/www.abc.es\/cultura\/cultural\/volver-casa-chris-offutt-20251113132459-nt.html\" target=\"_self\" data-voc-vtm-id=\"in-text-traffic\" title=\"colecci\u00f3n de once relatos de Chris Offutt\" data-mrf-link=\"www.abc.es\" rel=\"nofollow noopener\">colecci\u00f3n de once relatos de Chris Offutt<\/a> donde va mostrando el espacio f\u00edsico y humano de la Am\u00e9rica profunda; &#8216;Astillas&#8217; (Anagrama)&#8217;. <a href=\"https:\/\/www.abc.es\/cultura\/cultural\/astillas-leslie-jamison-botella-biberon-20251104112440-nt.html\" target=\"_self\" data-voc-vtm-id=\"in-text-traffic\" title=\"Leslie Jaminson cambia las noches de borrachera\" data-mrf-link=\"www.abc.es\" rel=\"nofollow noopener\">Leslie Jaminson cambia las noches de borrachera<\/a> de &#8216;La huella de los d\u00edas&#8217; por madrugadas en vilo con su hija; <\/p>\n<p class=\"voc-p\" style=\"\">En Ensayo, &#8216;As\u00ed que pasen treinta a\u00f1os&#8217; (Alfaguara), en el que <a href=\"https:\/\/www.abc.es\/cultura\/cultural\/pasen-treinta-anos-javier-marias-lucidez-etica-20251113135826-nt.html\" target=\"_self\" data-voc-vtm-id=\"in-text-traffic\" title=\"se re\u00fanen los \u00faltimos art\u00edculos del a\u00f1orado Javier Mar\u00edas\" data-mrf-link=\"www.abc.es\" rel=\"nofollow noopener\">se re\u00fanen los \u00faltimos art\u00edculos del a\u00f1orado Javier Mar\u00edas<\/a>, que trazan el mapa de sus preocupaciones pol\u00edticas y sociales; &#8216;Pr\u00f3spero viento&#8217; (La Esfera de los Libros) <a href=\"https:\/\/www.abc.es\/cultura\/cultural\/prospero-viento-andres-trapiello-arrepentimiento-olvido-20251112220748-nt.html\" target=\"_self\" data-voc-vtm-id=\"in-text-traffic\" title=\"Andr\u00e9s Trapiello\" data-mrf-link=\"www.abc.es\" rel=\"nofollow noopener\">Andr\u00e9s Trapiello<\/a> nos recuerda en su \u00faltimo libro de cu\u00f1o autobiogr\u00e1fico la historia contada en pasos rescatados; &#8216;1975. Esta Espa\u00f1a viva, esta Espa\u00f1a muerta&#8217; (La Esfera de los Libros), de Jorge Vilches y &#8216;No hab\u00eda costumbre. Cr\u00f3nica de la muerte de Franco (Ladera Norte), de Miguel \u00c1ngel Aguilar. <a href=\"https:\/\/www.abc.es\/cultura\/cultural\/1975-espana-viva-espana-muerta-jorge-vilches-20251113125623-nt.html\" target=\"_self\" data-voc-vtm-id=\"in-text-traffic\" title=\"Coinciden en librer\u00edas dos trabajos con dos miradas para entender el momento decisivo,1975, en el que Espa\u00f1a cambi\u00f3 de piel.\" data-mrf-link=\"www.abc.es\" rel=\"nofollow noopener\">Coinciden en librer\u00edas dos trabajos con dos miradas para entender el momento decisivo,1975, en el que Espa\u00f1a cambi\u00f3 de piel.<\/a><\/p>\n<p class=\"voc-p\" style=\"\">Asimismo <a href=\"https:\/\/www.abc.es\/cultura\/cultural\/fulgor-ceniza-obra-javier-lostale-pedro-garcia-20251113214148-nt.html\" target=\"_self\" data-voc-vtm-id=\"in-text-traffic\" title=\"&#039;Fulgor y ceniza en la obra de Javier Lostal\u00e9&#039;\" data-mrf-link=\"www.abc.es\" rel=\"nofollow noopener\">&#8216;Fulgor y ceniza en la obra de Javier Lostal\u00e9&#8217;<\/a> (Ediciones En Huida), de Pedro Garc\u00eda Cueto. Recorrido por la obra de una las voces l\u00edricas esenciales de la d\u00e9cada de los a\u00f1os setenta del pasado siglo, que es tambi\u00e9n un homenaje al codirector del m\u00edtico programa radiof\u00f3nico &#8216;La estaci\u00f3n azul&#8217;; y &#8216;<a href=\"https:\/\/www.abc.es\/cultura\/cultural\/europa-libertades-europa-extremas-derechas-juan-pedro-20251113223903-nt.html\" target=\"_self\" data-voc-vtm-id=\"in-text-traffic\" title=\"De la Europa de las libertades a la Europa de las extremas derechas&#039; (Guillermo Escolar), de Juan Pedro Qui\u00f1onero.\" data-mrf-link=\"www.abc.es\" rel=\"nofollow noopener\">De la Europa de las libertades a la Europa de las extremas derechas&#8217; (Guillermo Escolar), de Juan Pedro Qui\u00f1onero.<\/a> El veterano periodista y escritor entremezcla \u00e1gilmente la cr\u00f3nica con sus memorias, abordando m\u00e1s de cuarenta a\u00f1os de historias espa\u00f1olas y europeas.<\/p>\n<p class=\"voc-p\" style=\"\">En Poes\u00eda, &#8216;Los hombres de mi vida&#8217; (Visor). <a href=\"https:\/\/www.abc.es\/cultura\/cultural\/hombres-vida-piedad-bonnett-esperar-muertos-20251112211530-nt.html\" target=\"_self\" data-voc-vtm-id=\"in-text-traffic\" title=\"Nuevo poemario de Piedad Bonnett,\" data-mrf-link=\"www.abc.es\" rel=\"nofollow noopener\">Nuevo poemario de Piedad Bonnett,<\/a> donde nos habla una vez m\u00e1s de una intimidad fracturada, de una tragedia \u00edntima, pero tambi\u00e9n de los caminos la reconstrucci\u00f3n personal y <a href=\"https:\/\/www.abc.es\/cultura\/cultural\/paso-tiempo-elena-jongh-cuarenta-anos-poesia-20251113133635-nt.html\" target=\"_self\" data-voc-vtm-id=\"in-text-traffic\" title=\"&#039;Con el paso del tiempo&#039; (Vitruvio) La investigadora Elena de Jongh\" data-mrf-link=\"www.abc.es\" rel=\"nofollow noopener\">&#8216;Con el paso del tiempo&#8217; (Vitruvio) La investigadora Elena de Jongh<\/a> documenta la evoluci\u00f3n de los poetas que antolog\u00f3 hace cuatro d\u00e9cadas. Los revisita para ver a d\u00f3nde han llegado.<\/p>\n<p class=\"voc-p\" style=\"\">En C\u00f3mic, <a href=\"https:\/\/www.abc.es\/cultura\/cultural\/amigo-kim-jongun-keum-suk-gendrykim-dos-20251113162806-nt.html\" target=\"_self\" data-voc-vtm-id=\"in-text-traffic\" title=\"&#039;Mi amigo Kim Jong-un&#039; (Reservois Books), de Keum Suk Gendry-Kim\" data-mrf-link=\"www.abc.es\" rel=\"nofollow noopener\">&#8216;Mi amigo Kim Jong-un&#8217; (Reservois Books), de Keum Suk Gendry-Kim<\/a>. La historietista surcoreana explora en &#8216;Mi amigo Kim Jong-un&#8217; la divisi\u00f3n entre los dos Estados con el color, la memoria y el humor.<\/p>\n<p class=\"voc-p\" style=\"\">La secci\u00f3n de Arte abre sus p\u00e1ginas con &#8216;Habitar la contradicci\u00f3n&#8217;. La mayor instalaci\u00f3n hasta la fecha, y una muestra con visos de &#8216;retrospectiva&#8217; <a href=\"https:\/\/www.abc.es\/cultura\/cultural\/habitar-contradiccion-bienvenido-casa-carlos-bunga-20251113171959-nt.html\" target=\"_self\" data-voc-vtm-id=\"in-text-traffic\" title=\"del creador portugu\u00e9s Carlos Bunga,\" data-mrf-link=\"www.abc.es\" rel=\"nofollow noopener\">del creador portugu\u00e9s Carlos Bunga,<\/a> en el CAM de la Fundaci\u00f3n Gulbenkian. <\/p>\n<p class=\"voc-p\" style=\"\">Igualmente, entre otras, visitamos las muestras de <a href=\"https:\/\/www.abc.es\/cultura\/cultural\/diana-fonseca-carla-hayes-caribe-afroandaluz-malaga-20251112135316-nt.html\" target=\"_self\" data-voc-vtm-id=\"in-text-traffic\" title=\"Diana Fonseca y Carla Hayes,\" data-mrf-link=\"www.abc.es\" rel=\"nofollow noopener\">Diana Fonseca y Carla Hayes,<\/a> en La T\u00e9rmica de M\u00e1laga. Un acierto hacer coincidir las citas de estas dos artistas hermanadas en su discurso; las protagonizadas por <a href=\"https:\/\/www.abc.es\/cultura\/cultural\/nuevo-festin-pictorico-museo-patio-herreriano-20251113190507-nt.html\" target=\"_self\" data-voc-vtm-id=\"in-text-traffic\" title=\"Carlos Le\u00f3n, Miguel Marina y Xisco Mensua, en el Museo Patio Herreriano\" data-mrf-link=\"www.abc.es\" rel=\"nofollow noopener\">Carlos Le\u00f3n, Miguel Marina y Xisco Mensua, en el Museo Patio Herreriano<\/a> de Valladolid. Tres generaciones distintas, pero unidas por proporcionarnos el disfrute de la pintura; y la colectiva <a href=\"https:\/\/www.abc.es\/cultura\/cultural\/cartografias-agua-fundacion-uniques-claro-liquido-elemento-20251113195007-nt.html\" target=\"_self\" data-voc-vtm-id=\"in-text-traffic\" title=\"&#039;Cartograf\u00edas de agua&#039;, en la reci\u00e9n puesta en marcha Fundaci\u00f3n \u00daniques\" data-mrf-link=\"www.abc.es\" rel=\"nofollow noopener\">&#8216;Cartograf\u00edas de agua&#8217;, en la reci\u00e9n puesta en marcha Fundaci\u00f3n \u00daniques<\/a> (Barcelona), que nace con la vocaci\u00f3n de promocionar el arte de las creadoras catalanas. <\/p>\n<p class=\"voc-p\" style=\"\">En Pantallas, un repaso por algunos destacados filmes, como <a href=\"https:\/\/www.abc.es\/cultura\/cultural\/mayor-misterio-tiempo-20251113231225-nt.html\" target=\"_self\" data-voc-vtm-id=\"in-text-traffic\" title=\"&#039;Amor&#039;, de Michael Haneke, que exploran el misterio del tiempo,\" data-mrf-link=\"www.abc.es\" rel=\"nofollow noopener\">&#8216;Amor&#8217;, de Michael Haneke, que exploran el misterio del tiempo,<\/a> lo que este hace con nosotros, hasta desembocar en la \u00faltima etapa de la vida. <\/p>\n<p class=\"voc-p\" style=\"\">Las firmas de <a href=\"https:\/\/www.abc.es\/cultura\/cultural\/maria-jose-solano-traidor-inconfeso-martir-20251113185554-nt.html\" target=\"_self\" data-voc-vtm-id=\"in-text-traffic\" title=\"Mar\u00eda Jos\u00e9 Solano\" data-mrf-link=\"www.abc.es\" rel=\"nofollow noopener\">Mar\u00eda Jos\u00e9 Solano<\/a>; <a href=\"https:\/\/www.abc.es\/cultura\/cultural\/piedad-bonnett-ultimo-sorbo-20251113181808-nt.html\" target=\"_self\" data-voc-vtm-id=\"in-text-traffic\" title=\"Piedad Bonnett\" data-mrf-link=\"www.abc.es\" rel=\"nofollow noopener\">Piedad Bonnett<\/a>; <a href=\"https:\/\/www.abc.es\/cultura\/cultural\/jesus-garcia-calero-amistad-papeles-20251113194711-nt.html\" target=\"_self\" data-voc-vtm-id=\"in-text-traffic\" title=\"Jes\u00fas Garc\u00eda Calero\" data-mrf-link=\"www.abc.es\" rel=\"nofollow noopener\">Jes\u00fas Garc\u00eda Calero<\/a>; <a href=\"https:\/\/www.abc.es\/cultura\/cultural\/pedro-garcia-cuartango-nesbo-estremecimiento-mal-20251113202138-nt.html\" target=\"_self\" data-voc-vtm-id=\"in-text-traffic\" title=\"Pedro G. Cuartango\" data-mrf-link=\"www.abc.es\" rel=\"nofollow noopener\">Pedro G. Cuartango<\/a>; <a href=\"https:\/\/www.abc.es\/cultura\/cultural\/edu-galan-invierno-david-trueba-20251113200527-nt.html\" target=\"_self\" data-voc-vtm-id=\"in-text-traffic\" title=\"Edu Gal\u00e1n\" data-mrf-link=\"www.abc.es\" rel=\"nofollow noopener\">Edu Gal\u00e1n<\/a>; <a href=\"https:\/\/www.abc.es\/cultura\/cultural\/muerto-vivo-20251113205754-nt.html\" target=\"_self\" data-voc-vtm-id=\"in-text-traffic\" title=\"Alfonso J. Uss\u00eda\" data-mrf-link=\"www.abc.es\" rel=\"nofollow noopener\">Alfonso J. Uss\u00eda<\/a> y <a href=\"https:\/\/www.abc.es\/cultura\/cultural\/javier-diazguardiola-luis-perez-calvo-20251113192115-nt.html\" target=\"_self\" data-voc-vtm-id=\"in-text-traffic\" title=\"Javier D\u00edaz-Guardiola\" data-mrf-link=\"www.abc.es\" rel=\"nofollow noopener\">Javier D\u00edaz-Guardiola<\/a> completan un n\u00famero repleto de atractivos.<\/p>\n","protected":false},"excerpt":{"rendered":"Todos estamos de acuerdo en que Francisco de Goya es uno de los genios universales de la pintura.&hellip;\n","protected":false},"author":2,"featured_media":237510,"comment_status":"","ping_status":"","sticky":false,"template":"","format":"standard","meta":{"footnotes":""},"categories":[173],"tags":[229,233,231,230,232,234,146,147,25,24,50587,20515,3980,4296,795,1050,23],"class_list":{"0":"post-237509","1":"post","2":"type-post","3":"status-publish","4":"format-standard","5":"has-post-thumbnail","7":"category-arte-y-diseno","8":"tag-arte","9":"tag-arte-y-diseno","10":"tag-arts","11":"tag-arts-and-design","12":"tag-design","13":"tag-diseno","14":"tag-entertainment","15":"tag-entretenimiento","16":"tag-es","17":"tag-espana","18":"tag-exploracion","19":"tag-extraordinaria","20":"tag-goya","21":"tag-humano","22":"tag-nueva","23":"tag-nunca","24":"tag-spain"},"share_on_mastodon":{"url":"https:\/\/pubeurope.com\/@es\/115554244570972611","error":""},"_links":{"self":[{"href":"https:\/\/www.europesays.com\/es\/wp-json\/wp\/v2\/posts\/237509","targetHints":{"allow":["GET"]}}],"collection":[{"href":"https:\/\/www.europesays.com\/es\/wp-json\/wp\/v2\/posts"}],"about":[{"href":"https:\/\/www.europesays.com\/es\/wp-json\/wp\/v2\/types\/post"}],"author":[{"embeddable":true,"href":"https:\/\/www.europesays.com\/es\/wp-json\/wp\/v2\/users\/2"}],"replies":[{"embeddable":true,"href":"https:\/\/www.europesays.com\/es\/wp-json\/wp\/v2\/comments?post=237509"}],"version-history":[{"count":0,"href":"https:\/\/www.europesays.com\/es\/wp-json\/wp\/v2\/posts\/237509\/revisions"}],"wp:featuredmedia":[{"embeddable":true,"href":"https:\/\/www.europesays.com\/es\/wp-json\/wp\/v2\/media\/237510"}],"wp:attachment":[{"href":"https:\/\/www.europesays.com\/es\/wp-json\/wp\/v2\/media?parent=237509"}],"wp:term":[{"taxonomy":"category","embeddable":true,"href":"https:\/\/www.europesays.com\/es\/wp-json\/wp\/v2\/categories?post=237509"},{"taxonomy":"post_tag","embeddable":true,"href":"https:\/\/www.europesays.com\/es\/wp-json\/wp\/v2\/tags?post=237509"}],"curies":[{"name":"wp","href":"https:\/\/api.w.org\/{rel}","templated":true}]}}