{"id":237513,"date":"2025-11-15T14:45:18","date_gmt":"2025-11-15T14:45:18","guid":{"rendered":"https:\/\/www.europesays.com\/es\/237513\/"},"modified":"2025-11-15T14:45:18","modified_gmt":"2025-11-15T14:45:18","slug":"noel-gallagher-visito-el-cementerio-de-la-recoleta-y-la-bombonera","status":"publish","type":"post","link":"https:\/\/www.europesays.com\/es\/237513\/","title":{"rendered":"Noel Gallagher visit\u00f3 el Cementerio de la Recoleta y La Bombonera"},"content":{"rendered":"<p>Argentina atraviesa una ola de visitas internacionales que va desde <a href=\"https:\/\/www.clarin.com\/fama\/dua-lipa-argentina-recorrido-ciudad-platos-eligio-sorpresivo-encuentro-fans_0_VSLzyfCpch.html\" target=\"_blank\" title=\"Dua Lipa, quien encabez\u00f3 dos shows en el estadio River Plate\" alt=\"Dua Lipa, quien encabez\u00f3 dos shows en el estadio River Plate\" rel=\"nofollow noopener\">Dua Lipa, quien encabez\u00f3 dos shows en el estadio River Plate<\/a>, hasta<a href=\"https:\/\/www.clarin.com\/fama\/matt-smith-reconocido-actor-house-of-the-dragon-the-crown-argentina-visto-paseando-palermo_0_PqEds2Xmpw.html\" target=\"_blank\" title=\" Matt Smith, el reconocido actor de House of the Dragon y The Crown\" alt=\" Matt Smith, el reconocido actor de House of the Dragon y The Crown\" rel=\"nofollow noopener\"> Matt Smith, el reconocido actor de House of the Dragon y The Crown<\/a>. Ahora es el turno de <a href=\"https:\/\/www.clarin.com\/espectaculos\/oasis-argentina-horarios-accesos-setlist-tenes-saber-shows-estadio-river-plate_0_uc0yzexxdT.html\" target=\"_blank\" title=\"Oasis\" alt=\"Oasis\" rel=\"nofollow noopener\">Oasis<\/a>, el emblem\u00e1tico d\u00fao brit\u00e1nico formado por <strong>Liam<\/strong> y <strong>Noel Gallagher<\/strong>, <strong>que volver\u00e1 a encontrarse con el p\u00fablico argentino despu\u00e9s de 16 a\u00f1os.<\/strong><\/p>\n<p>Mientras ultima los detalles de los conciertos programados en el estadio Monumental para el 15 y 16 de noviembre en el marco de su gira internacional Oasis Live \u201925, <strong>Noel aprovech\u00f3 su tiempo libre en el pa\u00eds para recorrer la ciudad y visitar algunos de sus puntos tur\u00edsticos m\u00e1s emblem\u00e1ticos. <\/strong><\/p>\n<p>Para la traves\u00eda porte\u00f1a, el int\u00e9rprete se inclin\u00f3 por un look moderado compuesto por una remera azul, jeans oscuros y lentes de sol marrones, logrando un estilismo sencillo pero elegante, y funcional.<\/p>\n<p>De esta manera, <strong>el m\u00fasico ingl\u00e9s arranc\u00f3 su paseo junto a su hijo menor y varios miembros de su equipo en el Cementerio de la Recoleta<\/strong>, s\u00edmbolo inconfundible del patrimonio hist\u00f3rico de Buenos Aires, donde <strong>aprovech\u00f3 para recorrer mausoleos c\u00e9lebres y captar algunas postales del lugar.<\/strong><\/p>\n<p>All\u00ed, <strong>Noel se detuvo especialmente frente a la tumba de Eva Per\u00f3n<\/strong>, un gesto que no pas\u00f3 inadvertido para los transe\u00fantes y turistas que recorr\u00edan el emblem\u00e1tico atractivo porte\u00f1o. <\/p>\n<p>De hecho, la imagen del m\u00fasico fotografiando el m\u00edtico sepulcro de Evita con su tel\u00e9fono se viraliz\u00f3 r\u00e1pidamente en redes sociales.<\/p>\n<p>Adem\u00e1s, el recorrido tambi\u00e9n sum\u00f3 un reconocimiento a pr\u00f3ceres y referentes culturales como <strong>Domingo Faustino Sarmiento, Bartolom\u00e9 Mitre, Julio Argentino Roca, Victoria Ocampo <\/strong>y<strong> Carlos Pellegrini<\/strong>, dejando en evidencia la curiosidad de los Gallagher por la historia y la cultura argentina.<\/p>\n<p>Como era de esperarse, la presencia de Noel en la Recoleta llam\u00f3 r\u00e1pidamente la atenci\u00f3n de los fan\u00e1ticos argentinos de Oasis, quienes, al reconocerlo, se acercaban a \u00e9l con respeto y entusiasmo para saludarlo y pedirle aut\u00f3grafos.<\/p>\n<p>Con total naturalidad, Noel se mostr\u00f3 cercano y predispuesto a interactuar con sus seguidores, a quienes les firm\u00f3 discos, recuerdos emblem\u00e1ticos de la banda e incluso pos\u00f3 para varias fotos antes de seguir adelante con la visita.<\/p>\n<p>As\u00ed, una vez concluido su paso por el cementerio, Noel abord\u00f3 la camioneta negra que utiliza para movilizarse en Argentina y parti\u00f3 directo hacia otro s\u00edmbolo de la identidad porte\u00f1a: <strong>La Bombonera.<\/strong><\/p>\n<p>Ya en el barrio de La Boca, el m\u00fasico y su equipo de seguridad fueron recibidos por el entusiasmo de varios fan\u00e1ticos xeneizes y seguidores del d\u00fao, que lo esperaban con bombos y v\u00edtores mientras ingresaba a las instalaciones del ic\u00f3nico estadio.<\/p>\n<p>Para celebrar la presencia de Noel en la Bombonera, el club public\u00f3 una imagen del m\u00fasico brit\u00e1nico con una amplia sonrisa mientras recorr\u00eda las gradas del hist\u00f3rico estadio. <\/p>\n<p>\u201cLa Boca es alegr\u00eda\u201d, expresaron desde su cuenta oficial en X, acompa\u00f1ando el mensaje con un emoji de cara enamorada, reflejando el orgullo por recibir a Noel en La Bombonera.<\/p>\n","protected":false},"excerpt":{"rendered":"Argentina atraviesa una ola de visitas internacionales que va desde Dua Lipa, quien encabez\u00f3 dos shows en el&hellip;\n","protected":false},"author":2,"featured_media":237514,"comment_status":"","ping_status":"","sticky":false,"template":"","format":"standard","meta":{"footnotes":""},"categories":[170],"tags":[146,147,25,24,184,185,23],"class_list":{"0":"post-237513","1":"post","2":"type-post","3":"status-publish","4":"format-standard","5":"has-post-thumbnail","7":"category-musica","8":"tag-entertainment","9":"tag-entretenimiento","10":"tag-es","11":"tag-espana","12":"tag-music","13":"tag-musica","14":"tag-spain"},"share_on_mastodon":{"url":"https:\/\/pubeurope.com\/@es\/115554256455188862","error":""},"_links":{"self":[{"href":"https:\/\/www.europesays.com\/es\/wp-json\/wp\/v2\/posts\/237513","targetHints":{"allow":["GET"]}}],"collection":[{"href":"https:\/\/www.europesays.com\/es\/wp-json\/wp\/v2\/posts"}],"about":[{"href":"https:\/\/www.europesays.com\/es\/wp-json\/wp\/v2\/types\/post"}],"author":[{"embeddable":true,"href":"https:\/\/www.europesays.com\/es\/wp-json\/wp\/v2\/users\/2"}],"replies":[{"embeddable":true,"href":"https:\/\/www.europesays.com\/es\/wp-json\/wp\/v2\/comments?post=237513"}],"version-history":[{"count":0,"href":"https:\/\/www.europesays.com\/es\/wp-json\/wp\/v2\/posts\/237513\/revisions"}],"wp:featuredmedia":[{"embeddable":true,"href":"https:\/\/www.europesays.com\/es\/wp-json\/wp\/v2\/media\/237514"}],"wp:attachment":[{"href":"https:\/\/www.europesays.com\/es\/wp-json\/wp\/v2\/media?parent=237513"}],"wp:term":[{"taxonomy":"category","embeddable":true,"href":"https:\/\/www.europesays.com\/es\/wp-json\/wp\/v2\/categories?post=237513"},{"taxonomy":"post_tag","embeddable":true,"href":"https:\/\/www.europesays.com\/es\/wp-json\/wp\/v2\/tags?post=237513"}],"curies":[{"name":"wp","href":"https:\/\/api.w.org\/{rel}","templated":true}]}}