{"id":237538,"date":"2025-11-15T15:08:15","date_gmt":"2025-11-15T15:08:15","guid":{"rendered":"https:\/\/www.europesays.com\/es\/237538\/"},"modified":"2025-11-15T15:08:15","modified_gmt":"2025-11-15T15:08:15","slug":"alicia-fernandez-actriz-fue-un-sueno-saber-que-contaban-conmigo-para-una-serie-de-alex-pina","status":"publish","type":"post","link":"https:\/\/www.europesays.com\/es\/237538\/","title":{"rendered":"Alicia Fern\u00e1ndez, Actriz: \u00abFue un sue\u00f1o saber que contaban conmigo para una serie de \u00c1lex Pina\u00bb"},"content":{"rendered":"<p>Dos familias forradas de dinero, una inminente tercera Guerra Mundial y un b\u00fanker de lujo, con cancha de basket, restaurante y jard\u00edn zen, en el  &#8230; que sobrevivir a la destrucci\u00f3n del planeta. Esta es la idea inicial de la que parte &#8216;El refugio at\u00f3mico&#8217;, la nueva serie de Netflix creada por \u00c1lex Pina y Esther Mart\u00ednez Lobato, y en la que la actriz calagurritana Alicia Fern\u00e1ndez cuenta con un papel principal en el reparto. Fern\u00e1ndez, en cuya trayectoria destacan pel\u00edculas como &#8216;Yucat\u00e1n&#8217; o &#8216;Descarrilados&#8217;, interpreta a Julia Baldini, la doctora de la banda que organiza la gran farsa que da lugar al b\u00fanker.<\/p>\n<p class=\"v-p\"><strong>\u2013 \u00bfC\u00f3mo &#8216;llega&#8217; Alicia Fern\u00e1ndez al b\u00fanker cinco estrellas de &#8216;El refugio at\u00f3mico&#8217;?<\/strong><\/p>\n<p class=\"v-p\">\u2013 Llegu\u00e9 al b\u00fanker a trav\u00e9s del casting. Yolanda Serrano y Eva Leira y todo su equipo, que son maravillosos, me llamaron para hacer una prueba de dos personajes de reparto. Hice esa prueba y a las dos semanas me volvieron a llamar para decirme que quer\u00edan verme para un personaje del elenco principal, Julia. El mismo d\u00eda de esta prueba por la noche me confirmaron que contaban conmigo. No sabes la emoci\u00f3n que sent\u00ed, porque realmente me enamor\u00e9 del personaje con lo poco que supe de \u00e9l para la prueba. Y tambi\u00e9n, del proyecto, que ten\u00eda muy buena pinta.<\/p>\n<p>\n&#8216;LA CASA DE PAPEL&#8217;, PRECEDENTE\n<\/p>\n<p>\u00abFue un fen\u00f3meno mundial. No deber\u00edamos compararlo sino ver si nos atrapa la historia y nos engancha\u00bb<\/p>\n<p>\nEL PERSONAJE DE JULIA BALDINI\n<\/p>\n<p> \u00abMe gustaba mucho sentir que era la pieza discordante, aunque ella misma formase parte de la creaci\u00f3n\u00bb<\/p>\n<p class=\"v-p\"><strong>\u2013 No es su primera serie de ficci\u00f3n, pero creo que s\u00ed que es la primera de gran producci\u00f3n de Netflix en la que trabaja.<\/strong><\/p>\n<p class=\"v-p\">\u2013 En realidad, como producci\u00f3n de Netflix espec\u00edfica hice la serie &#8216;Si lo hubiera sabido&#8217;, en la que ten\u00eda un personaje fijo de reparto. Y aunque no sean producciones de Netflix propiamente dichas, estoy en m\u00e1s proyectos que ya est\u00e1n en la plataforma como la pel\u00edcula &#8216;Yucat\u00e1n&#8217;.<\/p>\n<p><img decoding=\"async\" loading=\"lazy\" src=\"https:\/\/www.europesays.com\/es\/wp-content\/uploads\/2025\/11\/207039405-k0ED-U240234427155Z7H-650x455@La Rioja.jpg\" class=\"v-a-img\" width=\"650\" height=\"455\" alt=\"Alicia Fern\u00e1ndez, con Miren Ibarguren (Minerva en la serie).\" data-voc-vtm-id=\"in-text-traffic\"\/><\/p>\n<p>Alicia Fern\u00e1ndez, con Miren Ibarguren (Minerva en la serie).<\/p>\n<p>E. R. A.<\/p>\n<p><img loading=\"lazy\" decoding=\"async\" src=\"https:\/\/www.europesays.com\/es\/wp-content\/uploads\/2025\/11\/207039405-k0ED-U240234427155rn-1920x1344@La Rioja.jpg\" class=\"v-mdl__img-z\" width=\"1920\" height=\"1344\" alt=\"\"\/><\/p>\n<p class=\"v-p\"><strong>\u2013 La serie viene de la mano de un equipo y un director muy potente como es \u00c1lex Pina, creador de &#8216;La casa de papel&#8217;. De hecho, hay muchas coincidencias entre ambas series. \u00bfQu\u00e9 supone tener un precedente con tanto \u00e9xito?<\/strong><\/p>\n<p class=\"v-p\">\u2013 Para m\u00ed es un lujo contar con un equipo del que conoces su trabajo previo y que adem\u00e1s ha sido tan bueno y potente. &#8216;La casa de papel&#8217; fue un fen\u00f3meno mundial, rompedor y que lleg\u00f3 muy lejos. Creo que no deber\u00edamos compararlo, sino ver si nos atrapa la historia y nos engancha. Aunque entiendo que es bastante inevitable compararla por el s\u00faper \u00e9xito que tuvo. Pero en conclusi\u00f3n, para m\u00ed fue un sue\u00f1o saber que contaban conmigo para una serie creada por \u00c1lex Pina y Ester Mart\u00ednez Lobato, que adem\u00e1s dirigen Jes\u00fas Colmenar, David Barrocal y Cravioto. Y no solo porque les preced\u00eda &#8216;La casa de papel&#8217;, sino tambi\u00e9n por &#8216;El embarcadero&#8217;, &#8216;Berl\u00edn&#8217;, &#8216;Vis a vis&#8217;&#8230;<\/p>\n<p class=\"v-p\"><strong>\u2013 Su personaje, Julia Baldini, la doctora del b\u00fanker, es la voz disidente del grupo e invita a reflexionar sobre la l\u00ednea entre la \u00e9tica y el poder. <\/strong><\/p>\n<p class=\"v-p\">\u2013 Creo que era absolutamente necesario tener a alguien como Julia para cuestionar qu\u00e9 es lo que estaban haciendo ah\u00ed adentro. Un personaje que no aceptaba del todo las reglas, incluso cuando la l\u00edder era el amor de su vida. <\/p>\n<p class=\"v-p\"><strong>\u2013 \u00bfQu\u00e9 le ha gustado y qu\u00e9 no le ha &#8216;gustado&#8217; de Julia?<\/strong><\/p>\n<p class=\"v-p\">\u2013 Me gustaba mucho sentir que era la pieza discordante, la que, como dec\u00eda anteriormente, se cuestionaba lo que estaban llevando a cabo en esta misi\u00f3n, aunque ella misma formase parte de la creaci\u00f3n. Me atra\u00eda su historia personal con Minerva, que me encantar\u00eda que se mostrase m\u00e1s. Y tambi\u00e9n, sin hacer mucho spoiler, la parte de IA de mi personaje, que encuentro que tiene posibilidades infinitas. Y \u00bfqu\u00e9 no me gust\u00f3? Pues, sin desvelar nada, por si alg\u00fan lector no ha visto la serie todav\u00eda, el final del capitulo 2 (se r\u00ede)<\/p>\n<p class=\"v-p\"><strong>\u2013 En el estreno de la serie parec\u00eda que no iba a tener el gancho de su predecesora, &#8216;La casa de papel&#8217;, pero a finales de septiembre fue la serie m\u00e1s vista en Netflix a nivel mundial. \u00bfHabr\u00e1 una segunda temporada?<\/strong><\/p>\n<p class=\"v-p\">\u2013 Todav\u00eda no puedo contar si habr\u00e1 segunda temporada, solo digo que estoy deseando que la haya.<\/p>\n<p class=\"v-p\"><strong>\u2013 \u00bfC\u00f3mo es trabajar con un director de la talla de \u00c1lex Pina?<\/strong><\/p>\n<p class=\"v-p\">\u2013 Para m\u00ed ha sido un lujo formar parte de este proyecto con \u00c1lex a la cabeza. El equipo Vancouver (productora) es brutal. Trabajan con una precisi\u00f3n y a un nivel que no se vive en muchas producciones espa\u00f1olas. <\/p>\n<p class=\"v-p\"><strong>\u2013 \u00bfEn que otros proyectos est\u00e1 trabajando?<\/strong><\/p>\n<p class=\"v-p\">\u2013 Ahora mismo formo parte de la direcci\u00f3n y producci\u00f3n del musical &#8216;El hilo invisible&#8217;, que acabamos de estrenar en el teatro Alc\u00e1zar de Madrid. Estoy feliz, porque es una obra maravillosa. Ojal\u00e1 llegue a muchos espectadores. Tambi\u00e9n cuento con proyectos no cerrados, que esperemos pueda contar pronto.<\/p>\n","protected":false},"excerpt":{"rendered":"Dos familias forradas de dinero, una inminente tercera Guerra Mundial y un b\u00fanker de lujo, con cancha de&hellip;\n","protected":false},"author":2,"featured_media":237539,"comment_status":"","ping_status":"","sticky":false,"template":"","format":"standard","meta":{"footnotes":""},"categories":[171],"tags":[2865,31291,61502,146,147,25,24,54928,10005,156,23,3466,214],"class_list":{"0":"post-237538","1":"post","2":"type-post","3":"status-publish","4":"format-standard","5":"has-post-thumbnail","7":"category-tv","8":"tag-alex","9":"tag-conmigo","10":"tag-contaban","11":"tag-entertainment","12":"tag-entretenimiento","13":"tag-es","14":"tag-espana","15":"tag-pina","16":"tag-saber","17":"tag-serie","18":"tag-spain","19":"tag-sueno","20":"tag-tv"},"share_on_mastodon":{"url":"https:\/\/pubeurope.com\/@es\/115554347414353287","error":""},"_links":{"self":[{"href":"https:\/\/www.europesays.com\/es\/wp-json\/wp\/v2\/posts\/237538","targetHints":{"allow":["GET"]}}],"collection":[{"href":"https:\/\/www.europesays.com\/es\/wp-json\/wp\/v2\/posts"}],"about":[{"href":"https:\/\/www.europesays.com\/es\/wp-json\/wp\/v2\/types\/post"}],"author":[{"embeddable":true,"href":"https:\/\/www.europesays.com\/es\/wp-json\/wp\/v2\/users\/2"}],"replies":[{"embeddable":true,"href":"https:\/\/www.europesays.com\/es\/wp-json\/wp\/v2\/comments?post=237538"}],"version-history":[{"count":0,"href":"https:\/\/www.europesays.com\/es\/wp-json\/wp\/v2\/posts\/237538\/revisions"}],"wp:featuredmedia":[{"embeddable":true,"href":"https:\/\/www.europesays.com\/es\/wp-json\/wp\/v2\/media\/237539"}],"wp:attachment":[{"href":"https:\/\/www.europesays.com\/es\/wp-json\/wp\/v2\/media?parent=237538"}],"wp:term":[{"taxonomy":"category","embeddable":true,"href":"https:\/\/www.europesays.com\/es\/wp-json\/wp\/v2\/categories?post=237538"},{"taxonomy":"post_tag","embeddable":true,"href":"https:\/\/www.europesays.com\/es\/wp-json\/wp\/v2\/tags?post=237538"}],"curies":[{"name":"wp","href":"https:\/\/api.w.org\/{rel}","templated":true}]}}