{"id":237540,"date":"2025-11-15T15:09:28","date_gmt":"2025-11-15T15:09:28","guid":{"rendered":"https:\/\/www.europesays.com\/es\/237540\/"},"modified":"2025-11-15T15:09:28","modified_gmt":"2025-11-15T15:09:28","slug":"la-cancion-que-brian-wilson-llamo-musica-artistica","status":"publish","type":"post","link":"https:\/\/www.europesays.com\/es\/237540\/","title":{"rendered":"La canci\u00f3n que Brian Wilson llam\u00f3 \u00abm\u00fasica art\u00edstica\u00bb"},"content":{"rendered":"<p><strong>The Beach Boys<\/strong> y <strong><a href=\"https:\/\/indiehoy.com\/historias\/escucha-5-covers-argentinos-de-canciones-de-the-beatles\/\" target=\"_blank\" rel=\"noreferrer noopener nofollow\">The Beatles<\/a><\/strong> fueron dos de las bandas m\u00e1s representativas y transformadoras del rock de los a\u00f1os 60. Si bien la historia indica que habr\u00edan mantenido una suerte de rivalidad que los llevaba a intentar superar cada nueva obra del otro, lo cierto es que lograron influenciarse y nunca ocultaron su admiraci\u00f3n mutua.<\/p>\n<p>Wilson no tuvo verg\u00fcenza de admitir cu\u00e1nto le sorprendieron ciertas canciones de The Beatles, espec\u00edficamente el \u00e1lbum Rubber Soul. As\u00ed lo describi\u00f3 en su libro de memorias I Am Brian Wilson: \u201cRecuerdo que me impresionaron much\u00edsimo \u2018You Won\u2019t See Me\u2019, \u2018I\u2019m Looking Through You\u2019 y \u2018Girl\u2019. No eran solo las letras y las melod\u00edas, sino tambi\u00e9n la producci\u00f3n y sus armon\u00edas. Ten\u00edan unas armon\u00edas \u00fanicas, \u00bfsabes?\u201d.<\/p>\n<p>\u00abYou Won&#8217;t See Me\u00bb era una canci\u00f3n especial para \u00e9l, tanto que lleg\u00f3 a denominarla una obra de arte: \u00ab<strong>En &#8216;You Won&#8217;t See Me&#8217;, Paul canta grave y George y John agudo. Hay un zumbido de \u00f3rgano, una nota que se mantiene durante el \u00faltimo tercio de la canci\u00f3n. Eran detalles que buscaban, casi m\u00fasica art\u00edstica. Lo genial de los Beatles era que sus ideas se percib\u00edan con tanta claridad en su m\u00fasica<\/strong>\u00ab.<\/p>\n<p>Si bien esta no es de las canciones m\u00e1s complejas de la banda y m\u00e1s adelante profundizar\u00edan en la creaci\u00f3n de armon\u00edas de voces -como es el caso de \u00abBecause\u00bb-, este disco logr\u00f3 impactar e influenciar a Wilson, uno de los grandes maestros de las armon\u00edas vocales.<\/p>\n<p>Paul McCartney revel\u00f3 cu\u00e1l es su canci\u00f3n favorita de The Beach Boys<\/p>\n<p>Con la perspectiva que otorga el tiempo, McCartney ha hablado acerca de su v\u00ednculo con Wilson en\u00a0The Ronnie Wood Show\u00a0y pudo elegir <a href=\"https:\/\/indiehoy.com\/noticias\/paul-mccartney-elige-su-cancion-favorita-de-the-beach-boys\/\" target=\"_blank\" rel=\"noreferrer noopener nofollow\">su canci\u00f3n favorita de The Beach Boys<\/a>. \u00abBrian Wilson demostr\u00f3 ser un compositor incre\u00edble. A m\u00ed me gustaban los acordes, las armon\u00edas y esas cosas, y acabamos teniendo una especie de rivalidad. Sac\u00e1bamos una canci\u00f3n y Brian la escuchaba, y luego \u00e9l hac\u00eda otra. Lo cual es bueno. Siempre intentamos superarnos mutuamente. Eventualmente sali\u00f3 con &#8216;God Only Knows&#8217; en\u00a0Pet Sounds. Simplemente creo que es una gran canci\u00f3n: melod\u00eda, armon\u00edas, \u00a1la letra! Es una gran canci\u00f3n, la amo. Es mi canci\u00f3n favorita de Beach Boys\u00bb, expres\u00f3. <\/p>\n","protected":false},"excerpt":{"rendered":"The Beach Boys y The Beatles fueron dos de las bandas m\u00e1s representativas y transformadoras del rock de&hellip;\n","protected":false},"author":2,"featured_media":237541,"comment_status":"","ping_status":"","sticky":false,"template":"","format":"standard","meta":{"footnotes":""},"categories":[170],"tags":[15894,146,147,25,24,184,185,23],"class_list":{"0":"post-237540","1":"post","2":"type-post","3":"status-publish","4":"format-standard","5":"has-post-thumbnail","7":"category-musica","8":"tag-brian-wilson","9":"tag-entertainment","10":"tag-entretenimiento","11":"tag-es","12":"tag-espana","13":"tag-music","14":"tag-musica","15":"tag-spain"},"share_on_mastodon":{"url":"https:\/\/pubeurope.com\/@es\/115554350819871029","error":""},"_links":{"self":[{"href":"https:\/\/www.europesays.com\/es\/wp-json\/wp\/v2\/posts\/237540","targetHints":{"allow":["GET"]}}],"collection":[{"href":"https:\/\/www.europesays.com\/es\/wp-json\/wp\/v2\/posts"}],"about":[{"href":"https:\/\/www.europesays.com\/es\/wp-json\/wp\/v2\/types\/post"}],"author":[{"embeddable":true,"href":"https:\/\/www.europesays.com\/es\/wp-json\/wp\/v2\/users\/2"}],"replies":[{"embeddable":true,"href":"https:\/\/www.europesays.com\/es\/wp-json\/wp\/v2\/comments?post=237540"}],"version-history":[{"count":0,"href":"https:\/\/www.europesays.com\/es\/wp-json\/wp\/v2\/posts\/237540\/revisions"}],"wp:featuredmedia":[{"embeddable":true,"href":"https:\/\/www.europesays.com\/es\/wp-json\/wp\/v2\/media\/237541"}],"wp:attachment":[{"href":"https:\/\/www.europesays.com\/es\/wp-json\/wp\/v2\/media?parent=237540"}],"wp:term":[{"taxonomy":"category","embeddable":true,"href":"https:\/\/www.europesays.com\/es\/wp-json\/wp\/v2\/categories?post=237540"},{"taxonomy":"post_tag","embeddable":true,"href":"https:\/\/www.europesays.com\/es\/wp-json\/wp\/v2\/tags?post=237540"}],"curies":[{"name":"wp","href":"https:\/\/api.w.org\/{rel}","templated":true}]}}