{"id":237554,"date":"2025-11-15T15:18:08","date_gmt":"2025-11-15T15:18:08","guid":{"rendered":"https:\/\/www.europesays.com\/es\/237554\/"},"modified":"2025-11-15T15:18:08","modified_gmt":"2025-11-15T15:18:08","slug":"el-castilla-gana-al-cacereno-en-el-di-stefano-real-madrid-cf","status":"publish","type":"post","link":"https:\/\/www.europesays.com\/es\/237554\/","title":{"rendered":"El Castilla gana al Cacere\u00f1o en el Di St\u00e9fano &#8211; Real Madrid CF"},"content":{"rendered":"<ol>\n<li><a href=\"https:\/\/news.google.com\/rss\/articles\/CBMivgFBVV95cUxOM25WTXBubnR4MU1rZ3BROFppdGpqLXRFanUzcERkbzVyeGt0Q0FDRW5xcGpabnowYmp4SHYyTnU1bDZVVDVINUJXQkp4NjlwTENPemx2R0dPazYtMTU4b21nRG9PQUpyTGFxSmppdDJmdVZ1WDkwelZhcmctSkRPWTB0ZTc4bno5QWgxdVRsYTRCUEZBZFIxaWV6WXlVUEN2dlowV0NBbEdSbDhaX3lqUmMzZWw2NXVtMmdsSFN3?oc=5\" target=\"_blank\" rel=\"nofollow noopener\">El Castilla gana al Cacere\u00f1o en el Di St\u00e9fano<\/a>&nbsp;&nbsp;Real Madrid CF<\/li>\n<li><a href=\"https:\/\/news.google.com\/rss\/articles\/CBMipgFBVV95cUxNQ0pHOWx2aWY4ZHVRY1VCLU1wZXBJN3JqdVlGQlgzWWk1OVltWll0c0gyU0RtUV9VbThwWElTVWdpX0FNZE0tSnBGWXNnSHdjLWdNdS0wSjBvejBvRk5scmtnTnFUUGFtNXdITld1c0FYVUNKQnllM2k3R0VYeXJVcDZ6MjlDU29Pb09JTGxYX0ttbVpjcTZLdmExTWJqSk5BVVFwM2tn0gG6AUFVX3lxTE9VWXNtdUdCU3kxUmU0em45MHd0WjBHaXJwdEpFZ0h5bVhQMWs4TGZGTVlLakQ0bUNQRWFudnA5SmFFRm54alozVkpMeG9YZkw4SnQwd3JqVW0tWlRwSlp1bkh4WE50Y2VLNzdTbS1MdzRhX2laSlZVNTBVekJ4YWxqLWhhT3kyU2tBaDB0Wm52LUlOeTlLd1NrWU9sMHpIWkxxWC1HeGtpS0xNOE9XaTViRUt6UjdCREVlZw?oc=5\" target=\"_blank\" rel=\"nofollow noopener\">Real Madrid Castilla 2 &#8211; 0 Cacere\u00f1o: resumen, goles y resultado de la 1\u00aa RFEF<\/a>&nbsp;&nbsp;Diario AS<\/li>\n<li><a href=\"https:\/\/news.google.com\/rss\/articles\/CBMipgFBVV95cUxObmstMExlVFBpUE9CZTM3TTFJVFZjX0dxYjlNNEVZNlBSdVVaUWJob2htZjV6N3IybmVQQ01Rc1BzVjdhZ2xFNmFxWlZfZE1hR0RDMmtMcmlGUV9zN3BlUnd3dGdqRVlkek1QeHdPVkhjYV9iUmJpYVRrQzFidXNjaUUzejUxc2tQc2xTTldaRkN6VGdKajUtUGtveG9kTnhRNU5uX3B3?oc=5\" target=\"_blank\" rel=\"nofollow noopener\">Duelo de equipos heridos en Valdebebas<\/a>&nbsp;&nbsp;Hoy<\/li>\n<li><a href=\"https:\/\/news.google.com\/rss\/articles\/CBMiyAFBVV95cUxNYlluYVNmWjExYTdKYmI5cHlma25aT1pTLVpqcW85d3BsZ01WbGp3Wlh4Ri14dzhFeWl0TldoWkJpREl2MkplNGpYb2Rnell3UlVuT1JkRkVwNi1KOVZfWkNBY2htRHVMMWt2R2NJR0c1N25HSUFBQ1Nla1RBUmpRc0FEM29kYmxwdmh5bEUtLS1zbHFsODJMbW1TUy1ReG1yM010dFA4Q05JSWZvSGlUdnBwZFdoMl9wdk0waVlCN3BXRVRwanc3StIBzgFBVV95cUxPbTZJS212Z2RmdEg3cTl1d3VLMklKS190Ql9iZ0Jld2NiQURMVFNpSWdiUy1UMmhQNUcyc0wtakhmOTBRNlJXMU1XVHVtalpiMXZYbFk1XzBpTG4xYXFOVXZqNVVXN000SURsQXp4WlZsNXFTYmNCMUNlVWxpcnA1MlduU1VYRVFYTnU0MllUWnZ2dm84bGh1S0ZvYmhkMmI4NHQ3T3V6OVhIclcyWE9TbXI2OW5udklLMEZSc1FQSXl1Tm14S2hQMHNSVnhzQQ?oc=5\" target=\"_blank\" rel=\"nofollow noopener\">Un Cacere\u00f1o en urgencias busca un giro de rumbo en Valdebebas<\/a>&nbsp;&nbsp;El Peri\u00f3dico Extremadura<\/li>\n<li><a href=\"https:\/\/news.google.com\/rss\/articles\/CBMiwgFBVV95cUxPVm5jNGFwejVXVjBXZE1vd0FJTkxyTU5pWmViRDBGeHdadmE3N3NhZEx3TmtTZ3RWT3VwS1p5ZzlLMV8weENmQUc2anBwRmRwM1BOcTFxZU1WZzZKQ25jZHFuckpIbHYzQVVYSV9XTEViMGJuODlzVzhCTF82Q1ctX2JWeW5LQUhRRG9QZXh1WHl6N1NrQVhSazdTcmNDOVNxd0U2QU9jM2dkbmxKUnF6eDJpU1VBd296RnJUMTNGcFRKZ9IBzwFBVV95cUxPMDFXUTZsbmRZQ3ZpYTJQRmlZMjU1UWVtVkZSS3ZqOFM3TkpzTGpWaEkwMXQyYjJ2ME5oSnpab0k2bHVnWVJ2YkRvelpTSlZ3bWpHN3psdmQ1bW1ETUZJakVxQkZjQklfSmY5VDNhaHJZd3RXdWF3QnRjLXdYbnBCWjEzNG1sZzg2am95RFJCTWJJTlFRREdRdXdrRm95SEkzNzNTaEU4SGFZQ2UweHVIbnp2WWV4eFBnZktpMHJ6NzBJazJmMFpnUEczR1JBeTg?oc=5\" target=\"_blank\" rel=\"nofollow noopener\">Un Castilla sin el sancionado Arbeloa busca recuperar el rumbo<\/a>&nbsp;&nbsp;Mundo Deportivo<\/li>\n<\/ol>\n","protected":false},"excerpt":{"rendered":"El Castilla gana al Cacere\u00f1o en el Di St\u00e9fano&nbsp;&nbsp;Real Madrid CF Real Madrid Castilla 2 &#8211; 0 Cacere\u00f1o:&hellip;\n","protected":false},"author":2,"featured_media":171506,"comment_status":"","ping_status":"","sticky":false,"template":"","format":"standard","meta":{"footnotes":""},"categories":[5],"tags":[17,18,25,24,13,14,11,6523,19,20,9,10,15,16,3048,23,12,21,22],"class_list":{"0":"post-237554","1":"post","2":"type-post","3":"status-publish","4":"format-standard","5":"has-post-thumbnail","7":"category-titulares","8":"tag-breaking-news","9":"tag-breakingnews","10":"tag-es","11":"tag-espana","12":"tag-featured-news","13":"tag-featurednews","14":"tag-headlines","15":"tag-home","16":"tag-latest-news","17":"tag-latestnews","18":"tag-news","19":"tag-noticias","20":"tag-noticias-destacadas","21":"tag-noticiasdestacadas","22":"tag-real-madrid","23":"tag-spain","24":"tag-titulares","25":"tag-ultimas-noticias","26":"tag-ultimasnoticias"},"share_on_mastodon":{"url":"https:\/\/pubeurope.com\/@es\/115554386124362463","error":""},"_links":{"self":[{"href":"https:\/\/www.europesays.com\/es\/wp-json\/wp\/v2\/posts\/237554","targetHints":{"allow":["GET"]}}],"collection":[{"href":"https:\/\/www.europesays.com\/es\/wp-json\/wp\/v2\/posts"}],"about":[{"href":"https:\/\/www.europesays.com\/es\/wp-json\/wp\/v2\/types\/post"}],"author":[{"embeddable":true,"href":"https:\/\/www.europesays.com\/es\/wp-json\/wp\/v2\/users\/2"}],"replies":[{"embeddable":true,"href":"https:\/\/www.europesays.com\/es\/wp-json\/wp\/v2\/comments?post=237554"}],"version-history":[{"count":0,"href":"https:\/\/www.europesays.com\/es\/wp-json\/wp\/v2\/posts\/237554\/revisions"}],"wp:featuredmedia":[{"embeddable":true,"href":"https:\/\/www.europesays.com\/es\/wp-json\/wp\/v2\/media\/171506"}],"wp:attachment":[{"href":"https:\/\/www.europesays.com\/es\/wp-json\/wp\/v2\/media?parent=237554"}],"wp:term":[{"taxonomy":"category","embeddable":true,"href":"https:\/\/www.europesays.com\/es\/wp-json\/wp\/v2\/categories?post=237554"},{"taxonomy":"post_tag","embeddable":true,"href":"https:\/\/www.europesays.com\/es\/wp-json\/wp\/v2\/tags?post=237554"}],"curies":[{"name":"wp","href":"https:\/\/api.w.org\/{rel}","templated":true}]}}