{"id":237580,"date":"2025-11-15T15:40:09","date_gmt":"2025-11-15T15:40:09","guid":{"rendered":"https:\/\/www.europesays.com\/es\/237580\/"},"modified":"2025-11-15T15:40:09","modified_gmt":"2025-11-15T15:40:09","slug":"carriedo-llama-a-la-reflexion-tras-exigir-vox-a-manueco-que-asuma-sus-demandas-en-publico-antes-del-mediodia-del-lunes","status":"publish","type":"post","link":"https:\/\/www.europesays.com\/es\/237580\/","title":{"rendered":"Carriedo llama a la reflexi\u00f3n tras exigir Vox a Ma\u00f1ueco que asuma sus demandas en p\u00fablico antes del mediod\u00eda del lunes"},"content":{"rendered":"<p>15\/11\/2025<br \/>\n<br \/><strong><br \/>\nActualizado a las 14:50h.<br \/>\n<\/strong><\/p>\n<p class=\"voc-p\" style=\"\">El portavoz de la Junta y consejero de Econom\u00eda y Hacienda, Carlos Fern\u00e1ndez Carriedo, ha llamado este s\u00e1bado a la \u00abreflexi\u00f3n\u00bb de los grupos parlamentarios antes de decidir si respaldan los <a href=\"https:\/\/www.abc.es\/espana\/castilla-leon\/carriedo-pierde-esperanza-pese-psoe-presupuestos-depende-20251114213720-nt.html\" target=\"_self\" data-voc-vtm-id=\"in-text-traffic\" title=\"Presupuestos Generales de la Comunidad\" rel=\"nofollow noopener\">Presupuestos Generales de la Comunidad<\/a> o si presentan enmiendas a la totalidad, tras  &#8230; m\u00e1s de nueve horas de reuniones con los diferentes grupos pol\u00edticos y despu\u00e9s de que <strong>Vox<\/strong>, su antiguo socio, exigiera que el presidente,<strong> Alfonso Fern\u00e1ndez Ma\u00f1ueco,<\/strong> asuma sus demandas en p\u00fablico ante del mediod\u00eda del lunes.<\/p>\n<p class=\"voc-p\" style=\"\">Este s\u00e1bado, Fern\u00e1ndez Carriedo ha cerrado la ronda de conversaciones sobre los presupuestos con el portavoz y el viceportavoz de Vox en las Cortes, David Hierro y Carlos Men\u00e9ndez, una cita que se ha prolongado durante dos horas y cuarto, tras el cual Hierro ha se\u00f1alado que dar\u00e1n de \u00abplazo\u00bb al presidente de la Junta <strong>hasta el mediod\u00eda de este lunes<\/strong> para que haga <strong>\u00abuna declaraci\u00f3n p\u00fablica\u00bb<\/strong> diciendo que acepta el replanteamiento de las ayudas a sindicatos o destinar los fondos de cooperaci\u00f3n internacional al 24 por ciento de la poblaci\u00f3n de Castilla y Le\u00f3n que est\u00e1 \u00aben riesgo de pobreza\u00bb.<\/p>\n<p class=\"voc-p\" style=\"\">Al respecto, el consejero portavoz ha se\u00f1alado en declaraciones recogidas por Ical que \u00abla posici\u00f3n del presidente ya la conocen\u00bb y ha expresado que \u00abhay <strong>32 ejes en el programa de Gobierno<\/strong>\u00bb y ambas formaciones \u00abcoinciden en esos 32 ejes\u00bb.<\/p>\n<p class=\"voc-p\" style=\"\"> \u00abHay varios presupuestos aprobados a esta legislatura, que seguimos manteniendo su utilidad y si en torno a eso podemos seguir construyendo, siempre tendremos mano tendida con todos los grupos pol\u00edticos para intentar seguir haciendo cosas positivas para Castilla y Le\u00f3n\u00bb, ha apuntado.<\/p>\n<p class=\"voc-p\" style=\"\">Desde Vox han indicado que el consejero les reconoci\u00f3 como \u00absocio preferente\u00bb, ante lo cual Fern\u00e1ndez Carriedo ha conestado que \u00aben este legislatura\u00bb se identifican con los 32 ejes sobre los que se sustent\u00f3 el acuerdo de Gobierno sellado con Vox en 2022.<\/p>\n<p class=\"voc-p\" style=\"\"> \u00abHemos tenido una acci\u00f3n de Gobierno que en gran medida ha sido compartida tambi\u00e9n por Vox, y llamamos a que tras estos<strong> d\u00edas de reflexi\u00f3n<\/strong> antes de anunciar su voto definitivo, sean coherentes con el programa de ejes que acordamos en su momento y con los presupuestos que hemos venido acordando en esta legislatura\u00bb.<\/p>\n<p>\nArt\u00edculo solo para suscriptores\n<\/p>\n<p>Reportar un error<\/p>\n","protected":false},"excerpt":{"rendered":"15\/11\/2025 Actualizado a las 14:50h. El portavoz de la Junta y consejero de Econom\u00eda y Hacienda, Carlos Fern\u00e1ndez&hellip;\n","protected":false},"author":2,"featured_media":237581,"comment_status":"","ping_status":"","sticky":false,"template":"","format":"standard","meta":{"footnotes":""},"categories":[8],"tags":[1575,61513,17,18,61512,12115,25,24,18689,13,14,11,19,20,8500,1051,20080,10553,9,10,15,16,1421,27958,23,12,575,21,22,624],"class_list":{"0":"post-237580","1":"post","2":"type-post","3":"status-publish","4":"format-standard","5":"has-post-thumbnail","7":"category-espana","8":"tag-ante","9":"tag-asuma","10":"tag-breaking-news","11":"tag-breakingnews","12":"tag-carriedo","13":"tag-demandas","14":"tag-es","15":"tag-espana","16":"tag-exigir","17":"tag-featured-news","18":"tag-featurednews","19":"tag-headlines","20":"tag-latest-news","21":"tag-latestnews","22":"tag-llama","23":"tag-lunes","24":"tag-manueco","25":"tag-mediodia","26":"tag-news","27":"tag-noticias","28":"tag-noticias-destacadas","29":"tag-noticiasdestacadas","30":"tag-publico","31":"tag-reflexion","32":"tag-spain","33":"tag-titulares","34":"tag-tras","35":"tag-ultimas-noticias","36":"tag-ultimasnoticias","37":"tag-vox"},"share_on_mastodon":{"url":"https:\/\/pubeurope.com\/@es\/115554472813408744","error":""},"_links":{"self":[{"href":"https:\/\/www.europesays.com\/es\/wp-json\/wp\/v2\/posts\/237580","targetHints":{"allow":["GET"]}}],"collection":[{"href":"https:\/\/www.europesays.com\/es\/wp-json\/wp\/v2\/posts"}],"about":[{"href":"https:\/\/www.europesays.com\/es\/wp-json\/wp\/v2\/types\/post"}],"author":[{"embeddable":true,"href":"https:\/\/www.europesays.com\/es\/wp-json\/wp\/v2\/users\/2"}],"replies":[{"embeddable":true,"href":"https:\/\/www.europesays.com\/es\/wp-json\/wp\/v2\/comments?post=237580"}],"version-history":[{"count":0,"href":"https:\/\/www.europesays.com\/es\/wp-json\/wp\/v2\/posts\/237580\/revisions"}],"wp:featuredmedia":[{"embeddable":true,"href":"https:\/\/www.europesays.com\/es\/wp-json\/wp\/v2\/media\/237581"}],"wp:attachment":[{"href":"https:\/\/www.europesays.com\/es\/wp-json\/wp\/v2\/media?parent=237580"}],"wp:term":[{"taxonomy":"category","embeddable":true,"href":"https:\/\/www.europesays.com\/es\/wp-json\/wp\/v2\/categories?post=237580"},{"taxonomy":"post_tag","embeddable":true,"href":"https:\/\/www.europesays.com\/es\/wp-json\/wp\/v2\/tags?post=237580"}],"curies":[{"name":"wp","href":"https:\/\/api.w.org\/{rel}","templated":true}]}}