{"id":237594,"date":"2025-11-15T15:54:10","date_gmt":"2025-11-15T15:54:10","guid":{"rendered":"https:\/\/www.europesays.com\/es\/237594\/"},"modified":"2025-11-15T15:54:10","modified_gmt":"2025-11-15T15:54:10","slug":"el-cuco-de-cristal-la-ultima-serie-de-netflix-que-adapta-el-universo-literario-de-javier-castillo","status":"publish","type":"post","link":"https:\/\/www.europesays.com\/es\/237594\/","title":{"rendered":"\u00abEl cuco de cristal\u00bb, la \u00faltima serie de Netflix que adapta el universo literario de Javier Castillo"},"content":{"rendered":"<p>\t\t\t \t\t \t\t\t\t\t\t\t\u00c1lex Garc\u00eda junto a Itziar Itu\u00f1o, en la serie <strong class=\"pd-l\">JULIO VERGNE | NETFLIX  <\/strong><\/p>\n<p>\t\t\t\t\t\tCatalina Sopelana, \u00c1lex Garc\u00eda, Itziar Itu\u00f1o e Iv\u00e1n Massagu\u00e9 son los protagonistas de este \u00abthriller\u00bb<br \/>\n\t\t\t\t\t\t\t\t\t\t\t\t<strong>15 nov 2025<\/strong> . Actualizado a las 10:43 h.\t\t\t\t\t\t<\/p>\n<p class=\"first-paragraph txt\"><strong>Netflix<\/strong>\u00a0acaba de estrenar la serie <strong>El cuco de cristal<\/strong>, una nueva adaptaci\u00f3n de los libros de <strong>Javier Castillo<\/strong>, que en este thriller narra la historia de Clara (interpretada por Catalina Sopelana), una m\u00e9dico residente que tras ser trasplantada del coraz\u00f3n se traslada a un peque\u00f1o y enigm\u00e1tico pueblo para descubrir qui\u00e9n fue su donante.<\/p>\n<p class=\"txt\">All\u00ed conocer\u00e1 a Marta (Itziar Itu\u00f1o), la madre del joven donante, Juan (Alfons Nieto), fallecido en un accidente de tr\u00e1fico; pero tambi\u00e9n a Rafael (Iv\u00e1n Massagu\u00e9), compa\u00f1ero en la Guardia Civil de Miguel, el marido de Marta, desaparecido casi 20 a\u00f1os atr\u00e1s. La ficci\u00f3n tambi\u00e9n cuenta con la<a class=\"link-txt\" href=\"https:\/\/www.lavozdegalicia.es\/noticia\/sociedad\/2025\/10\/12\/alex-garcia-sincera-tras-muerte-veronica-echegui-aprendiendo-aceptar-vida-manda\/00031760289911861731462.htm\" rel=\"nofollow noopener\" target=\"_blank\"> participaci\u00f3n del actor \u00c1lex Garc\u00eda<\/a>.\u00a0<\/p>\n<p class=\"txt\">\u00abEs un viaje que abruma mucho, pero s\u00e9 que estoy en las mejores manos\u00bb, asegura Castillo sobre la tercera adaptaci\u00f3n de una de sus novelas por parte de Netflix, cuyo cat\u00e1logo ya contiene las series La chica de nieve y El juego del alma.<\/p>\n<p class=\"txt\">Para el escritor malague\u00f1o, lo m\u00e1s importante de la adaptaci\u00f3n es que est\u00e9 alineada con el <strong>alma de la historia<\/strong>, algo que, en su opini\u00f3n, se ha logrado. \u00abEn la serie el universo de la historia te atrapa igual que en el libro\u00bb, asegura.<\/p>\n<p class=\"txt\">Sobre la existencia de diferencias entre el libro y la serie que puedan molestar a sus seguidores, Castillo defiende que los cambios son \u00absutiles\u00bb, siendo el m\u00e1s grande el lugar donde se ambienta la historia: mientras que en la novela se desarrolla en Estados Unidos, la ficci\u00f3n de Netflix se ha grabado en los<strong> bosques de Herv\u00e1s<\/strong>.<\/p>\n<p class=\"txt\">\u00abEl universo de este libro es especial, as\u00ed que era importante encontrar el lugar porque tiene mucho peso\u00bb, asevera la directora de la serie, Laura Alvea.<\/p>\n<p class=\"txt\">La ficci\u00f3n transcurre en dos ejes temporales: el 2023, con la visita de Clara (momento en el que tambi\u00e9n desaparece una ni\u00f1a), y el 2005, cuando se muestra el pasado de Miguel, que intenta salvar a una mujer de un incendio y se obsesiona con demostrar la culpabilidad del marido.<\/p>\n<p class=\"txt\">A trav\u00e9s de <strong>seis episodios<\/strong>, los espectadores descubrir\u00e1n los hilos que unen estos hechos y los claroscuros que esconde cada personaje.<\/p>\n<p class=\"txt\">\u00abAl final de la serie los personajes se relacionan con su<strong> lado salvaje<\/strong> de un modo u otro: algunos luchan contra \u00e9l e intentan alejarlo, pero otros lo abrazan, lo aman y lo aceptan\u00bb, concreta Alvea.<\/p>\n<p class=\"txt\">Por su parte, Sopelana describe la ficci\u00f3n como un \u00abthriller emocional\u00bb protagonizada por personajes \u00abmuy rotos\u00bb.<\/p>\n<p class=\"txt\">\u00abCada personaje tira de un hilo y arrastra con \u00e9l muchas cosas sorprendentes. Es una serie impactante, con giros de guion y cosas que te sorprenden. Habla de venganza, traici\u00f3n, amor, de cosas escondidas, de presencias que remueven&#8230;\u00bb, subraya Massagu\u00e9.<\/p>\n<p class=\"txt\">Para ambos actores es importante contentar a los adeptos de las novelas de Javier Castillo, que ha vendido m\u00e1s de dos millones y medio de copias de sus libros.<\/p>\n<p class=\"txt\">\u00abLos &#8216;fans&#8217; est\u00e1n muy pendientes del estreno y hay nervios. Eres consciente de que hay que hacerlo bien y estar a la altura\u00bb, apostilla Sopelana.<\/p>\n<p class=\"txt\">Sobre si <strong>El cuco de cristal<\/strong> tendr\u00e1 una segunda parte como lo tuvo La chica de nieve, Castillo apunta que cuando escribi\u00f3 la novela la concibi\u00f3 como una historia cerrada, pese a que el nivel parezca abierto: \u00abMe gusta que la gente piense c\u00f3mo continuar\u00eda, no darlo todo masticado\u00bb.<\/p>\n<p>&#13;<br \/>\n\tArchivado en:&#13;<br \/>\n\t\t\t\t\t<a href=\"https:\/\/www.lavozdegalicia.es\/temas\/series\/\" target=\"_blank\" class=\"mg-l\" rel=\"nofollow noopener\">Series<\/a>&#13;<br \/>\n\t&#13;<\/p>\n","protected":false},"excerpt":{"rendered":"\u00c1lex Garc\u00eda junto a Itziar Itu\u00f1o, en la serie JULIO VERGNE | NETFLIX Catalina Sopelana, \u00c1lex Garc\u00eda, Itziar&hellip;\n","protected":false},"author":2,"featured_media":237595,"comment_status":"","ping_status":"","sticky":false,"template":"","format":"standard","meta":{"footnotes":""},"categories":[171],"tags":[146,147,25,24,805,23,214],"class_list":{"0":"post-237594","1":"post","2":"type-post","3":"status-publish","4":"format-standard","5":"has-post-thumbnail","7":"category-tv","8":"tag-entertainment","9":"tag-entretenimiento","10":"tag-es","11":"tag-espana","12":"tag-series","13":"tag-spain","14":"tag-tv"},"share_on_mastodon":{"url":"https:\/\/pubeurope.com\/@es\/115554527708724467","error":""},"_links":{"self":[{"href":"https:\/\/www.europesays.com\/es\/wp-json\/wp\/v2\/posts\/237594","targetHints":{"allow":["GET"]}}],"collection":[{"href":"https:\/\/www.europesays.com\/es\/wp-json\/wp\/v2\/posts"}],"about":[{"href":"https:\/\/www.europesays.com\/es\/wp-json\/wp\/v2\/types\/post"}],"author":[{"embeddable":true,"href":"https:\/\/www.europesays.com\/es\/wp-json\/wp\/v2\/users\/2"}],"replies":[{"embeddable":true,"href":"https:\/\/www.europesays.com\/es\/wp-json\/wp\/v2\/comments?post=237594"}],"version-history":[{"count":0,"href":"https:\/\/www.europesays.com\/es\/wp-json\/wp\/v2\/posts\/237594\/revisions"}],"wp:featuredmedia":[{"embeddable":true,"href":"https:\/\/www.europesays.com\/es\/wp-json\/wp\/v2\/media\/237595"}],"wp:attachment":[{"href":"https:\/\/www.europesays.com\/es\/wp-json\/wp\/v2\/media?parent=237594"}],"wp:term":[{"taxonomy":"category","embeddable":true,"href":"https:\/\/www.europesays.com\/es\/wp-json\/wp\/v2\/categories?post=237594"},{"taxonomy":"post_tag","embeddable":true,"href":"https:\/\/www.europesays.com\/es\/wp-json\/wp\/v2\/tags?post=237594"}],"curies":[{"name":"wp","href":"https:\/\/api.w.org\/{rel}","templated":true}]}}