{"id":237661,"date":"2025-11-15T16:49:12","date_gmt":"2025-11-15T16:49:12","guid":{"rendered":"https:\/\/www.europesays.com\/es\/237661\/"},"modified":"2025-11-15T16:49:12","modified_gmt":"2025-11-15T16:49:12","slug":"la-crisis-de-los-huevos-en-la-ue-en-2025-un-10-mas-caros-de-media-en-espana-un-172","status":"publish","type":"post","link":"https:\/\/www.europesays.com\/es\/237661\/","title":{"rendered":"La crisis de los huevos en la UE en 2025: un 10% m\u00e1s caros de media, en Espa\u00f1a un 17,2%"},"content":{"rendered":"<p>El encarecimiento de los huevos es un <strong>fen\u00f3meno que afecta a toda la Uni\u00f3n Europea<\/strong>, aunque con intensidades muy diferentes seg\u00fan los pa\u00edses. Los datos de Eurostat hasta septiembre revelan que <strong>la media europea registr\u00f3 una subida del 10%<\/strong> en la variaci\u00f3n interanual, mientras que en <strong>la zona euro el incremento fue del 6,8%<\/strong>, evidenciando una fragmentaci\u00f3n significativa en el mercado continental.<\/p>\n<p>Sin embargo, estas cifras esconden grandes disparidades entre los Estados miembros. Mientras pa\u00edses como Francia experimentaron aumentos de apenas el 1,6% y Alemania del 3,1%, otras naciones han vivido escaladas mucho m\u00e1s pronunciadas. <strong>Espa\u00f1a se sit\u00faa como el s\u00e9ptimo pa\u00eds de la UE con mayor incremento<\/strong>, con un 17,9% de subida hasta septiembre, casi ocho puntos porcentuales por encima de la media comunitaria y m\u00e1s del doble que la zona euro.<\/p>\n<p>La <strong>Direcci\u00f3n General de Agricultura y Desarrollo Rural de la Comisi\u00f3n Europea<\/strong> monitoriza semanalmente los precios en origen de todos los pa\u00edses miembros, estableciendo referencias medias que oscilan entre <strong>2,8 y 3 euros por kilo<\/strong> seg\u00fan el tipo de producci\u00f3n. Este seguimiento revela que, aunque los precios absolutos var\u00edan moderadamente entre pa\u00edses, <strong>la velocidad del incremento diverge dram\u00e1ticamente<\/strong>: algunos grandes productores como Francia y Alemania mantienen una relativa estabilidad, mientras otros mercados experimentan tensiones inflacionarias significativas.<\/p>\n<p>El contexto europeo, que <a href=\"https:\/\/es.euronews.com\/business\/2025\/03\/28\/escasez-de-huevos-en-eeuu-esta-europa-dispuesta-a-ayudar-pese-a-los-aranceles\" rel=\"nofollow noopener\" target=\"_blank\">parece seguir la l\u00ednea del estadounidense<\/a>, muestra que factores estructurales afectan de forma desigual al continente: <strong>circunstancias geopol\u00edticas, clim\u00e1ticas y de costes<\/strong> impactan con diferente intensidad seg\u00fan las caracter\u00edsticas de cada mercado nacional, la estructura de producci\u00f3n y las din\u00e1micas de oferta y demanda locales.<\/p>\n<p>El caso espa\u00f1ol: l\u00edder en encarecimiento entre grandes productores<\/p>\n<p><strong>Espa\u00f1a, tercer pa\u00eds que m\u00e1s huevos produce en la UE<\/strong>, presenta una situaci\u00f3n parad\u00f3jica: mientras su precio en origen a\u00fan se mantiene ligeramente por debajo de la media europea, <a href=\"https:\/\/es.euronews.com\/business\/2025\/11\/12\/gripe-aviar-dispara-precio-huevos-espana-tres-veces-mayor-ue\" rel=\"nofollow noopener\" target=\"_blank\"><strong>su incremento interanual del 22,5%<\/strong><\/a> la convierte en uno de los mercados donde m\u00e1s r\u00e1pido crecen los precios. Esta escalada sit\u00faa a los huevos como <strong>el alimento que m\u00e1s ha subido en Espa\u00f1a<\/strong>, por <a href=\"https:\/\/es.euronews.com\/business\/2025\/07\/23\/grano-frente-a-taza-donde-esta-el-cafe-para-llevar-mas-caro-de-europa\" rel=\"nofollow noopener\" target=\"_blank\">encima del caf\u00e9 <\/a>(19%), la carne de vacuno (18%) o el <a href=\"https:\/\/es.euronews.com\/my-europe\/2025\/09\/09\/donde-esta-subiendo-mas-el-precio-del-chocolate-en-europa\" rel=\"nofollow noopener\" target=\"_blank\">chocolate<\/a> (16%).<\/p>\n<p>Los datos del \u00cdndice de Precios al Consumo (IPC) muestran que el incremento es <strong>casi diez veces mayor que el conjunto de alimentos<\/strong> (2,4%) y <strong>siete veces superior al IPC general<\/strong> (3,1%). En el ranking de todos los productos de consumo, los huevos ocupan el <strong>cuarto lugar en encarecimiento<\/strong>, solo superados por la recogida de basuras, los hoteles y los abonos de transporte.<\/p>\n<p>La subida ha sido especialmente pronunciada en <strong>2025, con un 21,7% acumulado<\/strong> en lo que va de a\u00f1o. Los mayores incrementos se registraron en <strong>marzo (7,2%)<\/strong> y <strong>abril (5,7%)<\/strong>, y tras unos meses de moderaci\u00f3n, en <strong>octubre repunt\u00f3 con fuerza: un 5,1%<\/strong> adicional. El precio en origen ya supera los <strong>tres euros por kilo<\/strong> en casi todas las variedades, con un incremento de <strong>m\u00e1s de 70 c\u00e9ntimos respecto al a\u00f1o anterior<\/strong>.<\/p>\n<p>El ministro de Agricultura, Luis Planas, ha subrayado que el problema no es coyuntural: <strong>\u00abLa evoluci\u00f3n de los precios viene desde 2021\u00bb<\/strong> y responde a un desequilibrio estructural. El <strong>consumo creci\u00f3 un 3%<\/strong> el a\u00f1o pasado, mientras que la <strong>producci\u00f3n apenas aument\u00f3 un 0,4%<\/strong>, creando una tensi\u00f3n entre oferta y demanda que explica la presi\u00f3n alcista sobre los precios, aunque no justifica completamente la diferencia con otros pa\u00edses europeos.<\/p>\n<p>Diferencias por tipo de producci\u00f3n y perspectivas<\/p>\n<p>Los precios var\u00edan significativamente seg\u00fan el m\u00e9todo de cr\u00eda. Los huevos de <strong>gallinas criadas en jaulas o en el suelo<\/strong> cuestan en origen 2,99 y 3,13 euros por kilo, superando la media europea en 16 y 8 c\u00e9ntimos respectivamente desde principios de octubre. En contraste, los <strong>huevos camperos y ecol\u00f3gicos<\/strong> se mantienen 15 y 38 c\u00e9ntimos m\u00e1s baratos que el umbral comunitario, con precios de 3,2 y 4,18 euros por kilo.<\/p>\n<p>En el \u00faltimo mes, todas las variedades han experimentado incrementos de entre 25 y 40 c\u00e9ntimos, y <strong>el aumento interanual supera los 70 c\u00e9ntimos en todos los casos<\/strong>. Esta tendencia creciente, iniciada en julio seg\u00fan los datos de la Comisi\u00f3n Europea, a\u00fan no muestra signos de moderaci\u00f3n, a pesar de que el Ministerio de Agricultura ha decretado esta semana el <strong>confinamiento de todas las explotaciones de aves de corral al aire libre<\/strong> para prevenir <a href=\"https:\/\/es.euronews.com\/salud\/2025\/11\/06\/alerta-sanitaria-espana-cierra-las-granjas-al-aire-libre-ante-la-amenaza-de-la-gripe-aviar\" rel=\"nofollow noopener\" target=\"_blank\">contagios de gripe aviar<\/a>, una medida que podr\u00eda tener impacto en la producci\u00f3n futura.<\/p>\n","protected":false},"excerpt":{"rendered":"El encarecimiento de los huevos es un fen\u00f3meno que afecta a toda la Uni\u00f3n Europea, aunque con intensidades&hellip;\n","protected":false},"author":2,"featured_media":237662,"comment_status":"","ping_status":"","sticky":false,"template":"","format":"standard","meta":{"footnotes":""},"categories":[8],"tags":[17,18,8971,25,24,700,13,14,11,19,20,9,10,15,16,8038,23,12,21,22],"class_list":{"0":"post-237661","1":"post","2":"type-post","3":"status-publish","4":"format-standard","5":"has-post-thumbnail","7":"category-espana","8":"tag-breaking-news","9":"tag-breakingnews","10":"tag-comida","11":"tag-es","12":"tag-espana","13":"tag-europa","14":"tag-featured-news","15":"tag-featurednews","16":"tag-headlines","17":"tag-latest-news","18":"tag-latestnews","19":"tag-news","20":"tag-noticias","21":"tag-noticias-destacadas","22":"tag-noticiasdestacadas","23":"tag-precios","24":"tag-spain","25":"tag-titulares","26":"tag-ultimas-noticias","27":"tag-ultimasnoticias"},"share_on_mastodon":{"url":"https:\/\/pubeurope.com\/@es\/115554744100911365","error":""},"_links":{"self":[{"href":"https:\/\/www.europesays.com\/es\/wp-json\/wp\/v2\/posts\/237661","targetHints":{"allow":["GET"]}}],"collection":[{"href":"https:\/\/www.europesays.com\/es\/wp-json\/wp\/v2\/posts"}],"about":[{"href":"https:\/\/www.europesays.com\/es\/wp-json\/wp\/v2\/types\/post"}],"author":[{"embeddable":true,"href":"https:\/\/www.europesays.com\/es\/wp-json\/wp\/v2\/users\/2"}],"replies":[{"embeddable":true,"href":"https:\/\/www.europesays.com\/es\/wp-json\/wp\/v2\/comments?post=237661"}],"version-history":[{"count":0,"href":"https:\/\/www.europesays.com\/es\/wp-json\/wp\/v2\/posts\/237661\/revisions"}],"wp:featuredmedia":[{"embeddable":true,"href":"https:\/\/www.europesays.com\/es\/wp-json\/wp\/v2\/media\/237662"}],"wp:attachment":[{"href":"https:\/\/www.europesays.com\/es\/wp-json\/wp\/v2\/media?parent=237661"}],"wp:term":[{"taxonomy":"category","embeddable":true,"href":"https:\/\/www.europesays.com\/es\/wp-json\/wp\/v2\/categories?post=237661"},{"taxonomy":"post_tag","embeddable":true,"href":"https:\/\/www.europesays.com\/es\/wp-json\/wp\/v2\/tags?post=237661"}],"curies":[{"name":"wp","href":"https:\/\/api.w.org\/{rel}","templated":true}]}}