{"id":237742,"date":"2025-11-15T17:59:13","date_gmt":"2025-11-15T17:59:13","guid":{"rendered":"https:\/\/www.europesays.com\/es\/237742\/"},"modified":"2025-11-15T17:59:13","modified_gmt":"2025-11-15T17:59:13","slug":"mercadona-revela-de-donde-proceden-las-naranjas-que-venden-en-sus-supermercados-entre-noviembre-y-agosto","status":"publish","type":"post","link":"https:\/\/www.europesays.com\/es\/237742\/","title":{"rendered":"Mercadona revela de d\u00f3nde proceden las naranjas que venden en sus supermercados entre noviembre y agosto"},"content":{"rendered":"<p class=\"paragraph-atom&#10;        &#10;        B-510-400-550-N B-525-400-700-N--md&#10;        &#10;        \">\n    Si eres <strong>cliente habitual de los supermercados Mercadona en C\u00e1diz<\/strong> te habr\u00e1s dado cuenta que desde unos d\u00edas la compa\u00f1\u00eda valenciana <strong>anuncia por megafon\u00eda y a trav\u00e9s de sus redes sociales<\/strong> el inicio de la pr\u00f3xima <strong>campa\u00f1a de naranja nacional<\/strong> en sus establecimientos y durante los siguientes diez meses. En concreto, Mercadona comienza ahora en noviembre la comercializaci\u00f3n de naranja nacional, &#8216;abriendo la veda&#8217; a <strong>uno de los c\u00edtricos m\u00e1s consumidos en invierno<\/strong> por las propiedades saludables que se les presuponen.\n    <\/p>\n<p class=\"paragraph-atom&#10;        &#10;        B-510-400-550-N B-525-400-700-N--md&#10;        &#10;        \">\n    Durante esta campa\u00f1a, la empresa de Juan Roig pretende comercializar en sus establecimientos f\u00edsicos y a trav\u00e9s de venta online <strong>m\u00e1s de 130.000 toneladas de naranjas procedentes de los campos espa\u00f1oles<\/strong> y gracias a la labor de unos 2.000 agricultores y a 13 proveedores nacionales.\n    <\/p>\n<p class=\"paragraph-atom&#10;        &#10;        B-510-400-550-N B-525-400-700-N--md&#10;        &#10;        \">\n    Para la presente campa\u00f1a que acaba de comenzar y que se alargar\u00e1 aproximadamente hasta el pr\u00f3ximo mes de agosto, la compa\u00f1\u00eda comercializar\u00e1 naranjas procedentes de campos de Comunitat Valenciana, <strong>Andaluc\u00eda<\/strong>, Regi\u00f3n de Murcia y Catalunya, gracias a la colaboraci\u00f3n con los proveedores Martinavarro, Bollo, Fontestad, Frutas Tono, Frutinter, Anecoop, Alcafruit, Lasarte, Agronostrum, AM Fresh Spain Citrus, Grupo Llusar Torres, Vicente Giner y Nufresco. En el caso concreto de Andaluc\u00eda, y seg\u00fan un mapa con las zonas de producci\u00f3n nacional que surten a Mercadona, las naranjas proceder\u00edan de las <strong>provincia de Huelva, Sevilla y C\u00f3rdoba<\/strong>.\n    <\/p>\n<p>                                                            <img decoding=\"async\" loading=\"lazy\" src=\"https:\/\/www.europesays.com\/es\/wp-content\/uploads\/2025\/11\/113d10ed-37b7-4ea7-a45e-cebc890fabcd_source-aspect-ratio_1600w_1027846.jpg\" alt=\"Zonas productoras de naranjas nacionales para Mercadona.\" title=\"Zonas productoras de naranjas nacionales para Mercadona.\" height=\"600\" width=\"900\"\/><\/p>\n<p>            Zonas productoras de naranjas nacionales para Mercadona.<\/p>\n<p class=\"paragraph-atom&#10;        &#10;        B-510-400-550-N B-525-400-700-N--md&#10;        &#10;        \">\n    Mercadona ofrece en todas sus tiendas naranja nacional en sus tres principales formatos: a granel y malla de 3 y 5 kilos. La entrada de la naranja da as\u00ed continuidad a la campa\u00f1a 2025\/26 de c\u00edtricos de origen nacional en Mercadona, que comenz\u00f3 el pasado mes de octubre con la llegada de la mandarina y el lim\u00f3n de proveedores espa\u00f1oles.\n    <\/p>\n<p class=\"paragraph-atom&#10;        &#10;        B-510-400-550-N B-525-400-700-N--md&#10;        &#10;        \">\n    En total, el 85% de la producci\u00f3n de naranja que comercializa Mercadona es de origen nacional, concretamente la que se vende entre los meses de noviembre y agosto. Las frutas que encontramos en los lineales correspondientes durante septiembre y octubre, meses en los que tambi\u00e9n se venden naranjas en los supermercados, son las que proceder\u00edan de la importaci\u00f3n.\n    <\/p>\n","protected":false},"excerpt":{"rendered":"Si eres cliente habitual de los supermercados Mercadona en C\u00e1diz te habr\u00e1s dado cuenta que desde unos d\u00edas&hellip;\n","protected":false},"author":2,"featured_media":237743,"comment_status":"","ping_status":"","sticky":false,"template":"","format":"standard","meta":{"footnotes":""},"categories":[80],"tags":[82,95,94,25,24,4973,23009,61530,1789,23,3212,13914],"class_list":{"0":"post-237742","1":"post","2":"type-post","3":"status-publish","4":"format-standard","5":"has-post-thumbnail","7":"category-economia","8":"tag-business","9":"tag-economia","10":"tag-economy","11":"tag-es","12":"tag-espana","13":"tag-mercadona","14":"tag-naranjas","15":"tag-proceden","16":"tag-revela","17":"tag-spain","18":"tag-supermercados","19":"tag-venden"},"share_on_mastodon":{"url":"https:\/\/pubeurope.com\/@es\/115555020266938541","error":""},"_links":{"self":[{"href":"https:\/\/www.europesays.com\/es\/wp-json\/wp\/v2\/posts\/237742","targetHints":{"allow":["GET"]}}],"collection":[{"href":"https:\/\/www.europesays.com\/es\/wp-json\/wp\/v2\/posts"}],"about":[{"href":"https:\/\/www.europesays.com\/es\/wp-json\/wp\/v2\/types\/post"}],"author":[{"embeddable":true,"href":"https:\/\/www.europesays.com\/es\/wp-json\/wp\/v2\/users\/2"}],"replies":[{"embeddable":true,"href":"https:\/\/www.europesays.com\/es\/wp-json\/wp\/v2\/comments?post=237742"}],"version-history":[{"count":0,"href":"https:\/\/www.europesays.com\/es\/wp-json\/wp\/v2\/posts\/237742\/revisions"}],"wp:featuredmedia":[{"embeddable":true,"href":"https:\/\/www.europesays.com\/es\/wp-json\/wp\/v2\/media\/237743"}],"wp:attachment":[{"href":"https:\/\/www.europesays.com\/es\/wp-json\/wp\/v2\/media?parent=237742"}],"wp:term":[{"taxonomy":"category","embeddable":true,"href":"https:\/\/www.europesays.com\/es\/wp-json\/wp\/v2\/categories?post=237742"},{"taxonomy":"post_tag","embeddable":true,"href":"https:\/\/www.europesays.com\/es\/wp-json\/wp\/v2\/tags?post=237742"}],"curies":[{"name":"wp","href":"https:\/\/api.w.org\/{rel}","templated":true}]}}