{"id":237746,"date":"2025-11-15T18:01:22","date_gmt":"2025-11-15T18:01:22","guid":{"rendered":"https:\/\/www.europesays.com\/es\/237746\/"},"modified":"2025-11-15T18:01:22","modified_gmt":"2025-11-15T18:01:22","slug":"los-vinos-de-la-ribera-del-duero-de-soria-llenan-un-ano-mas-la-plaza-de-mariano-granados-desdesoria","status":"publish","type":"post","link":"https:\/\/www.europesays.com\/es\/237746\/","title":{"rendered":"Los vinos de la Ribera del Duero de Soria llenan un a\u00f1o m\u00e1s la plaza de Mariano Granados &#8211; desdeSoria"},"content":{"rendered":"<ol>\n<li><a href=\"https:\/\/news.google.com\/rss\/articles\/CBMiyAFBVV95cUxNODhHaTNKMXVkNk1yMHM1blRudFBXQmNRYmNwTjBXOTRSa2xjZ1RCZGVnaTFNY1JxU0p5eGpOdUsxQ2IwTTRjZ3hoTjZYQXVPcFh4M1B5elhjcjdNZkdFY1dDTXNUVW1TTmVGcXRTeHhCc2RxQmxwZFZkYzI3TS13enF6ZlFGcXJsTV9uOF9zWWtXb3NaUFJVem9JWjBzYlNTazV3ajFWb01FU2lxQWJkUVF2TnRwbTZyNXhHa2pvZXhYSlZfR1JzbNIBzgFBVV95cUxOSGxtWUN0Zi1jakpwRG5jT0Eyc2EyU3RLZ2c1TjRtd2VRWHgtWmVuOWpuZGk3RG0wVkpESDJ3a0pEcTJJMk9waVBrNlhJZWpQWXgyVEg2dWJ6dkpIOVpmS0h6VXdrUHU1b0xsSm9tRG5manRyLXFDUjh1TmwwektHVXRTN2M5NjhOUlRZTm43Zmx1Q0xRdF9uMWdrSGhfZVZxOWpZUlhkOGtSbXQ0Rkdoc19ocENxU1Jub09HMEhzQVFycTFQU2p6VUNLd3QwZw?oc=5\" target=\"_blank\" rel=\"nofollow noopener\">Los vinos de la Ribera del Duero de Soria llenan un a\u00f1o m\u00e1s la plaza de Mariano Granados<\/a>&nbsp;&nbsp;desdeSoria<\/li>\n<li><a href=\"https:\/\/news.google.com\/rss\/articles\/CBMiygFBVV95cUxOUUY4TndjN1NMZUZtWFZmRGdjdmpnekIybnVmanpjeVZ1RkxLWFRCYXJtTnZUdHVTOTZLVEdBOWVWUVFrTHE3UlcwVkF0QV9jeGNnTkFQbG95QnU5T1BlQ2RhUXktODkxSmMwOGZNcVV4bnF1OVJTdUIxQWZheHlmR0o4NlRJaFlrY2VFdEZXV2xQZUhnaHlIVXZ2bUxBcU1xLVlNZ1Y2cmVBa1U4bkFocFRCTS1FZG5WbXAwdFA0SG9MWGMyVHVNejln0gHPAUFVX3lxTE9KZlJ3YWQ3SGR0aXNMMnNxNUw4OUp5ZUlCMlFpY0h2S3diMmlYcDFoS1lEQTd5SnZqanBseWNlaF84OWxhdW81R3BnanRuZFZyRUZsaWxLRlhPN1RJbXBlUjI2Y0VucVk5dHFaS084UExBbFduZVBlWEJEVkxfVXVSZjhNNjJrLVJJd09XRnlqTlo2TWMzZ2Z5SGdxVTNCNlRWdlpmSVVpd29NalE5TEpKY2hqeVRaRmRFSFpBaFBXNHRId1JjVkttbzlJbjdjVQ?oc=5\" target=\"_blank\" rel=\"nofollow noopener\">Cr\u00f3nica y galer\u00eda | Mucho vino y productos sorianos en la plaza Mariano Granados<\/a>&nbsp;&nbsp;SoriaNoticias<\/li>\n<li><a href=\"https:\/\/news.google.com\/rss\/articles\/CBMi8gFBVV95cUxPUm4yWEFCSE1KZGxZTDZzU0J6eXV2ckpSbFNaQjM5OUpPdGhPczlDd2h0OFd3NjF1bU5JWGwzLVl1YTVNR1VlOGtrczdmNHFVN2Vsbkx3NXQzbmhrRkFRMVBOMEdMckl1SEQ2NUZlQ0Y1WWNDdlk3UGZmeHVNWDNldTJmNXdta1FlNk1JNTA4OTNsWXhGSXJWajlNWHpDaXFVZlhMaG1Dd3c0NlRiaEpCNkFXZVNPMWhrTEVBRFpxWEhFRV8yUVhFUnpMZUV3eU1sQkVKV3R6YnJKX2x6R0tlR1RMaTNpSnpuUkFtSkw5d3FCUQ?oc=5\" target=\"_blank\" rel=\"nofollow noopener\">Soria despliega en Intur su universo de vino, naturaleza y rutas ciclistas<\/a>&nbsp;&nbsp;COPE<\/li>\n<li><a href=\"https:\/\/news.google.com\/rss\/articles\/CBMivAFBVV95cUxNakF2NlV1ZnJ4Y1dsV3dhWTJrTnBCb0VEU2Q1RWlFdnFlb214alR0X1lEQ2dlUGl4SHBUakt3bWR4SVpYRXNXYkFPUThGbjdDVGQ5VWlpcWhzdTBUdFBqNmIyOE10S2h4ajBtcmxVbmNuSUp5NGxTMWc3dXBoejd6WHlnaU9ud3pJa2tzN0ZoNjB4NklqNHdacm0xbXZqdUhzTjFoMmFMNUNfazZpUk9qMXQwemFyMTBYM29ndA?oc=5\" target=\"_blank\" rel=\"nofollow noopener\">La Diputaci\u00f3n de Soria se presenta en Intur con el vino como protagonista<\/a>&nbsp;&nbsp;Europa Press<\/li>\n<li><a href=\"https:\/\/news.google.com\/rss\/articles\/CBMi4gFBVV95cUxQSVI1RlVaTmJwcW5ENm5QcUF6TnRycTdYRGVESms5UXJyMU9vVlJ0Y2xDWVpsWm1xelk2RElDNHl6U3hmM01Ccnk0VGhYMW50RXE4U0gzMlc5WERuMlZGa2xMTzB0NUdPQTl3cE5BMHF3RXVWREVCcllrTmFpWl9PTkhWZUsybnI5RnRpek5RbEtsaE1ENVE1U1ptbzVDUjN3emRIcWl5S0dVeU50NURFLUE2bi13MGhfdnNidFRWOG41SUZ1ZjdxV0plVzg0Z18wcVBPLU1nVUZvaVR0Snc5WHl3?oc=5\" target=\"_blank\" rel=\"nofollow noopener\">La Diputaci\u00f3n Provincial celebra la IV Feria del Vino para potenciar el turismo gastron\u00f3mico y la calidad enol\u00f3gica de la Ribera del Duero soriana<\/a>&nbsp;&nbsp;Diputaci\u00f3n Provincial de Soria<\/li>\n<\/ol>\n","protected":false},"excerpt":{"rendered":"Los vinos de la Ribera del Duero de Soria llenan un a\u00f1o m\u00e1s la plaza de Mariano Granados&nbsp;&nbsp;desdeSoria&hellip;\n","protected":false},"author":2,"featured_media":237747,"comment_status":"","ping_status":"","sticky":false,"template":"","format":"standard","meta":{"footnotes":""},"categories":[8],"tags":[17,18,7264,25,24,13,14,4475,11,19,20,9,10,15,16,6436,492,23,12,21,22],"class_list":{"0":"post-237746","1":"post","2":"type-post","3":"status-publish","4":"format-standard","5":"has-post-thumbnail","7":"category-espana","8":"tag-breaking-news","9":"tag-breakingnews","10":"tag-capital","11":"tag-es","12":"tag-espana","13":"tag-featured-news","14":"tag-featurednews","15":"tag-gastronomia","16":"tag-headlines","17":"tag-latest-news","18":"tag-latestnews","19":"tag-news","20":"tag-noticias","21":"tag-noticias-destacadas","22":"tag-noticiasdestacadas","23":"tag-provincia","24":"tag-sociedad","25":"tag-spain","26":"tag-titulares","27":"tag-ultimas-noticias","28":"tag-ultimasnoticias"},"share_on_mastodon":{"url":"https:\/\/pubeurope.com\/@es\/115555027021074868","error":""},"_links":{"self":[{"href":"https:\/\/www.europesays.com\/es\/wp-json\/wp\/v2\/posts\/237746","targetHints":{"allow":["GET"]}}],"collection":[{"href":"https:\/\/www.europesays.com\/es\/wp-json\/wp\/v2\/posts"}],"about":[{"href":"https:\/\/www.europesays.com\/es\/wp-json\/wp\/v2\/types\/post"}],"author":[{"embeddable":true,"href":"https:\/\/www.europesays.com\/es\/wp-json\/wp\/v2\/users\/2"}],"replies":[{"embeddable":true,"href":"https:\/\/www.europesays.com\/es\/wp-json\/wp\/v2\/comments?post=237746"}],"version-history":[{"count":0,"href":"https:\/\/www.europesays.com\/es\/wp-json\/wp\/v2\/posts\/237746\/revisions"}],"wp:featuredmedia":[{"embeddable":true,"href":"https:\/\/www.europesays.com\/es\/wp-json\/wp\/v2\/media\/237747"}],"wp:attachment":[{"href":"https:\/\/www.europesays.com\/es\/wp-json\/wp\/v2\/media?parent=237746"}],"wp:term":[{"taxonomy":"category","embeddable":true,"href":"https:\/\/www.europesays.com\/es\/wp-json\/wp\/v2\/categories?post=237746"},{"taxonomy":"post_tag","embeddable":true,"href":"https:\/\/www.europesays.com\/es\/wp-json\/wp\/v2\/tags?post=237746"}],"curies":[{"name":"wp","href":"https:\/\/api.w.org\/{rel}","templated":true}]}}