{"id":237748,"date":"2025-11-15T18:04:10","date_gmt":"2025-11-15T18:04:10","guid":{"rendered":"https:\/\/www.europesays.com\/es\/237748\/"},"modified":"2025-11-15T18:04:10","modified_gmt":"2025-11-15T18:04:10","slug":"el-octogenario-acusado-de-asesinar-a-encarnita-polo-esta-bajo-custodia-policial-en-un-centro-psiquiatrico","status":"publish","type":"post","link":"https:\/\/www.europesays.com\/es\/237748\/","title":{"rendered":"El octogenario acusado de asesinar a Encarnita Polo est\u00e1 bajo custodia policial en un centro psiqui\u00e1trico"},"content":{"rendered":"<p>El octogenario acusado de <a href=\"https:\/\/www.huffingtonpost.es\/life\/cultura\/fallece-86-anos-cantante-encarnita-polo-triunfo-paco-paco-pacobr.html\" rel=\"nofollow noopener\" target=\"_blank\">asesinar este viernes a la cantante Encarnita Polo<\/a> en una residencia ya se encuentra bajo custodia policial. Fuentes de la\u00a0Subdelegaci\u00f3n de Gobierno han confirmado a EFE que <b>se encuentra bajo custodia policial en un centro psiqui\u00e1trico hospitalario<\/b>.<\/p>\n<p>El hombre, que anteriormente no hab\u00eda mostrado signos de agresividad en esta residencia para personas mayores, permanecer\u00e1 bajo custodia policial hasta que sus condiciones permitan pasar a disposici\u00f3n judicial, seg\u00fan las mismas fuentes.<\/p>\n<p>Por otra parte, fuentes pr\u00f3ximas a la familia han informado a EFE de que Encarnita Polo ser\u00e1 enterrada en \u00c1vila despu\u00e9s de celebrarse un acto en el velatorio en el que se encuentra el cuerpo de la artista sevillana.<\/p>\n<p>La Polic\u00eda Nacional ha abierto una investigaci\u00f3n para aclarar la muerte de la actriz y cantante.\u00a0La Polic\u00eda inform\u00f3 este viernes que se hab\u00eda producido un fallecimiento en la residencia Decanos de \u00c1vila que estaba siendo investigado por la Brigada Provincial de la Polic\u00eda Judicial.<\/p>\n<p>Fuentes cercanas a la investigaci\u00f3n indicaron a EFE que la fallecida era Encarnita Polo y que hab\u00eda sido otro residente el que la ha agredido provocando su muerte por estrangulamiento.<\/p>\n<p>Encarna Polo fue una las figuras m\u00e1s importantes de la m\u00fasica pop y la copla de los a\u00f1os sesenta y setenta, cuando triunf\u00f3 con su conocida canci\u00f3n Paco, Paco, Paco.\u00a0Su hija, Raquel Waitzman Polo, comunic\u00f3 el fallecimiento a sus conocidos y pidi\u00f3 respeto y privacidad para la familia en estos momentos tan delicados.<\/p>\n<p>\u00ab<b>Con un dolor inmenso quiero comunicar que mi madre, Encarnita Polo, ha fallecido hoy en \u00c1vila<\/b>, la ciudad donde vivimos y donde pas\u00f3 sus \u00faltimos a\u00f1os rodeada de cari\u00f1o\u00bb, es el mensaje que envi\u00f3 la hija de Encarnita a sus allegados.<\/p>\n<p>Y a\u00f1ad\u00eda: <b>\u00abpara muchos fue una cantante y actriz inolvidable<\/b>, una pionera del flamenco-pop cuya voz y personalidad marcaron a varias generaciones. Pero para m\u00ed fue, ante todo, mi madre: una mujer fuerte, divertida y con un car\u00e1cter \u00fanico\u00bb.<\/p>\n<p>Ped\u00eda respeto y privacidad la familia en estos momentos tan delicados e indicaba que no har\u00eda declaraciones p\u00fablicas ni conceder\u00e1 entrevistas: \u00ab<b>Necesito vivir este duelo en silencio y en paz, cerca de quienes la quisimos<\/b>\u00ab.<\/p>\n<p>Nacida en Sevilla en 1939, Encarna Polo logr\u00f3 convertirse en una de las figuras m\u00e1s destacadas del panorama musical espa\u00f1ol de los sesenta y setenta y una de las m\u00e1s populares gracias a la televisi\u00f3n, en la que sigui\u00f3 apareciendo como invitada a pesar de haber dejado el mundo discogr\u00e1fico.<\/p>\n<p>En noviembre de 2012 desvel\u00f3 ser una de las personas afectadas por las preferentes de Bankia y asegur\u00f3 haber perdido considerables fondos. Los \u00faltimos a\u00f1os vivi\u00f3 alejada de los medios de comunicaci\u00f3n y fue tratada de un c\u00e1ncer.<\/p>\n","protected":false},"excerpt":{"rendered":"El octogenario acusado de asesinar este viernes a la cantante Encarnita Polo en una residencia ya se encuentra&hellip;\n","protected":false},"author":2,"featured_media":237081,"comment_status":"","ping_status":"","sticky":false,"template":"","format":"standard","meta":{"footnotes":""},"categories":[5],"tags":[17,18,3061,25,24,13,14,11,19,20,9,10,15,16,23,257,12,21,22],"class_list":{"0":"post-237748","1":"post","2":"type-post","3":"status-publish","4":"format-standard","5":"has-post-thumbnail","7":"category-titulares","8":"tag-breaking-news","9":"tag-breakingnews","10":"tag-cantantes","11":"tag-es","12":"tag-espana","13":"tag-featured-news","14":"tag-featurednews","15":"tag-headlines","16":"tag-latest-news","17":"tag-latestnews","18":"tag-news","19":"tag-noticias","20":"tag-noticias-destacadas","21":"tag-noticiasdestacadas","22":"tag-spain","23":"tag-sucesos","24":"tag-titulares","25":"tag-ultimas-noticias","26":"tag-ultimasnoticias"},"share_on_mastodon":{"url":"https:\/\/pubeurope.com\/@es\/115555038892676547","error":""},"_links":{"self":[{"href":"https:\/\/www.europesays.com\/es\/wp-json\/wp\/v2\/posts\/237748","targetHints":{"allow":["GET"]}}],"collection":[{"href":"https:\/\/www.europesays.com\/es\/wp-json\/wp\/v2\/posts"}],"about":[{"href":"https:\/\/www.europesays.com\/es\/wp-json\/wp\/v2\/types\/post"}],"author":[{"embeddable":true,"href":"https:\/\/www.europesays.com\/es\/wp-json\/wp\/v2\/users\/2"}],"replies":[{"embeddable":true,"href":"https:\/\/www.europesays.com\/es\/wp-json\/wp\/v2\/comments?post=237748"}],"version-history":[{"count":0,"href":"https:\/\/www.europesays.com\/es\/wp-json\/wp\/v2\/posts\/237748\/revisions"}],"wp:featuredmedia":[{"embeddable":true,"href":"https:\/\/www.europesays.com\/es\/wp-json\/wp\/v2\/media\/237081"}],"wp:attachment":[{"href":"https:\/\/www.europesays.com\/es\/wp-json\/wp\/v2\/media?parent=237748"}],"wp:term":[{"taxonomy":"category","embeddable":true,"href":"https:\/\/www.europesays.com\/es\/wp-json\/wp\/v2\/categories?post=237748"},{"taxonomy":"post_tag","embeddable":true,"href":"https:\/\/www.europesays.com\/es\/wp-json\/wp\/v2\/tags?post=237748"}],"curies":[{"name":"wp","href":"https:\/\/api.w.org\/{rel}","templated":true}]}}