{"id":237817,"date":"2025-11-15T19:11:11","date_gmt":"2025-11-15T19:11:11","guid":{"rendered":"https:\/\/www.europesays.com\/es\/237817\/"},"modified":"2025-11-15T19:11:11","modified_gmt":"2025-11-15T19:11:11","slug":"asi-sera-el-nuevo-ikea-en-euskadi-de-3-000-metros-cuadrados-fecha-de-apertura-su-ubicacion-y-horarios-20minutos","status":"publish","type":"post","link":"https:\/\/www.europesays.com\/es\/237817\/","title":{"rendered":"As\u00ed ser\u00e1 el nuevo Ikea en Euskadi de 3.000 metros cuadrados: fecha de apertura, su ubicaci\u00f3n y horarios &#8211; 20Minutos"},"content":{"rendered":"<ol>\n<li><a href=\"https:\/\/news.google.com\/rss\/articles\/CBMingFBVV95cUxNODFlUVVaZTlXaW1wWWpDNkRrSHpmVkI5RkdoZFc3UUs2VDV6SnU0WVBuRUtIWVNzWjBBRTZwODB6aHY3ZG1iYjh6YXlDQmpCbUtYWHZkYlRDTVlncW4xRTNXVXFnYm5xMmZpdFJCRHF4ZHRoTm1tQ05nZzBYSDVQNTBreUQ2OF9lc2NpdHJxN2cwMzAzaUpMeVMwZ1N0QQ?oc=5\" target=\"_blank\" rel=\"nofollow noopener\">As\u00ed ser\u00e1 el nuevo Ikea en Euskadi de 3.000 metros cuadrados: fecha de apertura, su ubicaci\u00f3n y horarios<\/a>&nbsp;&nbsp;20Minutos<\/li>\n<li><a href=\"https:\/\/news.google.com\/rss\/articles\/CBMiogFBVV95cUxOWFZFWTBYNmU0UUR0anFqWEVWSFJaWDQ5MXlrWENreGowZXNLdkFMUWx1RnR3RHMtVTUtTk85M0dYU0JTUzBBbTdNa1FETEtmTXh4TVlKNDZxSUxuZk5iWjJlWXM0QVR1Z1d5emVMazVEa0YydGpMLXVIeGlJZWR4Z3FHVnBrQ0I4cjR1eldMODFrTGdrNHVTVnJaQXFlWEZqWmfSAacBQVVfeXFMTkk0ZFItYWowbFhIUUlJTFk0NFZUajFrNHFITkVvRTQ2c3NjeERrNlEtYjZhRzQ4Rzhyd21ZTXRxclZubTl0WTBXUDZHSmRoMlpXYjVISHZHLVY1czZlb2xSTEtzVkVRR3Y2RnBMMGVROV9YZEd3OGpqU1ktNkVGdWpoMDk1bXNzNzJ1QjZ5a1FsMVNOR2d2QWRkencxdkFZaWxaaUxSbzg?oc=5\" target=\"_blank\" rel=\"nofollow noopener\">Ikea, a punto de abrir en Vitoria &#8211; Gasteiz una gran tienda \u201c\u00fanica en el mundo\u201d de 3.000 metros cuadrados<\/a>&nbsp;&nbsp;Noticias de Navarra<\/li>\n<li><a href=\"https:\/\/news.google.com\/rss\/articles\/CBMigwFBVV95cUxOMkEzd25aaXdkd0xGeWVLTVROaHZJa043cmVwc1lyVlgxY05qVjRpaVhTNWw3UDB4cUFoZmxCUFdWU0FUUk1ydklHZWJlWVZrV0M0M0dsQ214dFhlRkZ2NjQtNlVzY3J2S3IwU0F4Z09LTGg5X1Itd2F5WkJ0bFBQNTl0UdIBlwFBVV95cUxNRllLbHBHbVoyXzlyUndPb1dfZFp0clBQMl9KZTh0X2REWEJZU01oWjRMaTBzX3Q3YkZiR2xhQUJaY0x2bi02NGs1TUZKbnZha3Zrbk5UZkpsUXBsLTFXem4td0huOEpiSWU3TC10NTdUUzBHSnhmazhrbjBnM0MyaEl2cERTRHc3RzZJZ3VkOFlRNmVsOFd3?oc=5\" target=\"_blank\" rel=\"nofollow noopener\">IKEA ya luce en Vitoria<\/a>&nbsp;&nbsp;Cadena SER<\/li>\n<li><a href=\"https:\/\/news.google.com\/rss\/articles\/CBMiakFVX3lxTE9ra0wwRE1JX0tFLUdoNlo4a1FSUFg0dE91VlFrb0tNU1hMVlRZaTlaUWxzekpydWpvRFpscGpIMkp2QU9yNDRSZ21Bd1dONUl0VVVzWXpEUjRtaURQUkZtcGkxOGlHdGJTdVE?oc=5\" target=\"_blank\" rel=\"nofollow noopener\">Ikea ya luce en El Boulevard Vitoria a pocos d\u00edas de su apertura<\/a>&nbsp;&nbsp;Gasteiz Hoy<\/li>\n<li><a href=\"https:\/\/news.google.com\/rss\/articles\/CBMif0FVX3lxTE9aQTNtMTI0MlRpT1pxYUdpNFZEZmdCQzZNZkt6LXQwcGQxRmF2WDZ3N2M5c2dORU1QOFo2NEk1NENMV0VqRm54VDVYZnA3NjhhSlRadUZaMmlySFppN0l3VnNBQmFoZW9oWGNSNktnR1dGSlh2S3VhYUxTU2t3cDDSAX9BVV95cUxPWkEzbTEyNDJUaU9acWFHaTRWRGZnQkM2TWZLei10MHBkMUZhdlg2dzdjOXNnTkVNUDhaNjRJNTRDTFdFakZueFQ1WGZwNzY4YUpUWnVGWjJpckhaaTdJd1ZzQUJhaGVvaFhjUjZLZ0dXRkpYdkt1YWFMU1Nrd3Aw?oc=5\" target=\"_blank\" rel=\"nofollow noopener\">La nueva tienda de IKEA en Vitoria desvela el precio de sus perritos calientes<\/a>&nbsp;&nbsp;GasteizBerri.com<\/li>\n<\/ol>\n","protected":false},"excerpt":{"rendered":"As\u00ed ser\u00e1 el nuevo Ikea en Euskadi de 3.000 metros cuadrados: fecha de apertura, su ubicaci\u00f3n y horarios&nbsp;&nbsp;20Minutos&hellip;\n","protected":false},"author":2,"featured_media":237818,"comment_status":"","ping_status":"","sticky":false,"template":"","format":"standard","meta":{"footnotes":""},"categories":[80],"tags":[8722,82,95,94,25,24,5691,18048,524,23],"class_list":{"0":"post-237817","1":"post","2":"type-post","3":"status-publish","4":"format-standard","5":"has-post-thumbnail","7":"category-economia","8":"tag-asi","9":"tag-business","10":"tag-economia","11":"tag-economy","12":"tag-es","13":"tag-espana","14":"tag-euskadi","15":"tag-ikea","16":"tag-nuevo","17":"tag-spain"},"share_on_mastodon":{"url":"https:\/\/pubeurope.com\/@es\/115555302514530929","error":""},"_links":{"self":[{"href":"https:\/\/www.europesays.com\/es\/wp-json\/wp\/v2\/posts\/237817","targetHints":{"allow":["GET"]}}],"collection":[{"href":"https:\/\/www.europesays.com\/es\/wp-json\/wp\/v2\/posts"}],"about":[{"href":"https:\/\/www.europesays.com\/es\/wp-json\/wp\/v2\/types\/post"}],"author":[{"embeddable":true,"href":"https:\/\/www.europesays.com\/es\/wp-json\/wp\/v2\/users\/2"}],"replies":[{"embeddable":true,"href":"https:\/\/www.europesays.com\/es\/wp-json\/wp\/v2\/comments?post=237817"}],"version-history":[{"count":0,"href":"https:\/\/www.europesays.com\/es\/wp-json\/wp\/v2\/posts\/237817\/revisions"}],"wp:featuredmedia":[{"embeddable":true,"href":"https:\/\/www.europesays.com\/es\/wp-json\/wp\/v2\/media\/237818"}],"wp:attachment":[{"href":"https:\/\/www.europesays.com\/es\/wp-json\/wp\/v2\/media?parent=237817"}],"wp:term":[{"taxonomy":"category","embeddable":true,"href":"https:\/\/www.europesays.com\/es\/wp-json\/wp\/v2\/categories?post=237817"},{"taxonomy":"post_tag","embeddable":true,"href":"https:\/\/www.europesays.com\/es\/wp-json\/wp\/v2\/tags?post=237817"}],"curies":[{"name":"wp","href":"https:\/\/api.w.org\/{rel}","templated":true}]}}