{"id":237837,"date":"2025-11-15T19:29:10","date_gmt":"2025-11-15T19:29:10","guid":{"rendered":"https:\/\/www.europesays.com\/es\/237837\/"},"modified":"2025-11-15T19:29:10","modified_gmt":"2025-11-15T19:29:10","slug":"la-1-de-tve-estrena-esta-pelicula-espanola-del-franquismo-ganadora-de-5-goya-y-del-director-de-el-cautivo","status":"publish","type":"post","link":"https:\/\/www.europesays.com\/es\/237837\/","title":{"rendered":"La 1 de TVE estrena esta pel\u00edcula espa\u00f1ola del franquismo ganadora de 5 Goya y del director de &#8216;El Cautivo&#8217;"},"content":{"rendered":"<p>La 1 de TVE estrena este <strong>domingo, 16 de noviembre, a partir de las 22:00 horas,<\/strong> la cinta<strong> &#8216;Mientras dure la guerra&#8217;<\/strong> bajo su tradicional marca &#8216;La pel\u00edcula de la semana&#8217;. Dirigido por Alejandro Amen\u00e1bar, este film, que se estren\u00f3 en cines en 2019, fue galardonado con cinco Premios Goya. <\/p>\n<p>Se trata de un potente drama sobre el <a href=\"https:\/\/eltelevisero.huffingtonpost.es\/2025\/11\/la-comedia-sobre-el-franquismo-que-pedro-ruiz-recomienda-ver-lo-mejor-del-cine-espanol-de-este-ano\/\" data-type=\"link\" data-id=\"https:\/\/eltelevisero.huffingtonpost.es\/2025\/11\/la-comedia-sobre-el-franquismo-que-pedro-ruiz-recomienda-ver-lo-mejor-del-cine-espanol-de-este-ano\/\" rel=\"nofollow noopener\" target=\"_blank\">franquismo<\/a> que nos sit\u00faa directamente en la Guerra Civil. En su reparto se encuentran actores de primer nivel como <strong>Karra Elejalde, Eduard Fern\u00e1ndez, Nathalie Poza, Tito Valverde, Santi Prego, Patricia L\u00f3pez Arnaiz, Luis Zahera o Inma Cuevas<\/strong>, entre otros. <\/p>\n<p>As\u00ed, La 1 aprovecha la v\u00edspera del 50 aniversario de la muerte de Franco para lanzar esta pel\u00edcula que competir\u00e1 contra los debates de &#8216;La isla de las tentaciones&#8217; y &#8216;Gran Hermano 20&#8217; en Telecinco y contra el nuevo cap\u00edtulo de &#8216;Una nueva vida&#8217;, entre otras ofertas. <\/p>\n<p>Sinopsis: Verano de 1936. El c\u00e9lebre escritor Miguel de Unamuno decide apoyar p\u00fablicamente la sublevaci\u00f3n militar que promete traer orden a la convulsa situaci\u00f3n del pa\u00eds. Inmediatamente es destituido por el gobierno republicano como rector de la Universidad de Salamanca. Mientras, el general Franco consigue sumar sus tropas al frente sublevado e inicia una exitosa campa\u00f1a con la secreta esperanza de hacerse con el mando \u00fanico de la guerra. <\/p>\n<p>La deriva sangrienta del conflicto y el encarcelamiento de algunos de sus compa\u00f1eros provoca que Unamuno empiece a cuestionar su postura inicial y a sopesar sus principios. Cuando Franco traslada su cuartel a Salamanca y es nombrado Jefe del Estado en la zona nacional, Unamuno acude a su Palacio, decidido a hacerle una petici\u00f3n. <\/p>\n<p>Despu\u00e9s, <strong>a las 23:40 horas, La 1 de TVE ofrecer\u00e1 la pel\u00edcula &#8216;Verano en rojo&#8217; <\/strong>(2010). Un thriller policiaco protagonizado por Jos\u00e9 Coronado, Marta Nieto, Luis Callejo, Francesco Carril o Tom\u00e1s del Estal. <\/p>\n<p>Sinopsis: La comisaria Mar\u00eda Ruiz (Marta Nieto) se enfrenta a un tenebroso crimen: un joven ha aparecido asesinado. Sin identidad visible. Sin pistas aparentes. Sin m\u00f3vil. Mujer concienzuda y tenaz, Mar\u00eda iniciar\u00e1 una investigaci\u00f3n que se complicar\u00e1 a\u00fan m\u00e1s cuando se produce un segundo asesinato. Pero no est\u00e1 sola, el veterano periodista Luna (Jos\u00e9 Coronado), un maestro de la profesi\u00f3n acorralado por la crisis y la era digital, ser\u00e1 clave para solucionar un caso que les llevar\u00e1 hasta las puertas de una importante orden religiosa.<\/p>\n","protected":false},"excerpt":{"rendered":"La 1 de TVE estrena este domingo, 16 de noviembre, a partir de las 22:00 horas, la cinta&hellip;\n","protected":false},"author":2,"featured_media":237838,"comment_status":"","ping_status":"","sticky":false,"template":"","format":"standard","meta":{"footnotes":""},"categories":[169],"tags":[177,146,147,25,24,176,175,23],"class_list":{"0":"post-237837","1":"post","2":"type-post","3":"status-publish","4":"format-standard","5":"has-post-thumbnail","7":"category-cine","8":"tag-cine","9":"tag-entertainment","10":"tag-entretenimiento","11":"tag-es","12":"tag-espana","13":"tag-film","14":"tag-movies","15":"tag-spain"},"share_on_mastodon":{"url":"https:\/\/pubeurope.com\/@es\/115555373266925634","error":""},"_links":{"self":[{"href":"https:\/\/www.europesays.com\/es\/wp-json\/wp\/v2\/posts\/237837","targetHints":{"allow":["GET"]}}],"collection":[{"href":"https:\/\/www.europesays.com\/es\/wp-json\/wp\/v2\/posts"}],"about":[{"href":"https:\/\/www.europesays.com\/es\/wp-json\/wp\/v2\/types\/post"}],"author":[{"embeddable":true,"href":"https:\/\/www.europesays.com\/es\/wp-json\/wp\/v2\/users\/2"}],"replies":[{"embeddable":true,"href":"https:\/\/www.europesays.com\/es\/wp-json\/wp\/v2\/comments?post=237837"}],"version-history":[{"count":0,"href":"https:\/\/www.europesays.com\/es\/wp-json\/wp\/v2\/posts\/237837\/revisions"}],"wp:featuredmedia":[{"embeddable":true,"href":"https:\/\/www.europesays.com\/es\/wp-json\/wp\/v2\/media\/237838"}],"wp:attachment":[{"href":"https:\/\/www.europesays.com\/es\/wp-json\/wp\/v2\/media?parent=237837"}],"wp:term":[{"taxonomy":"category","embeddable":true,"href":"https:\/\/www.europesays.com\/es\/wp-json\/wp\/v2\/categories?post=237837"},{"taxonomy":"post_tag","embeddable":true,"href":"https:\/\/www.europesays.com\/es\/wp-json\/wp\/v2\/tags?post=237837"}],"curies":[{"name":"wp","href":"https:\/\/api.w.org\/{rel}","templated":true}]}}