{"id":237856,"date":"2025-11-15T19:42:13","date_gmt":"2025-11-15T19:42:13","guid":{"rendered":"https:\/\/www.europesays.com\/es\/237856\/"},"modified":"2025-11-15T19:42:13","modified_gmt":"2025-11-15T19:42:13","slug":"alcaraz-se-pronuncia-sobre-la-polemica-pregunta-de-una-extenista-sobre-si-tiene-novia-o-no","status":"publish","type":"post","link":"https:\/\/www.europesays.com\/es\/237856\/","title":{"rendered":"Alcaraz se pronuncia sobre la pol\u00e9mica pregunta de una extenista sobre si tiene novia o no"},"content":{"rendered":"<p class=\"quota-display text-align-center\">\n        <a href=\"https:\/\/www.puntodebreak.com\/MDBA-B3-PDB-QUOTA-25\" rel=\"sponsored nofollow noopener\" title=\"Apuesta en bet365\" target=\"_blank\"><\/p>\n<p>            <img decoding=\"async\" alt=\"Bet365\" class=\"bet-logo lazyload\" loading=\"lazy\" src=\"https:\/\/www.europesays.com\/es\/wp-content\/uploads\/2025\/11\/1763064671_246_b365.jpg\"\/>Streaming ATP Finals en directo<\/p>\n<p> \ud83c\udfbe Carlos Alcaraz vs Felix Auger Aliassime<\/p>\n<ol class=\"stream-card__steps\">\n<li>Entra aqu\u00ed y reg\u00edstrate en Bet365<\/li>\n<li>Haz tu primer dep\u00f3sito de m\u00ednimo 5\u00a0\u20ac<\/li>\n<li>Entra en la secci\u00f3n \u00abDirecto\u00bb y ve todos los partidos<\/li>\n<\/ol>\n<p>\n                                Ver partido en Bet365\n                            <\/p>\n<p style=\"font-size:9px;line-height:10px;padding:5px 0px 0px 0px;\">Reg\u00edstrese en bet365, ingrese 5\u20ac o m\u00e1s en su cuenta y conseguir\u00e1 un 100% de su ingreso v\u00e1lido en cr\u00e9ditos de apuesta (hasta 100\u20ac). Ingrese 50\u20ac o m\u00e1s y tambi\u00e9n recibir\u00e1 10 fichas doradas para utilizar en tragaperras seleccionadas. Solo para clientes nuevos. Se aplican las condiciones. Las ganancias no incluyen el importe de los cr\u00e9ditos de apuesta. Ingreso m\u00ednimo de 50\u20ac para las fichas doradas. Se aplican premios m\u00e1ximos, restricciones de juego, l\u00edmites de tiempo y condiciones. Es necesario registrarse.<\/p>\n<p>        <\/a>\n      <\/p>\n<p class=\"text-align-justify\">Uno de los grandes temas a debate esta semana vino causado a ra\u00edz de una extenista que le pregunt\u00f3 a <strong>Carlos Alcaraz<\/strong> en rueda de prensa en las <strong>ATP Finals 2025<\/strong> sobre su vida amorosa. Unos d\u00edas despu\u00e9s, el murciano comenta ese momento en una entrevista con <a href=\"https:\/\/elpais.com\/deportes\/tenis\/2025-11-15\/carlos-alcaraz-no-me-siento-el-mejor.html\" rel=\"nofollow noopener\" target=\"_blank\">El Pa\u00eds<\/a>: \u00abSe ha expuesto mucho mi vida, as\u00ed que tengo que saber lidiar con ello. Aun as\u00ed, es verdad que hay muchas cosas que deben quedarse en el plano privado, porque es importante saber diferenciar lo que puedes o no mostrar a los dem\u00e1s. Sinceramente, yo soy muy natural y muestro muchas cosas, pero hay otras que es mejor guard\u00e1rtelas para sentirte seguro y tranquilo, aunque sea una burbuja peque\u00f1a en la que puedas sentirte a salvo; que no todo el mundo pueda tener acceso a esa informaci\u00f3n u opinar sobre esas cosas. Al final, ya sean positivas o negativas, todo influye mucho\u00bb.<\/p>\n","protected":false},"excerpt":{"rendered":"Streaming ATP Finals en directo \ud83c\udfbe Carlos Alcaraz vs Felix Auger Aliassime Entra aqu\u00ed y reg\u00edstrate en Bet365&hellip;\n","protected":false},"author":2,"featured_media":237857,"comment_status":"","ping_status":"","sticky":false,"template":"","format":"standard","meta":{"footnotes":""},"categories":[274],"tags":[168,25,24,23,167,327,326],"class_list":{"0":"post-237856","1":"post","2":"type-post","3":"status-publish","4":"format-standard","5":"has-post-thumbnail","7":"category-tenis","8":"tag-deportes","9":"tag-es","10":"tag-espana","11":"tag-spain","12":"tag-sports","13":"tag-tenis","14":"tag-tennis"},"share_on_mastodon":{"url":"https:\/\/pubeurope.com\/@es\/115555424604042908","error":""},"_links":{"self":[{"href":"https:\/\/www.europesays.com\/es\/wp-json\/wp\/v2\/posts\/237856","targetHints":{"allow":["GET"]}}],"collection":[{"href":"https:\/\/www.europesays.com\/es\/wp-json\/wp\/v2\/posts"}],"about":[{"href":"https:\/\/www.europesays.com\/es\/wp-json\/wp\/v2\/types\/post"}],"author":[{"embeddable":true,"href":"https:\/\/www.europesays.com\/es\/wp-json\/wp\/v2\/users\/2"}],"replies":[{"embeddable":true,"href":"https:\/\/www.europesays.com\/es\/wp-json\/wp\/v2\/comments?post=237856"}],"version-history":[{"count":0,"href":"https:\/\/www.europesays.com\/es\/wp-json\/wp\/v2\/posts\/237856\/revisions"}],"wp:featuredmedia":[{"embeddable":true,"href":"https:\/\/www.europesays.com\/es\/wp-json\/wp\/v2\/media\/237857"}],"wp:attachment":[{"href":"https:\/\/www.europesays.com\/es\/wp-json\/wp\/v2\/media?parent=237856"}],"wp:term":[{"taxonomy":"category","embeddable":true,"href":"https:\/\/www.europesays.com\/es\/wp-json\/wp\/v2\/categories?post=237856"},{"taxonomy":"post_tag","embeddable":true,"href":"https:\/\/www.europesays.com\/es\/wp-json\/wp\/v2\/tags?post=237856"}],"curies":[{"name":"wp","href":"https:\/\/api.w.org\/{rel}","templated":true}]}}