{"id":237866,"date":"2025-11-15T19:48:11","date_gmt":"2025-11-15T19:48:11","guid":{"rendered":"https:\/\/www.europesays.com\/es\/237866\/"},"modified":"2025-11-15T19:48:11","modified_gmt":"2025-11-15T19:48:11","slug":"obras-de-da-vinci-y-rembrandt-brillan-en-el-renovado-bonnat-helleu-tras-14-anos-de-cierre","status":"publish","type":"post","link":"https:\/\/www.europesays.com\/es\/237866\/","title":{"rendered":"Obras de Da Vinci y Rembrandt brillan en el renovado Bonnat-Helleu tras 14 a\u00f1os de cierre"},"content":{"rendered":"<p><img alt=\"El Museo Bonnat-Helleu reabrir\u00e1 en\" class=\"global-image\" decoding=\"async\" fetchpriority=\"high\" height=\"1080\" loading=\"eager\" src=\"https:\/\/www.europesays.com\/es\/wp-content\/uploads\/2025\/11\/3QUDER2WDJE7VFHNJQPIFZHMLU.jpg\" width=\"1920\"\/>El Museo Bonnat-Helleu reabrir\u00e1 en 2025 tras catorce a\u00f1os de cierre y una inversi\u00f3n de 29 millones de euros &#8211; (Google Street View)<\/p>\n<p class=\"paragraph\">Despu\u00e9s de 14 a\u00f1os de espera y una transformaci\u00f3n integral, el <b>Museo Bonnat-Helleu<\/b> de <b>Bayona<\/b> reabrir\u00e1 sus puertas el 27 de noviembre de 2025. Este acontecimiento marca el regreso de una de las colecciones de arte m\u00e1s notables de Europa, con obras de maestros como <a href=\"https:\/\/www.infobae.com\/tag\/leonardo-da-vinci\/\" target=\"_blank\" rel=\"noreferrer nofollow noopener\" title=\"https:\/\/www.infobae.com\/tag\/leonardo-da-vinci\/\"><b>Leonardo da Vinci<\/b>,<\/a> <a href=\"https:\/\/www.infobae.com\/tag\/rembrandt\/\" target=\"_blank\" rel=\"noreferrer nofollow noopener\" title=\"https:\/\/www.infobae.com\/tag\/rembrandt\/\"><b>Rembrandt<\/b><\/a>, <b>Goya<\/b> y <b>Degas<\/b>. <\/p>\n<p class=\"paragraph\">La reapertura, resultado de una inversi\u00f3n de<b> 29 millones<\/b> <b>de euros<\/b> y una profunda renovaci\u00f3n muse\u00edstica, representa un hito para la vida cultural de la ciudad y el panorama muse\u00edstico europeo.<\/p>\n<p class=\"paragraph\">El cierre del museo en 2011 obedeci\u00f3 a la necesidad de modernizar sus instalaciones y redefinir su papel en la ciudad. Reconocido por el cr\u00edtico de arte <b>Pierre Rosenberg<\/b> como \u201cla m\u00e1s bella colecci\u00f3n entre Par\u00eds y Madrid\u201d, inici\u00f3 un ambicioso proyecto de renovaci\u00f3n y ampliaci\u00f3n. <\/p>\n<p class=\"paragraph\">El estudio de arquitectura franc\u00e9s <b>BLP<\/b> asumi\u00f3 la tarea de devolver la luz natural al edificio original de tres plantas, dise\u00f1ado por <b>Charles Planckaert<\/b> en estilo ecl\u00e9ctico. Seg\u00fan <b>H\u00e9l\u00e8ne Ferron<\/b>, directora de colecciones, el objetivo principal fue abrir el museo a la ciudad y hacerlo m\u00e1s accesible al p\u00fablico. Entre las intervenciones m\u00e1s relevantes destaca la<b> restauraci\u00f3n completa de la gran claraboya del patio<\/b> y el descubrimiento de un mosaico de <b>Giandomenico Facchina<\/b>.<\/p>\n<p><img alt=\"Obras maestras de Da Vinci,\" class=\"global-image\" decoding=\"async\" fetchpriority=\"low\" height=\"2487\" loading=\"lazy\" src=\"https:\/\/www.europesays.com\/es\/wp-content\/uploads\/2025\/11\/2SC3KD2NV5BPZMJIQEGVILZEFI.jpg\" width=\"1920\"\/>Obras maestras de Da Vinci, Rembrandt, Goya y Degas destacan en la renovada colecci\u00f3n del museo de Bayona<\/p>\n<p class=\"paragraph\">La ampliaci\u00f3n del museo se concret\u00f3 con la reconversi\u00f3n de una escuela adyacente, trasladada en 2018, en un espacio multifuncional. Esta extensi\u00f3n ofrece ahora un caf\u00e9, una tienda, \u00e1reas de almacenamiento, un taller de restauraci\u00f3n, oficinas, salas de exposici\u00f3n, un centro de investigaci\u00f3n y una sala de estudio dedicada al dibujo. <\/p>\n<p class=\"paragraph\">La superficie expositiva, que antes ten\u00eda 1.500 metros cuadrados, se duplic\u00f3, lo que permite un recorrido que comienza en la planta baja y contin\u00faa por el primer piso del edificio hist\u00f3rico. Una monumental escalera conduce a un nivel intermedio en la ampliaci\u00f3n, donde se ubican tres galer\u00edas, incluido un gran loft con una mezzanine que da acceso al segundo piso. En este \u00faltimo, un espacio rinde homenaje a los artistas bayoneses <b>L\u00e9on Bonnat<\/b>, <b>Antonin Personnaz<\/b> y <b>Paul-C\u00e9sar Helleu<\/b>. <\/p>\n<p class=\"paragraph\">Todas las salas se distribuyen en torno al patio central y en cada planta se encuentra un espacio abierto para que los visitantes puedan reflexionar sobre lo visto.<\/p>\n<p><img alt=\"La ampliaci\u00f3n del Bonnat-Helleu duplica\" class=\"global-image\" decoding=\"async\" fetchpriority=\"low\" height=\"1440\" loading=\"lazy\" src=\"https:\/\/www.europesays.com\/es\/wp-content\/uploads\/2025\/11\/MQMTSLGPAZFGVEUF4SN34SHAOU.jpg\" width=\"1920\"\/>La ampliaci\u00f3n del Bonnat-Helleu duplica la superficie expositiva e incorpora nuevas salas, caf\u00e9 y centro de investigaci\u00f3n &#8211; (Public Domain)<\/p>\n<p class=\"paragraph\">La restauraci\u00f3n de la colecci\u00f3n represent\u00f3 otro de los grandes logros del proyecto. Con un presupuesto adicional de <b>EUR 4 millones<\/b>, se restauraron 1.300 obras entre 2022 y 2025. Entre las piezas recuperadas, destaca <b>\u201cLa Baigneuse\u201d (1807) de Jean-Auguste Dominique Ingres<\/b>, que renov\u00f3 su esplendor original. Durante los trabajos, el equipo descubri\u00f3 firmas en cuadros de <b>El Greco<\/b> e identific\u00f3 modificaciones en <b>\u201cLa Caridad romana\u201d (c. 1626) de Simon Vouet<\/b>. <\/p>\n<p class=\"paragraph\">El museo re\u00fane cerca de 7.000 piezas, entre pinturas, esculturas, dibujos y objetos de arte, que abarcan desde la Antig\u00fcedad hasta el siglo XX. <b>El Louvre<\/b> deposit\u00f3 en Bayona cerca de 2.500 obras, consolidando la relevancia de la instituci\u00f3n.<\/p>\n<p class=\"paragraph\">Uno de los ejes de la nueva etapa es el \u00e9nfasis en el dibujo. La colecci\u00f3n de artes gr\u00e1ficas, con unos 3.500 dibujos de artistas como Leonardo da Vinci, Miguel \u00c1ngel, Ingres, Durero, Rembrandt y Veron\u00e9s, se considera una de las m\u00e1s prestigiosas del mundo. Cada trimestre exhibir\u00e1n unas cincuenta obras sobre papel, que renovar\u00e1n peri\u00f3dicamente. <\/p>\n<p class=\"paragraph\">La muestra inaugural incluye un fragmento de una hoja tripartita de <b>Th\u00e9odore G\u00e9ricault<\/b>, adquirido en 2023 para complementar las piezas ya existentes en el museo. Adem\u00e1s, la exposici\u00f3n permanente introduce \u201ccubos\u201d, espacios dedicados principalmente al dibujo.<\/p>\n<p><img alt=\"El museo alberga una de\" class=\"global-image\" decoding=\"async\" fetchpriority=\"low\" height=\"1780\" loading=\"lazy\" src=\"https:\/\/www.europesays.com\/es\/wp-content\/uploads\/2025\/11\/7KLO2WNLUNF4BPBQRQBO423LSE.jpg\" width=\"1920\"\/>El museo alberga una de las mejores colecciones de dibujo de Europa, con piezas de Da Vinci, Miguel \u00c1ngel y Durero (Jvillafruela, CC BY-SA 4.0, via Wikimedia Commons)<\/p>\n<p class=\"paragraph\">El museo prest\u00f3 especial atenci\u00f3n a la accesibilidad y la inclusi\u00f3n. La se\u00f1alizaci\u00f3n se presenta en franc\u00e9s, euskera, gasc\u00f3n, espa\u00f1ol e ingl\u00e9s, aunque las cartelas de las obras estar\u00e1n en franc\u00e9s y euskera, los idiomas m\u00e1s hablados en la regi\u00f3n, con opciones de traducci\u00f3n adicionales. <\/p>\n<p class=\"paragraph\">Adem\u00e1s, han dise\u00f1ado actividades para p\u00fablicos diversos y crearon un puesto espec\u00edfico para fortalecer los v\u00ednculos con las comunidades rurales, asociaciones locales y centros educativos. Ferron subraya que la adquisici\u00f3n de obras de mujeres artistas es una prioridad para la pol\u00edtica de crecimiento de la colecci\u00f3n.<\/p>\n<p class=\"paragraph\">El Museo Bonnat-Helleu, fundado en 1891, mantiene un lazo profundo con la historia de Bayona y la tradici\u00f3n art\u00edstica local. Muchos de los artistas representados, como <b>Marie Garay<\/b>, se formaron bajo la tutela de L\u00e9on Bonnat. <\/p>\n<p class=\"paragraph\">Asimismo, el museo conserva tambi\u00e9n retratos de figuras hist\u00f3ricas de la ciudad, como capitanes y gobernadores, y mantiene una estrecha relaci\u00f3n con la comunidad a trav\u00e9s de iniciativas educativas y culturales.arte en un entorno abierto y cercano.<\/p>\n","protected":false},"excerpt":{"rendered":"El Museo Bonnat-Helleu reabrir\u00e1 en 2025 tras catorce a\u00f1os de cierre y una inversi\u00f3n de 29 millones de&hellip;\n","protected":false},"author":2,"featured_media":237867,"comment_status":"","ping_status":"","sticky":false,"template":"","format":"standard","meta":{"footnotes":""},"categories":[173],"tags":[229,233,231,230,232,234,146,147,25,24,23],"class_list":{"0":"post-237866","1":"post","2":"type-post","3":"status-publish","4":"format-standard","5":"has-post-thumbnail","7":"category-arte-y-diseno","8":"tag-arte","9":"tag-arte-y-diseno","10":"tag-arts","11":"tag-arts-and-design","12":"tag-design","13":"tag-diseno","14":"tag-entertainment","15":"tag-entretenimiento","16":"tag-es","17":"tag-espana","18":"tag-spain"},"share_on_mastodon":{"url":"https:\/\/pubeurope.com\/@es\/115555448386949771","error":""},"_links":{"self":[{"href":"https:\/\/www.europesays.com\/es\/wp-json\/wp\/v2\/posts\/237866","targetHints":{"allow":["GET"]}}],"collection":[{"href":"https:\/\/www.europesays.com\/es\/wp-json\/wp\/v2\/posts"}],"about":[{"href":"https:\/\/www.europesays.com\/es\/wp-json\/wp\/v2\/types\/post"}],"author":[{"embeddable":true,"href":"https:\/\/www.europesays.com\/es\/wp-json\/wp\/v2\/users\/2"}],"replies":[{"embeddable":true,"href":"https:\/\/www.europesays.com\/es\/wp-json\/wp\/v2\/comments?post=237866"}],"version-history":[{"count":0,"href":"https:\/\/www.europesays.com\/es\/wp-json\/wp\/v2\/posts\/237866\/revisions"}],"wp:featuredmedia":[{"embeddable":true,"href":"https:\/\/www.europesays.com\/es\/wp-json\/wp\/v2\/media\/237867"}],"wp:attachment":[{"href":"https:\/\/www.europesays.com\/es\/wp-json\/wp\/v2\/media?parent=237866"}],"wp:term":[{"taxonomy":"category","embeddable":true,"href":"https:\/\/www.europesays.com\/es\/wp-json\/wp\/v2\/categories?post=237866"},{"taxonomy":"post_tag","embeddable":true,"href":"https:\/\/www.europesays.com\/es\/wp-json\/wp\/v2\/tags?post=237866"}],"curies":[{"name":"wp","href":"https:\/\/api.w.org\/{rel}","templated":true}]}}