{"id":237868,"date":"2025-11-15T19:52:07","date_gmt":"2025-11-15T19:52:07","guid":{"rendered":"https:\/\/www.europesays.com\/es\/237868\/"},"modified":"2025-11-15T19:52:07","modified_gmt":"2025-11-15T19:52:07","slug":"las-redes-dictan-sentencia-con-el-trailer-de-una-de-las-peliculas-mas-esperadas-ojala-no-echen-a-perder-la-historia-cadena-ser","status":"publish","type":"post","link":"https:\/\/www.europesays.com\/es\/237868\/","title":{"rendered":"Las redes dictan sentencia con el tr\u00e1iler de una de las pel\u00edculas m\u00e1s esperadas: &quot;Ojal\u00e1 no echen a perder la historia&quot; &#8211; Cadena SER"},"content":{"rendered":"<ol>\n<li><a href=\"https:\/\/news.google.com\/rss\/articles\/CBMi_gFBVV95cUxPdTFlaV8zc1l0c1dHNTM2T19fcGlzQ3ZLNzg5VVk3X0xfaWRWSTBMa3p1QWpJMVR3WnBqWmNxMnEwakV6Yjc5MGd6Q0w1MV8xc1c3QmdzOFVnUU9ZLW5UYzBycTdpT3RrSXRLOElrdGNUS0xQQ2toa1liVkF0SjZPNkRTYXprdDF6a0ZGUVl3bkRqSS04MnNFTTRlN0JjR29NS1h2b0hRbkdNSmYwTnNubzAtYm1xdFBpSTFaMlFTYXdBRE1fOGQwblVMVHk3T05iYWxDOXZZd0hGbGdzVjctNHZYRkpUWTVkQWRUUmFiZFJBNjVmcFBlR2dvQ3ZyQdIBkgJBVV95cUxPYjk1OEJWb21JMjZQMERwTlBnYVJXVC1WU3YxWHR1T3QtODA1UXIwMHBXaDUxbGdpcG9TM2t5T3NxaG9Dd0l5T2NVeDdfV1FKa2VTYkl1aG1iMnlwTnZZRHdvajEyVEJxZGtjbU8zX1NvMVEzbFJRNnE2N1V1T0kwVWRidGttbk1ZX2xXWGdoLUhLN1FfajJjS0RGRUZsdzhyTVlyNGNjalNESGFwV3Npc3o4OXJhZzI2d2RCeG5RaXdMRU05QlRkZW9BSEdGNGNJLTBYNGQ2OGFuRVZndng2bm00dDVTdHhmVUlGNmRPTEpOM184Ymk4S0t1RlR1RkZfaGxfU0RCZHFmeEdpV09CMkxR?oc=5\" target=\"_blank\" rel=\"nofollow noopener\">Las redes dictan sentencia con el tr\u00e1iler de una de las pel\u00edculas m\u00e1s esperadas: \u00abOjal\u00e1 no echen a perder la historia\u00bb<\/a>&nbsp;&nbsp;Cadena SER<\/li>\n<li><a href=\"https:\/\/news.google.com\/rss\/articles\/CBMilgFBVV95cUxQb0NPZTgyTm1ZenhNMUlUcEh3NTh1UDBGUVRTUE9Cd2dwMVg0eE0tTFY3U2xMY0k0VHIxbW9ULVl3MXNCaHNKSHdybTViNFJON0FkamtoblJGVlRHRk11aFBHUFJFNFNpejE5UzI5TU9aMUUtVWVfR2Rra1dGMkNxa0F6MkdDbDc0YlpsSkt5bnlZM0xrT2c?oc=5\" target=\"_blank\" rel=\"nofollow noopener\">EL DIABLO VISTE DE PRADA 2 . YA DISPONIBLE EL PRIMER TRAILER Y EL POSTER<\/a>&nbsp;&nbsp;Disney Espa\u00f1a<\/li>\n<li><a href=\"https:\/\/news.google.com\/rss\/articles\/CBMiqAFBVV95cUxNUkRldmhyNXZtckRUQ3hhS3VweFNDUUdnLWV3OU5OejZ4M3E2bEdXU3pHemQxUkRmeEE5TlRXV01fdXZfN0Rab2piU1R3c2Z0YUFFNDhxOGN0cUxLdDlvc3V2YXpBdmplRzdNRC1qUndjMlNubmJ2bFRIOHRlRzZiNGVSaldsWEVqcWprNzhOeUhZSWlVTGwyVndPeFBybXhZeW5jTjNXNVQ?oc=5\" target=\"_blank\" rel=\"nofollow noopener\">\u201cYa era hora\u201d: Meryl Streep y Anne Hathaway, juntas de nuevo en el adelanto de \u201cThe Devil Wears Prada 2\u201d<\/a>&nbsp;&nbsp;CNN en Espa\u00f1ol<\/li>\n<li><a href=\"https:\/\/news.google.com\/rss\/articles\/CBMia0FVX3lxTE5xNUlfeWxHMnU4NEdoU1hRWUtQS09RRmpKZFh2aUdDWDZvYkVVdkNESHJFRGZBdUtyeVMzb2RsT3VISUFXbTJLbjFkUUVDUDlnU2Utc3AwRjlmR0plS3JOM25sYlozNnJqdE840gFwQVVfeXFMTThwZ2RGd1NTRl9IZk15TlQ1czdfeDRhS3VNOE1OUnZMYkFkMmVGblYwWXdwSjJsN1dSNDJGeEo5YnhPMVVXTm55ZUxEX1Z1UnRaaG9Db1dleWlzdU9fejM2S005Qk9lal9kR2FxSHVfSg?oc=5\" target=\"_blank\" rel=\"nofollow noopener\">Menos de 6 meses para la secuela de la pel\u00edcula que marc\u00f3 una generaci\u00f3n hace 20 a\u00f1os: ya podemos ver qu\u00e9 aspecto tiene con su reparto original<\/a>&nbsp;&nbsp;SensaCine<\/li>\n<li><a href=\"https:\/\/news.google.com\/rss\/articles\/CBMimAFBVV95cUxPZzR5UnUxRkwtY0NoWVNoWnhHaS1EUkpuc2ZybVJ6MDQ4alljVy12dDdEMXEwa1FZUFIxWGlNVTBPUW54SlQxMGRTdkFheXh1SC1Nbk9fVDVsOW5Ib2FwWGYzQWxfLTFwTGVZTUh3Q3U0aHk1SDQweDFRMG9HR0RXUUd2cWUyZFM0bkZQMFp6dkNUa1BlU1VtNg?oc=5\" target=\"_blank\" rel=\"nofollow noopener\">\u2018El diablo viste de Prada 2\u2019 muestra sus primeras escenas<\/a>&nbsp;&nbsp;El Correo Gallego<\/li>\n<\/ol>\n","protected":false},"excerpt":{"rendered":"Las redes dictan sentencia con el tr\u00e1iler de una de las pel\u00edculas m\u00e1s esperadas: \u00abOjal\u00e1 no echen a&hellip;\n","protected":false},"author":2,"featured_media":233937,"comment_status":"","ping_status":"","sticky":false,"template":"","format":"standard","meta":{"footnotes":""},"categories":[169],"tags":[177,146,147,25,24,176,175,23],"class_list":{"0":"post-237868","1":"post","2":"type-post","3":"status-publish","4":"format-standard","5":"has-post-thumbnail","7":"category-cine","8":"tag-cine","9":"tag-entertainment","10":"tag-entretenimiento","11":"tag-es","12":"tag-espana","13":"tag-film","14":"tag-movies","15":"tag-spain"},"share_on_mastodon":{"url":"https:\/\/pubeurope.com\/@es\/115555463839466245","error":""},"_links":{"self":[{"href":"https:\/\/www.europesays.com\/es\/wp-json\/wp\/v2\/posts\/237868","targetHints":{"allow":["GET"]}}],"collection":[{"href":"https:\/\/www.europesays.com\/es\/wp-json\/wp\/v2\/posts"}],"about":[{"href":"https:\/\/www.europesays.com\/es\/wp-json\/wp\/v2\/types\/post"}],"author":[{"embeddable":true,"href":"https:\/\/www.europesays.com\/es\/wp-json\/wp\/v2\/users\/2"}],"replies":[{"embeddable":true,"href":"https:\/\/www.europesays.com\/es\/wp-json\/wp\/v2\/comments?post=237868"}],"version-history":[{"count":0,"href":"https:\/\/www.europesays.com\/es\/wp-json\/wp\/v2\/posts\/237868\/revisions"}],"wp:featuredmedia":[{"embeddable":true,"href":"https:\/\/www.europesays.com\/es\/wp-json\/wp\/v2\/media\/233937"}],"wp:attachment":[{"href":"https:\/\/www.europesays.com\/es\/wp-json\/wp\/v2\/media?parent=237868"}],"wp:term":[{"taxonomy":"category","embeddable":true,"href":"https:\/\/www.europesays.com\/es\/wp-json\/wp\/v2\/categories?post=237868"},{"taxonomy":"post_tag","embeddable":true,"href":"https:\/\/www.europesays.com\/es\/wp-json\/wp\/v2\/tags?post=237868"}],"curies":[{"name":"wp","href":"https:\/\/api.w.org\/{rel}","templated":true}]}}