{"id":237871,"date":"2025-11-15T19:55:13","date_gmt":"2025-11-15T19:55:13","guid":{"rendered":"https:\/\/www.europesays.com\/es\/237871\/"},"modified":"2025-11-15T19:55:13","modified_gmt":"2025-11-15T19:55:13","slug":"es-el-fin-de-una-era-para-belen-esteban-su-dramatico-adios-a-no-somos-nadie-siembra-dudas-sobre-su-futuro-en-television","status":"publish","type":"post","link":"https:\/\/www.europesays.com\/es\/237871\/","title":{"rendered":"\u00bfEs el fin de una era para Bel\u00e9n Esteban? Su dram\u00e1tico adi\u00f3s a &#8216;No somos nadie&#8217; siembra dudas sobre su futuro en televisi\u00f3n"},"content":{"rendered":"<p class=\"paragraph\" id=\"paragraph_1\"><a href=\"https:\/\/www.elespanol.com\/bluper\/20251114\/belen-esteban-lia-exclusiva-ultimo-no-nadie-ano-fiasco\/1003744014659_0.html?utm_cmp_rs=linksinline\" rel=\"nofollow noopener\" target=\"_blank\">Este viernes, 14 de noviembre, <strong>Bel\u00e9n Esteban<\/strong> se despidi\u00f3 de No somos nadie hasta, en teor\u00eda, el a\u00f1o que viene.<\/a> La de Paracuellos <strong>se marcha a grabar Top Chef: dulces y famosos,<\/strong> talent de reposter\u00eda que tomar\u00e1 el relevo de Bake Off en La 1, donde tendr\u00e1 que hacer frente a esa relaci\u00f3n de amor-odio que siempre ha mostrado respecto a la cocina.<\/p>\n<p class=\"paragraph\" id=\"paragraph_2\">No obstante, <strong>el adi\u00f3s de Esteban al programa de Ten se antoj\u00f3 definitivo,<\/strong> dadas las altas cotas de dramatismo que alcanz\u00f3 la entrega de este viernes. Ella tampoco se cort\u00f3 dejando algunas pistas para sembrar las dudas.<\/p>\n<p class=\"paragraph\" id=\"paragraph_3\"><strong>\u201cQuiero descansar [despu\u00e9s de Top Chef]. Es hora de dejar entrar a m\u00e1s gente a este programa\u201d,<\/strong> expuso ante Carlota Corredera y el resto del equipo. Fue el comentario que hizo saltar las alarmas entre los seguidores del formato de La Osa Producciones Audiovisuales.<\/p>\n<p><img loading=\"lazy\" decoding=\"async\" alt=\"Kiko Rivera y Lydia Lozano, en un fotomontaje de BLUPER.\" height=\"180\" src=\"https:\/\/www.europesays.com\/es\/wp-content\/uploads\/2025\/11\/1003744015280_259958573_320x180.jpg\" width=\"320\" data-lazy-status=\"processed\" data-lazy-info=\"remove loading item 1\"\/><\/p>\n<p class=\"paragraph\" id=\"paragraph_4\">Con l\u00e1grimas en los ojos, Bel\u00e9n agradeci\u00f3 todo lo vivido en Canal Quickie: \u201cQuiero mandar un beso muy fuerte a mis compa\u00f1eros, que han confiado siempre en m\u00ed, a \u00d3scar y Adri\u00e1n\u201d. La colaboradora tom\u00f3 su maleta, mir\u00f3 a c\u00e1mara intensamente y cerr\u00f3 el programa con la frase que solo pod\u00eda pronunciar ella: <strong>\u201cHasta luego, Mari Carmen\u201d. <\/strong><\/p>\n<p class=\"paragraph\" id=\"paragraph_5\"><a href=\"https:\/\/www.elespanol.com\/bluper\/20251112\/belen-esteban-vuelve-tve-batacazo-familia-tele-concursara-edicion-pastelera-top-chef\/1003744010864_0.amp.html?utm_cmp_rs=linksinline\" rel=\"nofollow noopener\" target=\"_blank\">Bel\u00e9n Esteban regresa a Televisi\u00f3n Espa\u00f1ola medio a\u00f1o del fiasco de La familia de la tele.<\/a> Pero, en esta ocasi\u00f3n, de la mano de Boxfish TV.<strong> Sin estar acompa\u00f1ada de los que han sido sus \u2018jefes\u2019 casi 20 a\u00f1os,<\/strong> \u00d3scar Cornejo y Adri\u00e1n Madrid, fundadores de La F\u00e1brica de la Tele.<\/p>\n<p><img decoding=\"async\" alt=\"Bel\u00e9n Esteban, con \u00d3scar Cornejo y Adri\u00e1n Madrid.\" data-imgm=\"true\" height=\"180\" loading=\"lazy\"  src=\"https:\/\/www.europesays.com\/es\/wp-content\/uploads\/2025\/11\/1003744015475_259960847_1024x576.jpg\"  width=\"320\"\/><\/p>\n<p>                                                            Bel\u00e9n Esteban, con \u00d3scar Cornejo y Adri\u00e1n Madrid.<\/p>\n<p>                    Fabricantes Studio<\/p>\n<p class=\"paragraph\" id=\"paragraph_6\">La relaci\u00f3n de Esteban y los padres de S\u00e1lvame va m\u00e1s all\u00e1 de lo profesional, como explic\u00f3 en su visita a El Hormiguero hace poco m\u00e1s de un a\u00f1o, \u201charta de esconderse\u201d. Aunque nunca fue un secreto que, en los primeros a\u00f1os del espacio vespertino de Telecinco, <strong>la tertuliana toc\u00f3 fondo a causa de las sustancias.<\/strong><\/p>\n<p class=\"paragraph\" id=\"paragraph_7\">\u201cTuve un reuni\u00f3n con Ra\u00fal [Prieto], Carlota [Corredera], [David] Valldeperas y Jorge Javier, <strong>pero los que se hicieron cargo de m\u00ed fueron mis jefes\u201d,<\/strong> <a href=\"https:\/\/www.elespanol.com\/bluper\/20241101\/belen-esteban-abre-nunca-hormiguero-drogas-gesto-cupula-salvame-cambio\/897910311_0.html?utm_cmp_rs=linksinline\" rel=\"nofollow noopener\" target=\"_blank\">acept\u00f3 Bel\u00e9n Esteban en conversaci\u00f3n con Pablo Motos.<\/a> Cornejo y Madrid le \u201cbuscaron el mejor m\u00e9dico\u201d para superar sus adicciones.<\/p>\n<p><img decoding=\"async\" alt=\"Cristina Cifuentes y Alba Carrillo discuten en 'Hasta el fin del mundo'.\" height=\"180\" loading=\"lazy\" width=\"320\" data-lazy-status=\"processed\" id=\"bf3a67cedb\" src=\"https:\/\/www.elespanol.com\/bluper\/20251115\/fin-belen-esteban-dramatico-adios-no-nadie-siembra-dudas-futuro-tv\/[\" https:=\"\" data-lazy-info=\"changed src\"\/><\/p>\n<p class=\"paragraph\" id=\"paragraph_8\">Desde el inicio de S\u00e1lvame, <strong>Bel\u00e9n tiene una relaci\u00f3n contractual con La Osa,<\/strong> as\u00ed que ha sido parte de la productora en sus dos etapas anteriores. La m\u00e1s extensa, cuando era una empresa participada de Mediaset como La F\u00e1brica de la Tele, y la posterior, cuando se denomin\u00f3 un tiempo Fabricantes Studio.<\/p>\n<p class=\"paragraph\" id=\"paragraph_9\">Por lo tanto, Esteban se ha embarcado en toda clase de aventuras que \u00d3scar y Adri\u00e1n han ideado a lo largo de los a\u00f1os.<strong> Hasta aventuras culinarias,<\/strong> como <strong>La \u00faltima cena,<\/strong> o los surrealistas momentos de cocinado en <strong>Ni que fu\u00e9ramos <\/strong>o <strong>No somos nadie.<\/strong> No le falta pr\u00e1ctica en la materia, pues.<\/p>\n<p><img decoding=\"async\" alt=\"Bel\u00e9n Esteban y Mar\u00eda Pati\u00f1o cocinan en 'Ni que fu\u00e9ramos Shhh'.\" data-imgm=\"true\" height=\"180\" loading=\"lazy\"  src=\"https:\/\/www.europesays.com\/es\/wp-content\/uploads\/2025\/11\/1003744015481_259960943_1024x576.jpg\"  width=\"320\"\/><\/p>\n<p>                                                            Bel\u00e9n Esteban y Mar\u00eda Pati\u00f1o cocinan en &#8216;Ni que fu\u00e9ramos Shhh&#8217;.<\/p>\n<p>                    TEN<\/p>\n<p class=\"paragraph\" id=\"paragraph_10\">Toca esperar para saber cu\u00e1les ser\u00e1n<strong> los pr\u00f3ximos pasos de Bel\u00e9n Esteban en pantalla<\/strong>, m\u00e1s all\u00e1 del concurso de postres de La 1. Si volver\u00e1 al seno de La Osa o explorar\u00e1 nuevos horizontes en la p\u00fablica.<\/p>\n<p>No cierra la puerta a Mediaset<\/p>\n<p class=\"paragraph\" id=\"paragraph_11\">O incluso si se marca \u2018un Terelu Campos\u2019 o \u2018un Lydia Lozano\u2019 y vuelve a casa.<strong> \u201cSi a m\u00ed me llaman de Mediaset, me ir\u00eda a Mediaset, \u00bfquer\u00e9is que os mienta? Mis jefes lo saben\u201d,<\/strong> reconoc\u00eda en septiembre.<\/p>\n<p class=\"paragraph\" id=\"paragraph_12\">Incluso desvel\u00f3 que se sentir\u00eda c\u00f3moda siendo tertuliana de <strong>Ana Rosa Quintana,<\/strong> como lo fue en un pasado, tanto en Antena 3 como en Telecinco. <strong>Trat\u00e1ndose de la Patrona, ninguna posibilidad es descabellada.<\/strong><\/p>\n","protected":false},"excerpt":{"rendered":"Este viernes, 14 de noviembre, Bel\u00e9n Esteban se despidi\u00f3 de No somos nadie hasta, en teor\u00eda, el a\u00f1o&hellip;\n","protected":false},"author":2,"featured_media":237872,"comment_status":"","ping_status":"","sticky":false,"template":"","format":"standard","meta":{"footnotes":""},"categories":[91],"tags":[25510,1535,146,147,25,24,30592,1533,17079,23,807,61545],"class_list":{"0":"post-237871","1":"post","2":"type-post","3":"status-publish","4":"format-standard","5":"has-post-thumbnail","7":"category-entretenimiento","8":"tag-belen-esteban-menendez","9":"tag-bluper","10":"tag-entertainment","11":"tag-entretenimiento","12":"tag-es","13":"tag-espana","14":"tag-no-somos-nadie","15":"tag-rtve-radiotelevision-espanola","16":"tag-soft","17":"tag-spain","18":"tag-television","19":"tag-ten-tv"},"share_on_mastodon":{"url":"https:\/\/pubeurope.com\/@es\/115555475806387227","error":""},"_links":{"self":[{"href":"https:\/\/www.europesays.com\/es\/wp-json\/wp\/v2\/posts\/237871","targetHints":{"allow":["GET"]}}],"collection":[{"href":"https:\/\/www.europesays.com\/es\/wp-json\/wp\/v2\/posts"}],"about":[{"href":"https:\/\/www.europesays.com\/es\/wp-json\/wp\/v2\/types\/post"}],"author":[{"embeddable":true,"href":"https:\/\/www.europesays.com\/es\/wp-json\/wp\/v2\/users\/2"}],"replies":[{"embeddable":true,"href":"https:\/\/www.europesays.com\/es\/wp-json\/wp\/v2\/comments?post=237871"}],"version-history":[{"count":0,"href":"https:\/\/www.europesays.com\/es\/wp-json\/wp\/v2\/posts\/237871\/revisions"}],"wp:featuredmedia":[{"embeddable":true,"href":"https:\/\/www.europesays.com\/es\/wp-json\/wp\/v2\/media\/237872"}],"wp:attachment":[{"href":"https:\/\/www.europesays.com\/es\/wp-json\/wp\/v2\/media?parent=237871"}],"wp:term":[{"taxonomy":"category","embeddable":true,"href":"https:\/\/www.europesays.com\/es\/wp-json\/wp\/v2\/categories?post=237871"},{"taxonomy":"post_tag","embeddable":true,"href":"https:\/\/www.europesays.com\/es\/wp-json\/wp\/v2\/tags?post=237871"}],"curies":[{"name":"wp","href":"https:\/\/api.w.org\/{rel}","templated":true}]}}