{"id":237896,"date":"2025-11-15T20:15:15","date_gmt":"2025-11-15T20:15:15","guid":{"rendered":"https:\/\/www.europesays.com\/es\/237896\/"},"modified":"2025-11-15T20:15:15","modified_gmt":"2025-11-15T20:15:15","slug":"megan-montaner-en-el-estreno-de-su-nueva-pelicula-internacional-me-pillo-a-contratiempo","status":"publish","type":"post","link":"https:\/\/www.europesays.com\/es\/237896\/","title":{"rendered":"Megan Montaner, en el estreno de su nueva pel\u00edcula internacional: \u00abMe pill\u00f3 a contratiempo\u00bb"},"content":{"rendered":"<p class=\"paragraph\">Megan Montaner contin\u00faa con un 2025<b> lleno de novedades.<\/b> Desde nuevas temporadas de series tan populares como La caza y Entre tierras, hasta pel\u00edculas internacionales como Ya no quedan junglas a ahora Papeles, el thriller <a href=\"https:\/\/www.heraldo.es\/noticias\/ocio-y-cultura\/2025\/04\/18\/megan-montaner-recuerda-rodaje-mas-duro-papeles-panama-1816536.html\" title=\"Megan Montaner recuerda su rodaje m\u00e1s duro: &quot;De repente, se tambalea todo&quot;\" rel=\"nofollow noopener\" target=\"_blank\">que este viernes present\u00f3 en el XIV Festival Internacional de Cine de Almer\u00eda (Fical).<\/a><\/p>\n<p class=\"paragraph\">Se trata de un filme <b>inspirado en el caso de &#8216;Los papeles de Panam\u00e1&#8217;, <\/b>un esc\u00e1ndalo financiero de \u00e1mbito internacional que revel\u00f3 la existencia de compa\u00f1\u00edas inscritas en un para\u00edso fiscal de tal modo que ocultaran la identidad de los propietarios.<\/p>\n<p class=\"paragraph\">La int\u00e9rprete aragonesa comanda un elenco actoral en el que tambi\u00e9n se hallan<b> Carlos Bardem, Antonio Dechent, Gustavo Bassani,<\/b> Jaime Newbal, Nick Romano, Agust\u00edn Della Corte y Ver\u00f3nica Ortiz. La direcci\u00f3n corre a cargo del cineasta paname\u00f1o Arturo Montenegro.<\/p>\n<p class=\"paragraph\"><b>Megan Montaner se mete en el piel de Ana M\u00e9ndez, <\/b>directora jur\u00eddica del bufete n\u00famero dos del mundo en venta de sociedades offshore, que se enfrenta a un acontecimiento catastr\u00f3fico para sus intereses: se han filtrado 11,8 millones de documentos confidenciales.<\/p>\n<p class=\"paragraph\">\u00abMeterme en la cabeza de Ana M\u00e9ndez\u00bb y enfrentarse a un papel \u00abintenso\u00bb han marcado el trabajo de Megan Montaner en Papeles.\u00a0La oscense ha defendido la historia real que inspira la pel\u00edcula y el proceso actoral que la llev\u00f3<b> a tener acento paname\u00f1o a contrarreloj.<\/b><\/p>\n<p class=\"paragraph\">En ausencia del director de la cinta, Arturo Montenegro, la productora ejecutiva Patricia Gonz\u00e1lez ha explicado que el gui\u00f3n lleg\u00f3 como una historia basada en hechos reales que pudo pasar \u00aben cualquier lugar del mundo\u00bb, pero que <b>encontr\u00f3 en Panam\u00e1 un eje narrativo poderoso.<\/b><\/p>\n<p class=\"paragraph\">Ha se\u00f1alado que el trabajo de Montaner fue decisivo para la pel\u00edcula: <b>\u00abFue un trabajo muy dif\u00edcil y ha abordado el papel de manera magn\u00edfica\u00bb<\/b>, ha afirmado, destacando la rapidez con la que la actriz asumi\u00f3 la preparaci\u00f3n del acento y el peso dram\u00e1tico del personaje.<\/p>\n<p class=\"paragraph\">Montaner ha relatado c\u00f3mo lleg\u00f3 el proyecto y la r\u00e1pida implicaci\u00f3n que asumi\u00f3 tras reunirse con Gonz\u00e1lez y Montenegro. Le interes\u00f3 especialmente comprender el hundimiento y la reconstrucci\u00f3n emocional de Ana M\u00e9ndez, la abogada paname\u00f1a en la que se inspira la historia: \u00abMe encantaba la idea de meterme en la cabeza de Ana M\u00e9ndez y<b> saber qu\u00e9 la llev\u00f3 a que su vida se desmoronara <\/b>por completo\u00bb.<\/p>\n<p class=\"paragraph\">Ha reconocido que el reto creci\u00f3 cuando el director le pidi\u00f3 trabajar un acento paname\u00f1o a pocos d\u00edas del rodaje. <b>\u00abMe pill\u00f3 a contratiempo\u00bb,<\/b> ha admitido, explicando que fue incorporando pautas sobre la marcha, lo que se uni\u00f3 a un rodaje \u00abmuy intenso\u00bb en jornadas de lunes a s\u00e1bado y 14 horas diarias.<\/p>\n<p class=\"paragraph\">Seg\u00fan palabras de la propia actriz, fue uno de los rodajes m\u00e1s duros de su carrera: \u00abMi experiencia en Panam\u00e1 fue dura porque la historia tambi\u00e9n es dura. <b>Me mimetic\u00e9 con todo durante el rodaje. <\/b>Me dio pena que despu\u00e9s de un mes entero no pude visitar Panam\u00e1 realmente ni escapar a sitios que son preciosos porque estuve metida dentro de oficinas y muchos rascacielos. Estupendo todo, pero con la cantidad de cosas chulas que hay en Panam\u00e1&#8230; Espero que en otro momento me pueda redimir de ello. Me llevo muchas cosas. En primer lugar, un gran aprendizaje\u00bb.<\/p>\n","protected":false},"excerpt":{"rendered":"Megan Montaner contin\u00faa con un 2025 lleno de novedades. Desde nuevas temporadas de series tan populares como La&hellip;\n","protected":false},"author":2,"featured_media":237897,"comment_status":"","ping_status":"","sticky":false,"template":"","format":"standard","meta":{"footnotes":""},"categories":[169],"tags":[177,146,147,25,24,1055,176,10832,175,40689,23],"class_list":{"0":"post-237896","1":"post","2":"type-post","3":"status-publish","4":"format-standard","5":"has-post-thumbnail","7":"category-cine","8":"tag-cine","9":"tag-entertainment","10":"tag-entretenimiento","11":"tag-es","12":"tag-espana","13":"tag-estreno","14":"tag-film","15":"tag-megan-montaner","16":"tag-movies","17":"tag-papeles","18":"tag-spain"},"share_on_mastodon":{"url":"https:\/\/pubeurope.com\/@es\/115555554082354427","error":""},"_links":{"self":[{"href":"https:\/\/www.europesays.com\/es\/wp-json\/wp\/v2\/posts\/237896","targetHints":{"allow":["GET"]}}],"collection":[{"href":"https:\/\/www.europesays.com\/es\/wp-json\/wp\/v2\/posts"}],"about":[{"href":"https:\/\/www.europesays.com\/es\/wp-json\/wp\/v2\/types\/post"}],"author":[{"embeddable":true,"href":"https:\/\/www.europesays.com\/es\/wp-json\/wp\/v2\/users\/2"}],"replies":[{"embeddable":true,"href":"https:\/\/www.europesays.com\/es\/wp-json\/wp\/v2\/comments?post=237896"}],"version-history":[{"count":0,"href":"https:\/\/www.europesays.com\/es\/wp-json\/wp\/v2\/posts\/237896\/revisions"}],"wp:featuredmedia":[{"embeddable":true,"href":"https:\/\/www.europesays.com\/es\/wp-json\/wp\/v2\/media\/237897"}],"wp:attachment":[{"href":"https:\/\/www.europesays.com\/es\/wp-json\/wp\/v2\/media?parent=237896"}],"wp:term":[{"taxonomy":"category","embeddable":true,"href":"https:\/\/www.europesays.com\/es\/wp-json\/wp\/v2\/categories?post=237896"},{"taxonomy":"post_tag","embeddable":true,"href":"https:\/\/www.europesays.com\/es\/wp-json\/wp\/v2\/tags?post=237896"}],"curies":[{"name":"wp","href":"https:\/\/api.w.org\/{rel}","templated":true}]}}