{"id":237937,"date":"2025-11-15T20:51:08","date_gmt":"2025-11-15T20:51:08","guid":{"rendered":"https:\/\/www.europesays.com\/es\/237937\/"},"modified":"2025-11-15T20:51:08","modified_gmt":"2025-11-15T20:51:08","slug":"carlos-alcaraz-felix-auger-aliassime-en-directo-hoy","status":"publish","type":"post","link":"https:\/\/www.europesays.com\/es\/237937\/","title":{"rendered":"Carlos Alcaraz \u2013 F\u00e9lix Auger-Aliassime, en directo hoy"},"content":{"rendered":"<p><strong>Carlos Alcaraz<\/strong> busca este s\u00e1bado el pase a su primera final de las <strong>ATP Finals<\/strong>. Para lograrlo, el tenista espa\u00f1ol deber\u00e1 derrotar a <strong>F\u00e9lix Auger-Aliassime<\/strong> en la pista central del InAlpi Arena de Tur\u00edn. <\/p>\n<p>Carlos Alcaraz &#8211; Felix Auger-Aliassime, en directo la semifinal de las ATP Finals<\/p>\n<p>El murciano ha llegado a semifinales tras completar un torneo casi inmaculado.<strong> Ha ganado los tres partidos de su grupo<\/strong> y solo ha cedido un set. &#8216;Carlitos&#8217; super\u00f3 a De Mi\u00f1aur en su debut (7-6 y 6-2), despach\u00f3 a Fritz en su segundo choque (6-7, 7-5 y 6-3) y dobleg\u00f3 a Musetti en el duelo que cerraba la primera fase (6-4 y 6-1).<\/p>\n<p>El espa\u00f1ol necesitaba tres victorias para recuperar el n\u00famero 1 e hizo los deberes. <strong>El triunfo ante el italiano le permiti\u00f3 recuperar la corona del tenis mundial<\/strong>, privilegio que hab\u00eda perdido en detrimento de Sinner tras la victoria del italiano en el Masters 1000 de Par\u00eds. <\/p>\n<p>En frente estar\u00e1 <strong>F\u00e9lix Auger-Aliassime<\/strong>, que ha llegado a la pen\u00faltima ronda del torneo con m\u00e1s dificultades que Alcaraz. El canadiense <strong>necesitaba ganar a Zverev<\/strong> para meterse en semifinales y dio la sorpresa para conseguirlo. El n\u00famero 8 del mundo super\u00f3 al alem\u00e1n en dos sets (4-6 y 6-7) y confirm\u00f3 su buen estado de forma.<\/p>\n<p>Auger-Aliassime solo ha perdido dos de sus \u00faltimos nueve partidos y en ambas derrotas ha tenido delante al mismo rival: <strong>Jannik Sinner<\/strong>. En las ATP Finals, el canadiense cay\u00f3 ante el italiano en su debut (7-5 y 6-1) y <strong>venci\u00f3 a Shelton <\/strong>en el segundo duelo (6-4, 6-7 y 5-7). Su otra derrota ante el n\u00famero 2 del mundo lleg\u00f3 en la final del Masters 1000 de Par\u00eds hace solo dos semanas (4-6 y 6-7). <\/p>\n<p>Que <strong>solo Sinner <\/strong>haya sido capaz de derrotarle en el \u00faltimo mes evidencia el buen estado de forma del canadiense, que adem\u00e1s gan\u00f3 su \u00faltimo t\u00edtulo hace cuatro semanas en el ATP 250 de Bruselas. <strong>El de Montreal ser\u00e1 un duro obst\u00e1culo para Carlos Alcaraz <\/strong>en su camino hacia su primer t\u00edtulo en las ATP Finals. <\/p>\n<p>En esa final espera precisamente <a href=\"https:\/\/www.rtve.es\/deportes\/20251115\/sinner-minaur-atp-finals-turin-resumen-resultado\/16817058.shtml\" rel=\"nofollow noopener\" target=\"_blank\">Sinner, que se ha vuelto a plantar<\/a> en esta instancia por segundo a\u00f1o seguido sin perder un solo set tras imponerse en su semifinal al australiano Alex de Minaur por 7-5, 6-2.<\/p>\n","protected":false},"excerpt":{"rendered":"Carlos Alcaraz busca este s\u00e1bado el pase a su primera final de las ATP Finals. Para lograrlo, el&hellip;\n","protected":false},"author":2,"featured_media":237938,"comment_status":"","ping_status":"","sticky":false,"template":"","format":"standard","meta":{"footnotes":""},"categories":[274],"tags":[168,25,24,23,167,327,326],"class_list":{"0":"post-237937","1":"post","2":"type-post","3":"status-publish","4":"format-standard","5":"has-post-thumbnail","7":"category-tenis","8":"tag-deportes","9":"tag-es","10":"tag-espana","11":"tag-spain","12":"tag-sports","13":"tag-tenis","14":"tag-tennis"},"share_on_mastodon":{"url":"https:\/\/pubeurope.com\/@es\/115555695720970642","error":""},"_links":{"self":[{"href":"https:\/\/www.europesays.com\/es\/wp-json\/wp\/v2\/posts\/237937","targetHints":{"allow":["GET"]}}],"collection":[{"href":"https:\/\/www.europesays.com\/es\/wp-json\/wp\/v2\/posts"}],"about":[{"href":"https:\/\/www.europesays.com\/es\/wp-json\/wp\/v2\/types\/post"}],"author":[{"embeddable":true,"href":"https:\/\/www.europesays.com\/es\/wp-json\/wp\/v2\/users\/2"}],"replies":[{"embeddable":true,"href":"https:\/\/www.europesays.com\/es\/wp-json\/wp\/v2\/comments?post=237937"}],"version-history":[{"count":0,"href":"https:\/\/www.europesays.com\/es\/wp-json\/wp\/v2\/posts\/237937\/revisions"}],"wp:featuredmedia":[{"embeddable":true,"href":"https:\/\/www.europesays.com\/es\/wp-json\/wp\/v2\/media\/237938"}],"wp:attachment":[{"href":"https:\/\/www.europesays.com\/es\/wp-json\/wp\/v2\/media?parent=237937"}],"wp:term":[{"taxonomy":"category","embeddable":true,"href":"https:\/\/www.europesays.com\/es\/wp-json\/wp\/v2\/categories?post=237937"},{"taxonomy":"post_tag","embeddable":true,"href":"https:\/\/www.europesays.com\/es\/wp-json\/wp\/v2\/tags?post=237937"}],"curies":[{"name":"wp","href":"https:\/\/api.w.org\/{rel}","templated":true}]}}