{"id":237999,"date":"2025-11-15T21:41:10","date_gmt":"2025-11-15T21:41:10","guid":{"rendered":"https:\/\/www.europesays.com\/es\/237999\/"},"modified":"2025-11-15T21:41:10","modified_gmt":"2025-11-15T21:41:10","slug":"hay-equipos-que-llevan-medio-telediario-bien-y-resulta-que-parece-que-lo-han-ganado-todo","status":"publish","type":"post","link":"https:\/\/www.europesays.com\/es\/237999\/","title":{"rendered":"\u00abHay equipos que llevan medio telediario bien y resulta que parece que lo han ganado todo\u00bb"},"content":{"rendered":"<p style=\"\"><strong>Joaqu\u00edn Caparr\u00f3s<\/strong> ha atendido a los medios de comunicaci\u00f3n presentes en el <strong>Encuentro de Pe\u00f1as sevillistas<\/strong> que est\u00e1 teniendo lugar este fin de semana en Torrox. El <strong>presidente de honor del Sevilla<\/strong> ha sido preguntado por <strong>el derbi<\/strong> que se avecina  &#8230; y que se celebrar\u00e1 el pr\u00f3ximo<strong> 30 de noviembre<\/strong> en el Ram\u00f3n S\u00e1nchez-Pizju\u00e1n. Como viene siendo habitual, el utrerano no se ha mordido la lengua y <strong>ha lanzado varios dardos al Betis. <\/strong><\/p>\n<p class=\"voc-p\" style=\"\">\u00abUno intenta demostrar y decir que el sevillismo est\u00e1 muy vivo, que el sevillismo es muy grande. <strong>Ahora hay otros equipos que llevan medio telediario un poquito mejor que nosotros, pero medio telediario nada m\u00e1s,<\/strong> y resulta que nosotros llevamos ciento y pico de a\u00f1os cada vez creciendo y ganando muchos t\u00edtulos\u00bb, se\u00f1alaba Caparr\u00f3s que al ser repreguntado si se refer\u00eda al Betis, se\u00f1al\u00f3 lo siguiente: \u00abYo no estoy nervioso en este tipo de partidos jugando en nuestro estadio <strong>\u00bfQue si me refiero al Betis? Eso lo pones t\u00fa. Hay equipos que llevan medio telediario y resulta que parece que han ganado todo.<\/strong> Por lo tanto, para nosotros, estos partidos son distintos, los afrontamos con un optimismo, creemos en nuestro entrenador, que est\u00e1 haciendo un magn\u00edfico trabajo con el director deportivo y, por lo tanto, lo afrontamos con optimismo sabiendo que anteriormente hay otro partido contra el Espanyol\u00bb. <\/p>\n<p class=\"voc-p\" style=\"\">Adem\u00e1s, Caparr\u00f3s sigui\u00f3 hablando sobre el derbi en los siguientes t\u00e9rminos: \u00abHay un entrenador que seguro sabe motivar a sus futbolistas, porque adem\u00e1s \u00e9l ya ha vivido en Sevilla lo que es un derbi, sabe lo que es esta ciudad, por lo tanto, mejor que \u00e9l no va a haber nadie para motivarlos&#8230; Cuando salgan los futbolistas y giren seg\u00fan salgan a su izquierda y miren a los Biris y vean todo ese estadio con ese colorido y animando, <strong>ya la sangre roja sale, y al otro le tambalea lo que le tiene que tambalear<\/strong>\u00bb. <\/p>\n<p class=\"voc-p\" style=\"\">\u00ab<strong>Estoy deseando vivir un partido con los Biris.<\/strong> Hoy lo hablaba con un componente de los Biris. Me encantar\u00eda estar en esa grada porque yo lo vivo y creo que es una gozada. Este derbi no. Los Biris son el alma, el coraz\u00f3n, la gasolina competitiva de nuestros futbolistas junto al resto del campo\u00bb, concluy\u00f3 Caparr\u00f3s. <\/p>\n","protected":false},"excerpt":{"rendered":"Joaqu\u00edn Caparr\u00f3s ha atendido a los medios de comunicaci\u00f3n presentes en el Encuentro de Pe\u00f1as sevillistas que est\u00e1&hellip;\n","protected":false},"author":2,"featured_media":238000,"comment_status":"","ping_status":"","sticky":false,"template":"","format":"standard","meta":{"footnotes":""},"categories":[268],"tags":[14649,3967,16658,168,18298,6440,25,24,280,282,1487,9160,697,3088,8627,281,23,167,4686],"class_list":{"0":"post-237999","1":"post","2":"type-post","3":"status-publish","4":"format-standard","5":"has-post-thumbnail","7":"category-futbol","8":"tag-bien","9":"tag-calienta","10":"tag-caparros","11":"tag-deportes","12":"tag-derbi","13":"tag-equipos","14":"tag-es","15":"tag-espana","16":"tag-football","17":"tag-futbol","18":"tag-ganado","19":"tag-llevan","20":"tag-medio","21":"tag-parece","22":"tag-resulta","23":"tag-soccer","24":"tag-spain","25":"tag-sports","26":"tag-telediario"},"share_on_mastodon":{"url":"https:\/\/pubeurope.com\/@es\/115555892177046334","error":""},"_links":{"self":[{"href":"https:\/\/www.europesays.com\/es\/wp-json\/wp\/v2\/posts\/237999","targetHints":{"allow":["GET"]}}],"collection":[{"href":"https:\/\/www.europesays.com\/es\/wp-json\/wp\/v2\/posts"}],"about":[{"href":"https:\/\/www.europesays.com\/es\/wp-json\/wp\/v2\/types\/post"}],"author":[{"embeddable":true,"href":"https:\/\/www.europesays.com\/es\/wp-json\/wp\/v2\/users\/2"}],"replies":[{"embeddable":true,"href":"https:\/\/www.europesays.com\/es\/wp-json\/wp\/v2\/comments?post=237999"}],"version-history":[{"count":0,"href":"https:\/\/www.europesays.com\/es\/wp-json\/wp\/v2\/posts\/237999\/revisions"}],"wp:featuredmedia":[{"embeddable":true,"href":"https:\/\/www.europesays.com\/es\/wp-json\/wp\/v2\/media\/238000"}],"wp:attachment":[{"href":"https:\/\/www.europesays.com\/es\/wp-json\/wp\/v2\/media?parent=237999"}],"wp:term":[{"taxonomy":"category","embeddable":true,"href":"https:\/\/www.europesays.com\/es\/wp-json\/wp\/v2\/categories?post=237999"},{"taxonomy":"post_tag","embeddable":true,"href":"https:\/\/www.europesays.com\/es\/wp-json\/wp\/v2\/tags?post=237999"}],"curies":[{"name":"wp","href":"https:\/\/api.w.org\/{rel}","templated":true}]}}