{"id":238030,"date":"2025-11-15T22:05:16","date_gmt":"2025-11-15T22:05:16","guid":{"rendered":"https:\/\/www.europesays.com\/es\/238030\/"},"modified":"2025-11-15T22:05:16","modified_gmt":"2025-11-15T22:05:16","slug":"naomi-campbell-recuerda-la-era-de-las-supermodelos-con-un-diseno-de-galliano-de-1996-famosos-s-moda","status":"publish","type":"post","link":"https:\/\/www.europesays.com\/es\/238030\/","title":{"rendered":"Naomi Campbell recuerda la era de las supermodelos con un dise\u00f1o de Galliano de 1996 | Famosos | S Moda"},"content":{"rendered":"<p class=\"\">El mismo vestido y la misma modelo, tres d\u00e9cadas despu\u00e9s. La top <a href=\"https:\/\/elpais.com\/smoda\/famosos\/naomi-campbell-cumple-50-anos-hitos-sombras-modelo.html\" target=\"_blank\" rel=\"noreferrer nofollow noopener\" title=\"https:\/\/elpais.com\/smoda\/famosos\/naomi-campbell-cumple-50-anos-hitos-sombras-modelo.html\">Naomi Campbell<\/a> se ha hecho un autohomenaje y recordado la era de las supermodelos al recuperar un modelo de archivo de los a\u00f1os noventa firmado por John Galliano. Lo ha hecho durante la gala de los <a href=\"https:\/\/www.burda.com\/en\/bambi\/\" target=\"_blank\" rel=\"noreferrer nofollow noopener\" title=\"https:\/\/www.burda.com\/en\/bambi\/\">Bambi Awards<\/a>, unos premios otorgados por el grupo alem\u00e1n de comunicaci\u00f3n Hubert Burda Media que este a\u00f1o han celebrado su edici\u00f3n n\u00famero 77 en M\u00fanich. Hasta all\u00ed acudi\u00f3 el jueves la londinense, de 55 a\u00f1os, para entregar este galard\u00f3n a la top, presentadora y productora alemana Heidi Klum, de 52 a\u00f1os. <\/p>\n<p><img decoding=\"auto\" class=\"_re lazyload a_m-v\" height=\"621\"  width=\"414\"  src=\"https:\/\/www.europesays.com\/es\/wp-content\/uploads\/2025\/11\/P2QGDIZHX5CZNJLY56633IXYLI.jpg\" loading=\"lazy\"\/>Naomi Campbell posa junto a Heidi Klum, que sostiene su Bambi Award.Franziska Krug (Getty Images)<\/p>\n<p class=\"\">Campbell lleg\u00f3 al evento enfundada en un vestido blanco de aires lenceros con calados y con una gran flor blanca en la melena. Se trataba de una clara autorreferencia a uno de sus emblem\u00e1ticos looks de pasarela: porque la top hab\u00eda lucido ese mismo estilismo \u2014con id\u00e9ntica flor, aunque entonces con el pelo recogido\u2014 durante el desfile en Par\u00eds de la colecci\u00f3n primavera-verano 1996 ready to wear de John Galliano. En aquel show, en plena efervescencia del grupo de las conocidas como \u201c<a href=\"https:\/\/elpais.com\/eps\/2022-10-22\/steven-meisel-el-fotografo-que-invento-a-las-supermodelos-bellezas-extraterrestres-de-piernas-infinitas-y-medidas-imposibles.html\" target=\"_blank\" rel=\"noreferrer nofollow noopener\" title=\"https:\/\/elpais.com\/eps\/2022-10-22\/steven-meisel-el-fotografo-que-invento-a-las-supermodelos-bellezas-extraterrestres-de-piernas-infinitas-y-medidas-imposibles.html\">supermodelos<\/a>\u201d, desfilaron Campbell, Helena Christensen, <a href=\"https:\/\/elpais.com\/smoda\/famosos\/kate-moss-con-15-anos-en-una-sesion-de-fotos-me-dijeron-quitate-el-sujetador-senti-que-algo-andaba-mal-cogi-mis-cosas-y-me-fui.html\" target=\"_blank\" rel=\"noreferrer nofollow noopener\" title=\"https:\/\/elpais.com\/smoda\/famosos\/kate-moss-con-15-anos-en-una-sesion-de-fotos-me-dijeron-quitate-el-sujetador-senti-que-algo-andaba-mal-cogi-mis-cosas-y-me-fui.html\">Kate Moss<\/a>, Amber Valleta o Shalom Harlow.<\/p>\n<p><img decoding=\"auto\" class=\"_re lazyload a_m-h\" height=\"276\"  width=\"414\"  src=\"https:\/\/www.europesays.com\/es\/wp-content\/uploads\/2025\/11\/DP24KXTGJJDHXPSB26FPW256FU.jpg\" loading=\"lazy\"\/>John Galliano, con algunas de las modelos del desfile de su colecci\u00f3n p-v 1996, entre ellas Naomi Campbell, Helena Christensen y Kate Moss.Pool ARNAL\/PAT (Gamma-Rapho via Getty Images)<\/p>\n<p class=\"\">La brit\u00e1nica lleg\u00f3 al Olimpo del modelaje en 1988, despu\u00e9s de convertirse en la primera modelo negra en protagonizar la portada de la edici\u00f3n francesa de Vogue, y hasta la actualidad nunca se ha bajado de las pasarelas (este a\u00f1o ha formado parte de los desfiles de Burberry, Richard Quinn o DSquared2). El gibraltare\u00f1o John Galliano, de 64 a\u00f1os, trabaj\u00f3 con ella en m\u00faltiples ocasiones y su amistad se ha mantenido a lo largo de los a\u00f1os y las pol\u00e9micas protagonizadas por ambos. De hecho, en la docuserie de Apple Las supermodelos, de 2023, Campbell habl\u00f3 de sus adicciones al alcohol y las drogas \u2014agravadas tras el asesinato del dise\u00f1ador <a href=\"https:\/\/elpais.com\/smoda\/famosos\/gianni-versace-serie.html\" target=\"_blank\" rel=\"noreferrer nofollow noopener\" title=\"https:\/\/elpais.com\/smoda\/famosos\/gianni-versace-serie.html\">Gianni Versace<\/a>\u2014 y c\u00f3mo las super\u00f3, y <a href=\"https:\/\/www.etonline.com\/naomi-campbell-reflects-on-overcoming-past-drug-addiction-and-helping-marc-jacobs-john-galliano-go\" target=\"_blank\" rel=\"noreferrer nofollow noopener\" title=\"https:\/\/www.etonline.com\/naomi-campbell-reflects-on-overcoming-past-drug-addiction-and-helping-marc-jacobs-john-galliano-go\">Marc Jacobs y John Galliano<\/a> recordaron c\u00f3mo la brit\u00e1nica los ayud\u00f3 a enfrentarse a sus problemas con las drogas y entrar en centros de rehabilitaci\u00f3n.<\/p>\n<p><img decoding=\"auto\" class=\"_re lazyload a_m-v\" height=\"628\"  width=\"414\"  src=\"https:\/\/www.europesays.com\/es\/wp-content\/uploads\/2025\/11\/LUEQ3APBRVHJRF4FIASLFMSDLA.jpg\" loading=\"lazy\"\/>Naomi Campbell, en el desfile de Galliano.Guy Marineau (Conde Nast via Getty Images)<\/p>\n<p class=\"\">En el evento celebrado en M\u00fanich, Campbell ha reivindicado el trabajo creativo de Galliano, que <a href=\"https:\/\/elpais.com\/smoda\/moda\/2024-12-11\/john-galliano-abandona-margiela-tras-mas-de-diez-anos.html\" target=\"_blank\" rel=\"noreferrer nofollow noopener\" title=\"https:\/\/elpais.com\/smoda\/moda\/2024-12-11\/john-galliano-abandona-margiela-tras-mas-de-diez-anos.html\">en diciembre de 2024 abandon\u00f3 su \u00faltimo puesto<\/a> al cargo de una firma de moda, al no renovar \u2014tras una d\u00e9cada en el puesto\u2014 su contrato con Maison Margiela, firma de la que se despidi\u00f3 con un <a href=\"https:\/\/elpais.com\/estilo\/2024-01-26\/el-dificil-arte-de-convertir-un-desfile-en-un-acontecimiento-o-de-como-john-galliano-a-vuelto-a-ser-john-galliano.html\" target=\"_blank\" rel=\"noreferrer nofollow noopener\" title=\"https:\/\/elpais.com\/estilo\/2024-01-26\/el-dificil-arte-de-convertir-un-desfile-en-un-acontecimiento-o-de-como-john-galliano-a-vuelto-a-ser-john-galliano.html\">desfile-acontecimiento<\/a> en Par\u00eds. El dise\u00f1ador, que en 1984 se gradu\u00f3 en la Central Saint Martins de Londres y luego cre\u00f3 su propia marca, fue el primer brit\u00e1nico al cargo de una maison de alta costura francesa, Givenchy, y marc\u00f3 una \u00e9poca al frente de Dior, donde comenz\u00f3 a trabajar en 1996, como sucesor de Gianfranco Ferr\u00e9. <a href=\"https:\/\/elpais.com\/cultura\/2011\/03\/01\/actualidad\/1298934006_850215.html\" target=\"_blank\" rel=\"noreferrer nofollow noopener\" title=\"https:\/\/elpais.com\/cultura\/2011\/03\/01\/actualidad\/1298934006_850215.html\">En 2011 fue despedido<\/a> por su \u201ccomportamiento particularmente odioso\u201d y sus comentarios racistas en el caf\u00e9 La Perle de Par\u00eds. Tras ese suceso, entr\u00f3 en rehabilitaci\u00f3n, comenz\u00f3 a trabajar en Margiela y en 2024 protagoniz\u00f3 el documental <a href=\"https:\/\/www.filmin.es\/pelicula\/auge-y-caida-de-john-galliano\" target=\"_blank\" rel=\"noreferrer nofollow noopener\" title=\"https:\/\/www.filmin.es\/pelicula\/auge-y-caida-de-john-galliano\">Auge y ca\u00edda de John Galliano<\/a>, que repasaba su trayectoria, de sus momentos cumbre a sus ca\u00eddas al abismo, y reflejaba su genio creativo. En \u00e9l, Campbell explicaba por qu\u00e9 todas las tops quer\u00edan siempre trabajar con \u00e9l: \u201cQuer\u00edamos ser parte de esa magia\u201d.<\/p>\n<p><img decoding=\"auto\" class=\"_re lazyload a_m-v\" height=\"621\"  width=\"414\"  src=\"https:\/\/www.europesays.com\/es\/wp-content\/uploads\/2025\/11\/TD22I7Q7VRHSBFHQYQAYD24U7Q.jpg\" loading=\"lazy\"\/>Naomi Campbell, en los Bambi Awards.Franziska Krug (Getty Images)<\/p>\n","protected":false},"excerpt":{"rendered":"El mismo vestido y la misma modelo, tres d\u00e9cadas despu\u00e9s. La top Naomi Campbell se ha hecho un&hellip;\n","protected":false},"author":2,"featured_media":238031,"comment_status":"","ping_status":"","sticky":false,"template":"","format":"standard","meta":{"footnotes":""},"categories":[174],"tags":[14747,255,25062,146,147,25,24,256,57294,36024,1023,3383,22795,23264,23,10767],"class_list":{"0":"post-238030","1":"post","2":"type-post","3":"status-publish","4":"format-standard","5":"has-post-thumbnail","7":"category-famosos","8":"tag-anos-90","9":"tag-celebrities","10":"tag-desfiles-modelos","11":"tag-entertainment","12":"tag-entretenimiento","13":"tag-es","14":"tag-espana","15":"tag-famosos","16":"tag-heidi-klum","17":"tag-john-galliano","18":"tag-moda","19":"tag-modelos","20":"tag-naomi-campbell","21":"tag-pasarelas-moda","22":"tag-spain","23":"tag-supermodelo"},"share_on_mastodon":{"url":"https:\/\/pubeurope.com\/@es\/115555987169595733","error":""},"_links":{"self":[{"href":"https:\/\/www.europesays.com\/es\/wp-json\/wp\/v2\/posts\/238030","targetHints":{"allow":["GET"]}}],"collection":[{"href":"https:\/\/www.europesays.com\/es\/wp-json\/wp\/v2\/posts"}],"about":[{"href":"https:\/\/www.europesays.com\/es\/wp-json\/wp\/v2\/types\/post"}],"author":[{"embeddable":true,"href":"https:\/\/www.europesays.com\/es\/wp-json\/wp\/v2\/users\/2"}],"replies":[{"embeddable":true,"href":"https:\/\/www.europesays.com\/es\/wp-json\/wp\/v2\/comments?post=238030"}],"version-history":[{"count":0,"href":"https:\/\/www.europesays.com\/es\/wp-json\/wp\/v2\/posts\/238030\/revisions"}],"wp:featuredmedia":[{"embeddable":true,"href":"https:\/\/www.europesays.com\/es\/wp-json\/wp\/v2\/media\/238031"}],"wp:attachment":[{"href":"https:\/\/www.europesays.com\/es\/wp-json\/wp\/v2\/media?parent=238030"}],"wp:term":[{"taxonomy":"category","embeddable":true,"href":"https:\/\/www.europesays.com\/es\/wp-json\/wp\/v2\/categories?post=238030"},{"taxonomy":"post_tag","embeddable":true,"href":"https:\/\/www.europesays.com\/es\/wp-json\/wp\/v2\/tags?post=238030"}],"curies":[{"name":"wp","href":"https:\/\/api.w.org\/{rel}","templated":true}]}}