{"id":238042,"date":"2025-11-15T22:14:09","date_gmt":"2025-11-15T22:14:09","guid":{"rendered":"https:\/\/www.europesays.com\/es\/238042\/"},"modified":"2025-11-15T22:14:09","modified_gmt":"2025-11-15T22:14:09","slug":"el-cometa-que-se-adentra-en-el-sistema-solar-y-no-para-de-crecer","status":"publish","type":"post","link":"https:\/\/www.europesays.com\/es\/238042\/","title":{"rendered":"el cometa que se adentra en el Sistema Solar y no para de crecer"},"content":{"rendered":"<p><strong>A medida que avanza noviembre, nuevas observaciones astron\u00f3micas vuelven a poner el foco en 3I\/ATLAS, el cometa de origen interestelar que est\u00e1 atravesando el Sistema <a target=\"_blank\" href=\"https:\/\/www.hoyaragon.es\/tags\/solar\/\" rel=\"nofollow noopener\">Solar <\/a>interior.<\/strong> Las \u00faltimas im\u00e1genes obtenidas muestran una evoluci\u00f3n notable en su actividad, detect\u00e1ndose una expansi\u00f3n clara de su cola i\u00f3nica, un rasgo que los especialistas asocian con el incremento de la radiaci\u00f3n solar que recibe durante su aproximaci\u00f3n.<\/p>\n<p>La informaci\u00f3n procede de una captura reciente realizada por The Virtual Telescope Project, que logr\u00f3 registrar el estado actual del cometa mediante telescopios rob\u00f3ticos situados en Manciano, <a target=\"_blank\" href=\"https:\/\/www.hoyaragon.es\/tags\/italia\/\" rel=\"nofollow noopener\">Italia<\/a>.<strong> La fotograf\u00eda se obtuvo a las 11:31 p. m. del 10 de noviembre (hora del este de Estados Unidos), fruto de un total de 18 exposiciones de 120 segundos cada una. <\/strong>A pesar de que las condiciones ambientales no eran \u00f3ptimas, el resultado ofrece una visi\u00f3n especialmente n\u00edtida y estructurada de la cola i\u00f3nica de 3I\/ATLAS, m\u00e1s definida que en im\u00e1genes anteriores.<\/p>\n<p><strong>Gianluca Masi, astr\u00f3nomo y responsable del proyecto, destac\u00f3 que la cola i\u00f3nica del cometa \u201cse ve cada vez m\u00e1s desarrollada\u201d, un indicio directo de que la liberaci\u00f3n de gas y polvo aumenta conforme el objeto se adentra en regiones m\u00e1s c\u00e1lidas del Sistema Solar. <\/strong>El fen\u00f3meno responde a un proceso f\u00edsico bien conocido: la radiaci\u00f3n ultravioleta del Sol ioniza los gases que el cometa emite, generando iones que son arrastrados por el viento solar y formando una estela que siempre apunta en direcci\u00f3n contraria a la estrella. Este tipo de cola suele presentar tonalidades azuladas y su comportamiento es distinto al de la cola de polvo, que tiende a seguir la trayectoria orbital del cometa, adoptando una curvatura suave.<\/p>\n<p><strong>En esta \u00faltima imagen, adem\u00e1s, se aprecia un n\u00facleo brillante rodeado por una coma compacta, junto con una cola i\u00f3nica que se extiende aproximadamente 0,7 grados en el cielo.<\/strong> Tambi\u00e9n es visible una anticola, un efecto \u00f3ptico que surge cuando el polvo de la \u00f3rbita del cometa se alinea con la l\u00ednea de visi\u00f3n del observador, creando la apariencia de una cola adicional orientada hacia el lado opuesto de la principal, aunque no se trate de un rasgo f\u00edsico real.<\/p>\n<p>UN OBJETO DESTACADO<\/p>\n<p>3I\/ATLAS, tambi\u00e9n catalogado como C\/2025 N1 (ATLAS), ocupa un lugar destacado entre los objetos de su categor\u00eda. <strong>Es el tercer visitante interestelar confirmado que llega a nuestro entorno tras \u2019Oumuamua, detectado en 2017, y 2I\/Borisov, observado en 2019.<\/strong> A diferencia de aquellos, su brillo hace posible un seguimiento detallado desde la superficie terrestre, lo que proporciona una oportunidad cient\u00edfica excepcional para analizar la actividad y composici\u00f3n de un cometa procedente de otro sistema estelar.<\/p>\n<p><strong>Las observaciones preliminares sugieren que podr\u00eda albergar importantes cantidades de di\u00f3xido de carbono congelado, un dato relevante para reconstruir las condiciones f\u00edsicas del entorno en el que se form\u00f3.<\/strong> Los investigadores consideran que estudiar este tipo de materiales permite obtener informaci\u00f3n sobre procesos qu\u00edmicos y t\u00e9rmicos que tienen lugar en sistemas planetarios distintos al nuestro.<\/p>\n<p><strong>The Virtual Telescope Project prev\u00e9 continuar monitorizando la evoluci\u00f3n del cometa en las pr\u00f3ximas semanas, a medida que avanza por el Sistema Solar interior.<\/strong> El seguimiento constante permitir\u00e1 evaluar c\u00f3mo progresa su actividad y c\u00f3mo se transforma su estructura conforme aumenta la intensidad de la radiaci\u00f3n solar que recibe, un aspecto clave para comprender el comportamiento de estos visitantes interestelares poco habituales.<\/p>\n","protected":false},"excerpt":{"rendered":"A medida que avanza noviembre, nuevas observaciones astron\u00f3micas vuelven a poner el foco en 3I\/ATLAS, el cometa de&hellip;\n","protected":false},"author":2,"featured_media":238043,"comment_status":"","ping_status":"","sticky":false,"template":"","format":"standard","meta":{"footnotes":""},"categories":[81],"tags":[119,123,124,25,24,3013,117,121,122,5653,23,118,120],"class_list":{"0":"post-238042","1":"post","2":"type-post","3":"status-publish","4":"format-standard","5":"has-post-thumbnail","7":"category-ciencia-y-tecnologia","8":"tag-ciencia","9":"tag-ciencia-y-tecnologia","10":"tag-cienciaytecnologia","11":"tag-es","12":"tag-espana","13":"tag-mundo","14":"tag-science","15":"tag-science-and-technology","16":"tag-scienceandtechnology","17":"tag-solar","18":"tag-spain","19":"tag-technology","20":"tag-tecnologia"},"share_on_mastodon":{"url":"https:\/\/pubeurope.com\/@es\/115556022015321516","error":""},"_links":{"self":[{"href":"https:\/\/www.europesays.com\/es\/wp-json\/wp\/v2\/posts\/238042","targetHints":{"allow":["GET"]}}],"collection":[{"href":"https:\/\/www.europesays.com\/es\/wp-json\/wp\/v2\/posts"}],"about":[{"href":"https:\/\/www.europesays.com\/es\/wp-json\/wp\/v2\/types\/post"}],"author":[{"embeddable":true,"href":"https:\/\/www.europesays.com\/es\/wp-json\/wp\/v2\/users\/2"}],"replies":[{"embeddable":true,"href":"https:\/\/www.europesays.com\/es\/wp-json\/wp\/v2\/comments?post=238042"}],"version-history":[{"count":0,"href":"https:\/\/www.europesays.com\/es\/wp-json\/wp\/v2\/posts\/238042\/revisions"}],"wp:featuredmedia":[{"embeddable":true,"href":"https:\/\/www.europesays.com\/es\/wp-json\/wp\/v2\/media\/238043"}],"wp:attachment":[{"href":"https:\/\/www.europesays.com\/es\/wp-json\/wp\/v2\/media?parent=238042"}],"wp:term":[{"taxonomy":"category","embeddable":true,"href":"https:\/\/www.europesays.com\/es\/wp-json\/wp\/v2\/categories?post=238042"},{"taxonomy":"post_tag","embeddable":true,"href":"https:\/\/www.europesays.com\/es\/wp-json\/wp\/v2\/tags?post=238042"}],"curies":[{"name":"wp","href":"https:\/\/api.w.org\/{rel}","templated":true}]}}