{"id":238051,"date":"2025-11-15T22:23:08","date_gmt":"2025-11-15T22:23:08","guid":{"rendered":"https:\/\/www.europesays.com\/es\/238051\/"},"modified":"2025-11-15T22:23:08","modified_gmt":"2025-11-15T22:23:08","slug":"espero-que-haya-tres-o-cuatro-personas-que-me-apoyen","status":"publish","type":"post","link":"https:\/\/www.europesays.com\/es\/238051\/","title":{"rendered":"\u201cEspero que haya tres o cuatro personas que me apoyen&#8230;\u201d"},"content":{"rendered":"<p class=\"\">La victoria de <b>Carlos Alcaraz <\/b>ante <b>Felix Auger-Aliassime <\/b>este s\u00e1bado en <b>Tur\u00edn <\/b>coloca una vez m\u00e1s al murciano de 22 a\u00f1os en el Olimpo de los grandes tenistas de la <b>Armada<\/b>. En esta ocasi\u00f3n, en la historia de las <a href=\"https:\/\/as.com\/noticias\/masters-atp\/\" target=\"_self\" rel=\"nofollow noopener\" title=\"https:\/\/as.com\/noticias\/masters-atp\/\"><b>ATP Finals<\/b><\/a>. Porque es el s\u00e9ptimo tenista espa\u00f1ol que consigue alcanzar la final, desde la primera edici\u00f3n del torneo, en 1970. <\/p>\n<tr>A\u00f1oCampe\u00f3nFinalistaResultado<\/tr>\n<tr>\n<td>1976<\/td>\n<td><b>Manuel Orantes<\/b> <\/td>\n<td>Wojtek Fibak (Pol)<\/td>\n<td>5-7, 6-2, 0-6, 7-6 y 6-1<\/td>\n<\/tr>\n<tr>\n<td>1998<\/td>\n<td><b>\u00c1lex Corretja<\/b><\/td>\n<td><b>Carlos Moy\u00e1<\/b><\/td>\n<td>3-6, 3-6, 7-5, 6-3 y 7-5<\/td>\n<\/tr>\n<tr>\n<td>2002<\/td>\n<td>Lleyton Hewitt (Aus)<\/td>\n<td><b>J. Carlos Ferrero<\/b><\/td>\n<td>7-5, 7-5, 2-6, 2-6 y 6-4<\/td>\n<\/tr>\n<tr>\n<td>2007<\/td>\n<td>Roger Federer (Sui)<\/td>\n<td><b>David Ferrer<\/b><\/td>\n<td>6-2, 6-3, 6-2<\/td>\n<\/tr>\n<tr>\n<td>2010<\/td>\n<td>Roger Federer (Sui) <\/td>\n<td><b>Rafa Nadal<\/b> <\/td>\n<td>6-3, 3-6 y 6-1<\/td>\n<\/tr>\n<tr>\n<td>2013<\/td>\n<td>Novak Djokovic (Ser)<\/td>\n<td><b>Rafa Nadal<\/b><\/td>\n<td>6-3  y 6-4<\/td>\n<\/tr>\n<p class=\"\">El pionero fue <b>Manuel Orantes <\/b>que, adem\u00e1s, se proclam\u00f3 campe\u00f3n en 1976, cuando se impuso en <b>Houston <\/b>al polaco <b>Wojtek Fibak<\/b>. Pasaron 22 a\u00f1os hasta que volvi\u00f3 a verse un finalista de <b>Espa\u00f1a<\/b>, en este caso, dos, porque <b>\u00c1lex Corretja <\/b>y <b>Carlos Moy\u00e1 <\/b>pelearon por el t\u00edtulo en 1998, en una de las ediciones que se disputaron en <b>Hannover<\/b>. En 2002, en <b>Shangh\u00e1i<\/b>, <b>Juan Carlos Ferrero <\/b>vendi\u00f3 cara su derrota en cinco sets ante el australiano <b>Lleyton Hewitt<\/b>. Y <b>David Ferrer <\/b>sucumbi\u00f3 ante un <b>Roger Federer <\/b>en su prime, que le barri\u00f3 en la ciudad china cinco cursos m\u00e1s tarde (2007). Fue el preludio de las apariciones de <b>Rafa Nadal<\/b>, subcampe\u00f3n en 2010, cuando fue derrotado por <b>Federer<\/b>, y en 2013, a\u00f1o en el que no pudo con <b>Novak Djokovic<\/b>, en ambas ocasiones en <b>Londres<\/b>. Ahora, <b>Alcaraz <\/b>aspira a ser el tercer triunfador espa\u00f1ol en la <b>Copa de Maestros<\/b>.<\/p>\n<p>Tarea dif\u00edcil<\/p>\n<p class=\"\">La tarea no ser\u00e1 nada f\u00e1cil, porque <b>en Tur\u00edn va a tener enfrente a un italiano, Jannik Sinner, que gozar\u00e1 del favor del p\u00fablico.<\/b> Por eso, quiz\u00e1, Alcaraz se permiti\u00f3 soltar una <b>frase en italiano a pie de pista<\/b> (\u201cEstoy muy feliz por el partido de hoy\u201d, se arranc\u00f3 para pasarse de ah\u00ed al ingl\u00e9s). <b>\u201cHa sido una de mis mejores actuaciones. Estoy muy feliz por el nivel, muy s\u00f3lido, agresivo y centrado.<\/b> Con pocos errores en el primer set. Estoy encantado con el nivel que he ido mostrando hacia el partido por el t\u00edtulo\u201d, analiz\u00f3. <\/p>\n<p class=\"\">La final en la que Carlitos, con el n\u00famero uno a final de a\u00f1o ya asegurado por sus tres victorias en la fase de grupos, <b>buscar\u00e1 el t\u00edtulo de maestro ser\u00e1 su sexto enfrentamiento del curso contra Sinner<\/b>, al que ha derrotado en cuatro. <b>\u201cEspero que haya al menos tres o cuatro personas en la grada que me apoyen <\/b><b>(brome\u00f3 entre risas)<\/b><b>.<\/b> Va a ser muy dif\u00edcil. Estoy muy feliz de ver a Jannik en otra final, su nivel es muy, muy alto. Voy a tratar de estar muy concentrado en mi juego. S\u00e9 que tengo que jugar mi plan A si quiero ganarle\u201d, dijo. <b>El Inalpi Arena ser\u00e1 una olla a presi\u00f3n, un escenario en el que Alcaraz intentar\u00e1 aguar una fiesta italiana. <\/b><\/p>\n<p>Noticias relacionadas<\/p>\n<p class=\"\"><b>\u00a1Tus opiniones importan!<\/b> Comenta en los art\u00edculos y suscr\u00edbete gratis a nuestra <a href=\"https:\/\/asfan.as.com\/newsletters\/\" target=\"_blank\" rel=\"nofollow noopener\" title=\"https:\/\/asfan.as.com\/newsletters\/\">newsletter<\/a> y a las alertas informativas en la <a href=\"https:\/\/as.com\/aplicacion-de-as-n\/\" target=\"_blank\" rel=\"nofollow noopener\" title=\"https:\/\/as.com\/aplicacion-de-as-n\/\">App<\/a> o el canal de <a href=\"https:\/\/www.whatsapp.com\/channel\/0029VaAasdA7j6g745nz9M10\" target=\"_blank\" rel=\"nofollow noopener\" title=\"https:\/\/www.whatsapp.com\/channel\/0029VaAasdA7j6g745nz9M10\">WhatsApp<\/a>.<\/p>\n<p class=\"\">\u00bfBuscas licenciar contenido? Haz clic <a href=\"https:\/\/profesional.elpais.com\/soluciones-sindicacion?utm_medium=interno&amp;utm_source=crosslinking&amp;utm_campaign=sindicacion_as_pie_articulos\" target=\"_blank\" rel=\"nofollow noopener\" title=\"https:\/\/profesional.elpais.com\/soluciones-sindicacion?utm_medium=interno&amp;utm_source=crosslinking&amp;utm_campaign=sindicacion_as_pie_articulos\">aqu\u00ed<\/a><\/p>\n","protected":false},"excerpt":{"rendered":"La victoria de Carlos Alcaraz ante Felix Auger-Aliassime este s\u00e1bado en Tur\u00edn coloca una vez m\u00e1s al murciano&hellip;\n","protected":false},"author":2,"featured_media":238052,"comment_status":"","ping_status":"","sticky":false,"template":"","format":"standard","meta":{"footnotes":""},"categories":[274],"tags":[168,25,24,23,167,327,326],"class_list":{"0":"post-238051","1":"post","2":"type-post","3":"status-publish","4":"format-standard","5":"has-post-thumbnail","7":"category-tenis","8":"tag-deportes","9":"tag-es","10":"tag-espana","11":"tag-spain","12":"tag-sports","13":"tag-tenis","14":"tag-tennis"},"share_on_mastodon":{"url":"https:\/\/pubeurope.com\/@es\/115556057287422784","error":""},"_links":{"self":[{"href":"https:\/\/www.europesays.com\/es\/wp-json\/wp\/v2\/posts\/238051","targetHints":{"allow":["GET"]}}],"collection":[{"href":"https:\/\/www.europesays.com\/es\/wp-json\/wp\/v2\/posts"}],"about":[{"href":"https:\/\/www.europesays.com\/es\/wp-json\/wp\/v2\/types\/post"}],"author":[{"embeddable":true,"href":"https:\/\/www.europesays.com\/es\/wp-json\/wp\/v2\/users\/2"}],"replies":[{"embeddable":true,"href":"https:\/\/www.europesays.com\/es\/wp-json\/wp\/v2\/comments?post=238051"}],"version-history":[{"count":0,"href":"https:\/\/www.europesays.com\/es\/wp-json\/wp\/v2\/posts\/238051\/revisions"}],"wp:featuredmedia":[{"embeddable":true,"href":"https:\/\/www.europesays.com\/es\/wp-json\/wp\/v2\/media\/238052"}],"wp:attachment":[{"href":"https:\/\/www.europesays.com\/es\/wp-json\/wp\/v2\/media?parent=238051"}],"wp:term":[{"taxonomy":"category","embeddable":true,"href":"https:\/\/www.europesays.com\/es\/wp-json\/wp\/v2\/categories?post=238051"},{"taxonomy":"post_tag","embeddable":true,"href":"https:\/\/www.europesays.com\/es\/wp-json\/wp\/v2\/tags?post=238051"}],"curies":[{"name":"wp","href":"https:\/\/api.w.org\/{rel}","templated":true}]}}