{"id":238101,"date":"2025-11-15T23:02:08","date_gmt":"2025-11-15T23:02:08","guid":{"rendered":"https:\/\/www.europesays.com\/es\/238101\/"},"modified":"2025-11-15T23:02:08","modified_gmt":"2025-11-15T23:02:08","slug":"un-politico-italiano-tropieza-en-una-escalera-y-atraviesa-una-vidriera-en-un-palacio-en-roma","status":"publish","type":"post","link":"https:\/\/www.europesays.com\/es\/238101\/","title":{"rendered":"Un pol\u00edtico italiano tropieza en una escalera y atraviesa una vidriera en un palacio en Roma"},"content":{"rendered":"<p class=\"c-paragraph\">Un pol\u00edtico italiano ha sufrido un accidente esta semana cuando se encontraba en un palacio en <a href=\"https:\/\/www.20minutos.es\/tags\/lugares\/roma.html\" title=\"Roma\" rel=\"nofollow noopener\" target=\"_blank\">Roma<\/a> y tropez\u00f3 en una escalera, yendo a <b>chocar con una vidriera y rompi\u00e9ndola.<\/b><\/p>\n<p class=\"c-paragraph\">Los hechos ocurrieron en el <b>Palazzo Piacentini<\/b>, sede del\u00a0Ministerio de Empresas, cuando <b>Emanuele Cani<\/b>,\u00a0consejero de Industria de la Regi\u00f3n de Cerde\u00f1a, pierde el equilibrio cuando baja la escalera principal del edificio.<\/p>\n<p class=\"c-paragraph\">Cani\u00a0intenta desesperadamente recuperar el equilibrio, pero no lo consigue y se precipita hacia una vidriera, La Carta del Trabajo, una obra del artista futurista <b>Mario Sironi<\/b>. Su cabeza impacta violentamente contra el cristal, que se rompe inmediatamente tras el impacto.<\/p>\n<p class=\"c-paragraph\">Afortunadamente, Emanuele Cani no sufri\u00f3 lesiones f\u00edsicas. El pol\u00edtico expres\u00f3 su <b>\u00abprofundo pesar por los da\u00f1os\u00bb<\/b> causados por el accidente, ocurrido el mi\u00e9rcoles.<\/p>\n<p class=\"c-paragraph\">El problema es que la vidriera destruida era m\u00e1s que un simple elemento arquitect\u00f3nico; era una obra de arte instalada en 1932, cuando el edificio albergaba el <b>Ministerio de Corporaciones<\/b> fascista.<\/p>\n<p class=\"c-paragraph\">La obra representaba figuras dedicadas a diversos oficios y artes, testimonio del lenguaje iconogr\u00e1fico de la \u00e9poca. <b>Mario Sironi fue un destacado artista modernista italiano<\/b> cuya obra alcanz\u00f3 un amplio reconocimiento a principios del siglo XX. Aunque la reputaci\u00f3n de Sironi se vio posteriormente empa\u00f1ada por su apoyo al r\u00e9gimen de Mussolini, su obra sigue siendo considerada una parte importante de la historia art\u00edstica de Italia.<\/p>\n","protected":false},"excerpt":{"rendered":"Un pol\u00edtico italiano ha sufrido un accidente esta semana cuando se encontraba en un palacio en Roma y&hellip;\n","protected":false},"author":2,"featured_media":238102,"comment_status":"","ping_status":"","sticky":false,"template":"","format":"standard","meta":{"footnotes":""},"categories":[42],"tags":[17,18,13,14,11,61,62,63,64,2872,19,20,9,10,15,16,13565,12,57727,21,22,16743,20877,65,66,67],"class_list":{"0":"post-238101","1":"post","2":"type-post","3":"status-publish","4":"format-standard","5":"has-post-thumbnail","7":"category-internacional","8":"tag-breaking-news","9":"tag-breakingnews","10":"tag-featured-news","11":"tag-featurednews","12":"tag-headlines","13":"tag-internacional","14":"tag-international","15":"tag-international-news","16":"tag-internationalnews","17":"tag-italiano","18":"tag-latest-news","19":"tag-latestnews","20":"tag-news","21":"tag-noticias","22":"tag-noticias-destacadas","23":"tag-noticiasdestacadas","24":"tag-politico","25":"tag-titulares","26":"tag-tropieza","27":"tag-ultimas-noticias","28":"tag-ultimasnoticias","29":"tag-un","30":"tag-una","31":"tag-world","32":"tag-world-news","33":"tag-worldnews"},"share_on_mastodon":{"url":"https:\/\/pubeurope.com\/@es\/115556211463083439","error":""},"_links":{"self":[{"href":"https:\/\/www.europesays.com\/es\/wp-json\/wp\/v2\/posts\/238101","targetHints":{"allow":["GET"]}}],"collection":[{"href":"https:\/\/www.europesays.com\/es\/wp-json\/wp\/v2\/posts"}],"about":[{"href":"https:\/\/www.europesays.com\/es\/wp-json\/wp\/v2\/types\/post"}],"author":[{"embeddable":true,"href":"https:\/\/www.europesays.com\/es\/wp-json\/wp\/v2\/users\/2"}],"replies":[{"embeddable":true,"href":"https:\/\/www.europesays.com\/es\/wp-json\/wp\/v2\/comments?post=238101"}],"version-history":[{"count":0,"href":"https:\/\/www.europesays.com\/es\/wp-json\/wp\/v2\/posts\/238101\/revisions"}],"wp:featuredmedia":[{"embeddable":true,"href":"https:\/\/www.europesays.com\/es\/wp-json\/wp\/v2\/media\/238102"}],"wp:attachment":[{"href":"https:\/\/www.europesays.com\/es\/wp-json\/wp\/v2\/media?parent=238101"}],"wp:term":[{"taxonomy":"category","embeddable":true,"href":"https:\/\/www.europesays.com\/es\/wp-json\/wp\/v2\/categories?post=238101"},{"taxonomy":"post_tag","embeddable":true,"href":"https:\/\/www.europesays.com\/es\/wp-json\/wp\/v2\/tags?post=238101"}],"curies":[{"name":"wp","href":"https:\/\/api.w.org\/{rel}","templated":true}]}}